{"id":4898,"date":"2019-03-25T11:57:48","date_gmt":"2019-03-25T10:57:48","guid":{"rendered":"https:\/\/farolesdeforja.es\/?p=4898"},"modified":"2019-03-25T12:09:27","modified_gmt":"2019-03-25T11:09:27","slug":"los-historicos-faroles-de-la-hermandad-de-la-carreteria","status":"publish","type":"post","link":"https:\/\/farolesdeforja.es\/en\/los-historicos-faroles-de-la-hermandad-de-la-carreteria\/","title":{"rendered":"Los hist\u00f3ricos faroles de la Hermandad de la Carreter\u00eda"},"content":{"rendered":"<p>A lo largo de la Semana Santa, un gran n\u00famero de cofrad\u00edas hacen Estaci\u00f3n de Penitencia a la Catedral de Sevilla. Cada una tiene su sello e historia personal, adem\u00e1s de un rico patrimonio art\u00edstico que las hace \u00fanicas dentro de la variedad. Y, por la parte que nos toca, un patrimonio que destaca por sus espectaculares trabajos de artesan\u00eda. Dentro de nuestra secci\u00f3n cofrade, dedicaremos este nuevo post a uno de los trabajos m\u00e1s elaborados que han salido de Artesan\u00eda Salcedo: los <strong>faroles de la Hermandad de la Carreter\u00eda<\/strong>.<\/p>\n<p><img loading=\"lazy\" decoding=\"async\" class=\"alignleft wp-image-3778 size-medium\" src=\"https:\/\/farolesdeforja.es\/wp-content\/uploads\/2018\/05\/farol-carreteria-300x300.jpg\" alt=\"Farol Carreter\u00eda\" width=\"300\" height=\"300\" srcset=\"https:\/\/farolesdeforja.es\/wp-content\/uploads\/2018\/05\/farol-carreteria-300x300.jpg 300w, https:\/\/farolesdeforja.es\/wp-content\/uploads\/2018\/05\/farol-carreteria-150x150.jpg 150w, https:\/\/farolesdeforja.es\/wp-content\/uploads\/2018\/05\/farol-carreteria-768x768.jpg 768w, https:\/\/farolesdeforja.es\/wp-content\/uploads\/2018\/05\/farol-carreteria-600x600.jpg 600w, https:\/\/farolesdeforja.es\/wp-content\/uploads\/2018\/05\/farol-carreteria-100x100.jpg 100w, https:\/\/farolesdeforja.es\/wp-content\/uploads\/2018\/05\/farol-carreteria-266x266.jpg 266w, https:\/\/farolesdeforja.es\/wp-content\/uploads\/2018\/05\/farol-carreteria.jpg 800w\" sizes=\"auto, (max-width: 300px) 100vw, 300px\" \/>En realidad, de nuestros talleres salieron las peque\u00f1as r\u00e9plicas de los originales. Estos \u00faltimos guardan una historia y son un emblema para la corporaci\u00f3n sevillana. Su belleza los convierten en unos de los m\u00e1s caracter\u00edsticos que podemos encontrar en las puertas de iglesias y capillas de la ciudad.<\/p>\n<p>Dentro del sello personal que hemos mencionado antes, la Carreter\u00eda cuenta con uno de los m\u00e1s caracter\u00edsticos. <strong>Cada tarde del Viernes Santo<\/strong>, su cortejo nos recuerda otra \u00e9poca de la Semana Santa. Aires rom\u00e1nticos del siglo XIX al paso del Sant\u00edsimo Cristo de la Salud, Mar\u00eda Sant\u00edsima de la Luz y Nuestra Se\u00f1ora del Mayor Dolor en su Soledad.<\/p>\n<p>Los <a href=\"https:\/\/farolesdeforja.es\/tienda\/faroles\/faroles-de-techo\/farol-carreteria\/\">faroles de la Hermandad de la Carreter\u00eda<\/a> forman parte de esta idiosincrasia decimon\u00f3nica. Por eso, en la <strong>calle Real de la Carreter\u00eda<\/strong> son todo un s\u00edmbolo, presidiendo la entrada a su Capilla. Y, desde hace unos a\u00f1os, con dos hermanos a cada lado, iluminando los retablos cer\u00e1micos de los Titulares. Un trabajo que fue todo un reto y tuvo un resultado que nos enorgullece mostraros.<\/p>\n<div id=\"ez-toc-container\" class=\"ez-toc-v2_0_82_2 counter-hierarchy ez-toc-counter ez-toc-grey ez-toc-container-direction\">\n<p class=\"ez-toc-title\" style=\"cursor:inherit\">\u00cdndice del contenidos<\/p>\n<label for=\"ez-toc-cssicon-toggle-item-69f5f8242fa46\" class=\"ez-toc-cssicon-toggle-label\"><span class=\"\"><span class=\"eztoc-hide\" style=\"display:none;\">Toggle<\/span><span class=\"ez-toc-icon-toggle-span\"><svg style=\"fill: #999;color:#999\" xmlns=\"http:\/\/www.w3.org\/2000\/svg\" class=\"list-377408\" width=\"20px\" height=\"20px\" viewBox=\"0 0 24 24\" fill=\"none\"><path d=\"M6 6H4v2h2V6zm14 0H8v2h12V6zM4 11h2v2H4v-2zm16 0H8v2h12v-2zM4 16h2v2H4v-2zm16 0H8v2h12v-2z\" fill=\"currentColor\"><\/path><\/svg><svg style=\"fill: #999;color:#999\" class=\"arrow-unsorted-368013\" xmlns=\"http:\/\/www.w3.org\/2000\/svg\" width=\"10px\" height=\"10px\" viewBox=\"0 0 24 24\" version=\"1.2\" baseProfile=\"tiny\"><path d=\"M18.2 9.3l-6.2-6.3-6.2 6.3c-.2.2-.3.4-.3.7s.1.5.3.7c.2.2.4.3.7.3h11c.3 0 .5-.1.7-.3.2-.2.3-.5.3-.7s-.1-.5-.3-.7zM5.8 14.7l6.2 6.3 6.2-6.3c.2-.2.3-.5.3-.7s-.1-.5-.3-.7c-.2-.2-.4-.3-.7-.3h-11c-.3 0-.5.1-.7.3-.2.2-.3.5-.3.7s.1.5.3.7z\"\/><\/svg><\/span><\/span><\/label><input type=\"checkbox\"  id=\"ez-toc-cssicon-toggle-item-69f5f8242fa46\"  aria-label=\"Toggle\" \/><nav><ul class='ez-toc-list ez-toc-list-level-1 ' ><li class='ez-toc-page-1 ez-toc-heading-level-2'><a class=\"ez-toc-link ez-toc-heading-1\" href=\"https:\/\/farolesdeforja.es\/en\/los-historicos-faroles-de-la-hermandad-de-la-carreteria\/#El_origen_en_el_Bazar_Sevillano\" >El origen en el Bazar Sevillano<\/a><\/li><li class='ez-toc-page-1 ez-toc-heading-level-2'><a class=\"ez-toc-link ez-toc-heading-2\" href=\"https:\/\/farolesdeforja.es\/en\/los-historicos-faroles-de-la-hermandad-de-la-carreteria\/#Las_replicas_de_los_faroles_de_la_Hermandad_de_la_Carreteria\" >Las r\u00e9plicas de los faroles de la Hermandad de la Carreter\u00eda<\/a><\/li><\/ul><\/nav><\/div>\n<h2><span class=\"ez-toc-section\" id=\"El_origen_en_el_Bazar_Sevillano\"><\/span>El origen en el Bazar Sevillano<span class=\"ez-toc-section-end\"><\/span><\/h2>\n<p><img loading=\"lazy\" decoding=\"async\" class=\"size-medium wp-image-4905 alignright\" src=\"https:\/\/farolesdeforja.es\/wp-content\/uploads\/2019\/03\/bazar-sevillano-300x195.jpg\" alt=\"Bazar Sevillano\" width=\"300\" height=\"195\" srcset=\"https:\/\/farolesdeforja.es\/wp-content\/uploads\/2019\/03\/bazar-sevillano-300x195.jpg 300w, https:\/\/farolesdeforja.es\/wp-content\/uploads\/2019\/03\/bazar-sevillano-600x390.jpg 600w, https:\/\/farolesdeforja.es\/wp-content\/uploads\/2019\/03\/bazar-sevillano.jpg 625w\" sizes=\"auto, (max-width: 300px) 100vw, 300px\" \/>Antes de llegar al barrio del Arenal, estos faroles tuvieron su primera ubicaci\u00f3n en el <strong>antiguo Bazar Sevillano de la calle Tetu\u00e1n<\/strong>. Este comercio se encontraba junto al tambi\u00e9n desaparecido Teatro San Fernando. Ambos pasaron por la piqueta y los faroles acabaron en el almac\u00e9n de la empresa de derribos.<\/p>\n<p>Seg\u00fan cuenta Julio Dom\u00ednguez Arjona en su blog &#8220;La Sevilla que no vemos&#8221;, la <strong>Hermandad de la Carreter\u00eda<\/strong> fue al citado almac\u00e9n y compr\u00f3 cada farol por <strong>5000 pesetas<\/strong> de la \u00e9poca. La originalidad del dise\u00f1o le ha dado ese car\u00e1cter ic\u00f3nico a la entrada del templo.<\/p>\n<h2><span class=\"ez-toc-section\" id=\"Las_replicas_de_los_faroles_de_la_Hermandad_de_la_Carreteria\"><\/span>Las r\u00e9plicas de los faroles de la Hermandad de la Carreter\u00eda<span class=\"ez-toc-section-end\"><\/span><\/h2>\n<p><img loading=\"lazy\" decoding=\"async\" class=\"size-medium wp-image-4906 alignleft\" src=\"https:\/\/farolesdeforja.es\/wp-content\/uploads\/2019\/03\/ssanta-carrteria-169x300.jpg\" alt=\"Hermandad de la Carreter\u00eda\" width=\"169\" height=\"300\" srcset=\"https:\/\/farolesdeforja.es\/wp-content\/uploads\/2019\/03\/ssanta-carrteria-169x300.jpg 169w, https:\/\/farolesdeforja.es\/wp-content\/uploads\/2019\/03\/ssanta-carrteria.jpg 525w\" sizes=\"auto, (max-width: 169px) 100vw, 169px\" \/>Dada la repercusi\u00f3n que tienen, la Junta de Gobierno decidi\u00f3 hace poco realizar unas copias de tama\u00f1o m\u00e1s peque\u00f1o para los retablos de la fachada. La tarea no era f\u00e1cil por la <strong>extraordinaria complejidad del dise\u00f1o<\/strong>. De hecho, varios talleres hab\u00edan rechazado hacerlo por lo mismo.<\/p>\n<p>En <strong>Artesan\u00eda Salcedo<\/strong> decidimos aceptar el encargo y no nos arrepentimos. El resultado fue uno de los m\u00e1s bonitos que hemos realizado. Por eso, cada vez que pasamos por la antigua calle Varflora nos enorgullece ver all\u00ed nuestros faroles, como expresi\u00f3n art\u00edstica de una de las cofrad\u00edas m\u00e1s se\u00f1eras de Sevilla.<\/p>\n<p>Los <strong>faroles de la Hermandad de la Carreter\u00eda<\/strong> no es nuestra \u00fanica presencia en la Semana Santa. Hemos ejecutado m\u00e1s<strong> <a href=\"https:\/\/farolesdeforja.es\/salcedo-en-las-hermandades-y-cofradias\/\">trabajos de artesan\u00eda para cofrad\u00edas<\/a><\/strong>\u00a0que seguiremos presentando durante estas semanas de Cuaresma.<\/p>\n","protected":false},"excerpt":{"rendered":"<p>A lo largo de la Semana Santa, un gran n\u00famero de cofrad\u00edas hacen Estaci\u00f3n de Penitencia a la Catedral de Sevilla. Cada una tiene su sello e historia personal, adem\u00e1s de un rico patrimonio art\u00edstico que las hace \u00fanicas dentro de la variedad. Y, por la parte que nos toca, un patrimonio que destaca por [&hellip;]<\/p>\n","protected":false},"author":1,"featured_media":4904,"comment_status":"open","ping_status":"open","sticky":false,"template":"","format":"standard","meta":{"inline_featured_image":false,"_uag_custom_page_level_css":"","site-sidebar-layout":"default","site-content-layout":"","ast-site-content-layout":"default","site-content-style":"default","site-sidebar-style":"default","ast-global-header-display":"","ast-banner-title-visibility":"","ast-main-header-display":"","ast-hfb-above-header-display":"","ast-hfb-below-header-display":"","ast-hfb-mobile-header-display":"","site-post-title":"","ast-breadcrumbs-content":"","ast-featured-img":"","footer-sml-layout":"","ast-disable-related-posts":"","theme-transparent-header-meta":"","adv-header-id-meta":"","stick-header-meta":"","header-above-stick-meta":"","header-main-stick-meta":"","header-below-stick-meta":"","astra-migrate-meta-layouts":"default","ast-page-background-enabled":"default","ast-page-background-meta":{"desktop":{"background-color":"var(--ast-global-color-4)","background-image":"","background-repeat":"repeat","background-position":"center center","background-size":"auto","background-attachment":"scroll","background-type":"","background-media":"","overlay-type":"","overlay-color":"","overlay-opacity":"","overlay-gradient":""},"tablet":{"background-color":"","background-image":"","background-repeat":"repeat","background-position":"center center","background-size":"auto","background-attachment":"scroll","background-type":"","background-media":"","overlay-type":"","overlay-color":"","overlay-opacity":"","overlay-gradient":""},"mobile":{"background-color":"","background-image":"","background-repeat":"repeat","background-position":"center center","background-size":"auto","background-attachment":"scroll","background-type":"","background-media":"","overlay-type":"","overlay-color":"","overlay-opacity":"","overlay-gradient":""}},"ast-content-background-meta":{"desktop":{"background-color":"var(--ast-global-color-5)","background-image":"","background-repeat":"repeat","background-position":"center center","background-size":"auto","background-attachment":"scroll","background-type":"","background-media":"","overlay-type":"","overlay-color":"","overlay-opacity":"","overlay-gradient":""},"tablet":{"background-color":"var(--ast-global-color-5)","background-image":"","background-repeat":"repeat","background-position":"center center","background-size":"auto","background-attachment":"scroll","background-type":"","background-media":"","overlay-type":"","overlay-color":"","overlay-opacity":"","overlay-gradient":""},"mobile":{"background-color":"var(--ast-global-color-5)","background-image":"","background-repeat":"repeat","background-position":"center center","background-size":"auto","background-attachment":"scroll","background-type":"","background-media":"","overlay-type":"","overlay-color":"","overlay-opacity":"","overlay-gradient":""}},"footnotes":""},"categories":[101,113,161],"tags":[99,167,166,154],"class_list":["post-4898","post","type-post","status-publish","format-standard","has-post-thumbnail","hentry","category-forja-artistica","category-salcedo-en","category-semana-santa","tag-faroles-de-forja","tag-faroles-de-la-hermandad-de-la-carreteria","tag-hermandad-de-la-carreteria","tag-semana-santa"],"yoast_head":"<!-- This site is optimized with the Yoast SEO plugin v27.4 - https:\/\/yoast.com\/product\/yoast-seo-wordpress\/ -->\n<title>Los hist\u00f3ricos faroles de la Hermandad de la Carreter\u00eda | Faroles de forja y Mobiliario de forja art\u00edstica | Artesan\u00eda Salcedo Sevilla<\/title>\n<meta name=\"description\" content=\"Entre nuestros trabajos destacados se encuentran las r\u00e9plicas de los faroles de la Hermandad de la Carreter\u00eda, cuya historia os contamos.\" \/>\n<meta name=\"robots\" content=\"index, follow, max-snippet:-1, max-image-preview:large, max-video-preview:-1\" \/>\n<link rel=\"canonical\" href=\"https:\/\/farolesdeforja.es\/en\/los-historicos-faroles-de-la-hermandad-de-la-carreteria\/\" \/>\n<meta property=\"og:locale\" content=\"en_US\" \/>\n<meta property=\"og:type\" content=\"article\" \/>\n<meta property=\"og:title\" content=\"Los hist\u00f3ricos faroles de la Hermandad de la Carreter\u00eda | Faroles de forja y Mobiliario de forja art\u00edstica | Artesan\u00eda Salcedo Sevilla\" \/>\n<meta property=\"og:description\" content=\"Entre nuestros trabajos destacados se encuentran las r\u00e9plicas de los faroles de la Hermandad de la Carreter\u00eda, cuya historia os contamos.\" \/>\n<meta property=\"og:url\" content=\"https:\/\/farolesdeforja.es\/en\/los-historicos-faroles-de-la-hermandad-de-la-carreteria\/\" \/>\n<meta property=\"og:site_name\" content=\"Faroles de forja y Mobiliario de forja art\u00edstica | Artesan\u00eda Salcedo Sevilla\" \/>\n<meta property=\"article:publisher\" content=\"https:\/\/www.facebook.com\/salcedosevilla\" \/>\n<meta property=\"article:published_time\" content=\"2019-03-25T10:57:48+00:00\" \/>\n<meta property=\"article:modified_time\" content=\"2019-03-25T11:09:27+00:00\" \/>\n<meta property=\"og:image\" content=\"https:\/\/farolesdeforja.es\/wp-content\/uploads\/2019\/03\/faroles-hermandad-de-la-carreteria.jpg\" \/>\n\t<meta property=\"og:image:width\" content=\"960\" \/>\n\t<meta property=\"og:image:height\" content=\"720\" \/>\n\t<meta property=\"og:image:type\" content=\"image\/jpeg\" \/>\n<meta name=\"author\" content=\"Salcedo artesan\u00eda\" \/>\n<meta name=\"twitter:card\" content=\"summary_large_image\" \/>\n<meta name=\"twitter:label1\" content=\"Written by\" \/>\n\t<meta name=\"twitter:data1\" content=\"Salcedo artesan\u00eda\" \/>\n\t<meta name=\"twitter:label2\" content=\"Est. reading time\" \/>\n\t<meta name=\"twitter:data2\" content=\"3 minutes\" \/>\n<script type=\"application\/ld+json\" class=\"yoast-schema-graph\">{\"@context\":\"https:\\\/\\\/schema.org\",\"@graph\":[{\"@type\":\"Article\",\"@id\":\"https:\\\/\\\/farolesdeforja.es\\\/en\\\/los-historicos-faroles-de-la-hermandad-de-la-carreteria\\\/#article\",\"isPartOf\":{\"@id\":\"https:\\\/\\\/farolesdeforja.es\\\/en\\\/los-historicos-faroles-de-la-hermandad-de-la-carreteria\\\/\"},\"author\":{\"name\":\"Salcedo artesan\u00eda\",\"@id\":\"https:\\\/\\\/farolesdeforja.es\\\/en\\\/#\\\/schema\\\/person\\\/185596d815bcbc7cda6427e9ad4b8b6f\"},\"headline\":\"Los hist\u00f3ricos faroles de la Hermandad de la Carreter\u00eda\",\"datePublished\":\"2019-03-25T10:57:48+00:00\",\"dateModified\":\"2019-03-25T11:09:27+00:00\",\"mainEntityOfPage\":{\"@id\":\"https:\\\/\\\/farolesdeforja.es\\\/en\\\/los-historicos-faroles-de-la-hermandad-de-la-carreteria\\\/\"},\"wordCount\":577,\"commentCount\":0,\"publisher\":{\"@id\":\"https:\\\/\\\/farolesdeforja.es\\\/en\\\/#organization\"},\"image\":{\"@id\":\"https:\\\/\\\/farolesdeforja.es\\\/en\\\/los-historicos-faroles-de-la-hermandad-de-la-carreteria\\\/#primaryimage\"},\"thumbnailUrl\":\"https:\\\/\\\/farolesdeforja.es\\\/wp-content\\\/uploads\\\/2019\\\/03\\\/faroles-hermandad-de-la-carreteria.jpg\",\"keywords\":[\"faroles de forja\",\"faroles de la hermandad de la carreter\u00eda\",\"hermandad de la carreter\u00eda\",\"semana santa\"],\"articleSection\":[\"Forja art\u00edstica\",\"Salcedo en...\",\"Semana Santa\"],\"inLanguage\":\"en-US\"},{\"@type\":\"WebPage\",\"@id\":\"https:\\\/\\\/farolesdeforja.es\\\/en\\\/los-historicos-faroles-de-la-hermandad-de-la-carreteria\\\/\",\"url\":\"https:\\\/\\\/farolesdeforja.es\\\/en\\\/los-historicos-faroles-de-la-hermandad-de-la-carreteria\\\/\",\"name\":\"Los hist\u00f3ricos faroles de la Hermandad de la Carreter\u00eda | Faroles de forja y Mobiliario de forja art\u00edstica | Artesan\u00eda Salcedo Sevilla\",\"isPartOf\":{\"@id\":\"https:\\\/\\\/farolesdeforja.es\\\/en\\\/#website\"},\"primaryImageOfPage\":{\"@id\":\"https:\\\/\\\/farolesdeforja.es\\\/en\\\/los-historicos-faroles-de-la-hermandad-de-la-carreteria\\\/#primaryimage\"},\"image\":{\"@id\":\"https:\\\/\\\/farolesdeforja.es\\\/en\\\/los-historicos-faroles-de-la-hermandad-de-la-carreteria\\\/#primaryimage\"},\"thumbnailUrl\":\"https:\\\/\\\/farolesdeforja.es\\\/wp-content\\\/uploads\\\/2019\\\/03\\\/faroles-hermandad-de-la-carreteria.jpg\",\"datePublished\":\"2019-03-25T10:57:48+00:00\",\"dateModified\":\"2019-03-25T11:09:27+00:00\",\"description\":\"Entre nuestros trabajos destacados se encuentran las r\u00e9plicas de los faroles de la Hermandad de la Carreter\u00eda, cuya historia os contamos.\",\"breadcrumb\":{\"@id\":\"https:\\\/\\\/farolesdeforja.es\\\/en\\\/los-historicos-faroles-de-la-hermandad-de-la-carreteria\\\/#breadcrumb\"},\"inLanguage\":\"en-US\",\"potentialAction\":[{\"@type\":\"ReadAction\",\"target\":[\"https:\\\/\\\/farolesdeforja.es\\\/en\\\/los-historicos-faroles-de-la-hermandad-de-la-carreteria\\\/\"]}]},{\"@type\":\"ImageObject\",\"inLanguage\":\"en-US\",\"@id\":\"https:\\\/\\\/farolesdeforja.es\\\/en\\\/los-historicos-faroles-de-la-hermandad-de-la-carreteria\\\/#primaryimage\",\"url\":\"https:\\\/\\\/farolesdeforja.es\\\/wp-content\\\/uploads\\\/2019\\\/03\\\/faroles-hermandad-de-la-carreteria.jpg\",\"contentUrl\":\"https:\\\/\\\/farolesdeforja.es\\\/wp-content\\\/uploads\\\/2019\\\/03\\\/faroles-hermandad-de-la-carreteria.jpg\",\"width\":960,\"height\":720,\"caption\":\"Faroles artesanales para hermandades\"},{\"@type\":\"BreadcrumbList\",\"@id\":\"https:\\\/\\\/farolesdeforja.es\\\/en\\\/los-historicos-faroles-de-la-hermandad-de-la-carreteria\\\/#breadcrumb\",\"itemListElement\":[{\"@type\":\"ListItem\",\"position\":1,\"name\":\"Inicio\",\"item\":\"https:\\\/\\\/farolesdeforja.es\\\/en\\\/\"},{\"@type\":\"ListItem\",\"position\":2,\"name\":\"Los hist\u00f3ricos faroles de la Hermandad de la Carreter\u00eda\"}]},{\"@type\":\"WebSite\",\"@id\":\"https:\\\/\\\/farolesdeforja.es\\\/en\\\/#website\",\"url\":\"https:\\\/\\\/farolesdeforja.es\\\/en\\\/\",\"name\":\"Faroles de forja y Mobiliario de forja art\u00edstica | Artesan\u00eda Salcedo Sevilla\",\"description\":\"Faroles de forja y mobiliario fabricados de forma artesanal desde 1971. Artesan\u00eda Salcedo es referente en forja art\u00edstica en Sevilla. Compra online de faroles de forja y env\u00edo GRATIS en casi todos los art\u00edculos \u00a1Personalizamos cualquier pieza!\",\"publisher\":{\"@id\":\"https:\\\/\\\/farolesdeforja.es\\\/en\\\/#organization\"},\"alternateName\":\"Salcedo Sevilla\",\"potentialAction\":[{\"@type\":\"SearchAction\",\"target\":{\"@type\":\"EntryPoint\",\"urlTemplate\":\"https:\\\/\\\/farolesdeforja.es\\\/en\\\/?s={search_term_string}\"},\"query-input\":{\"@type\":\"PropertyValueSpecification\",\"valueRequired\":true,\"valueName\":\"search_term_string\"}}],\"inLanguage\":\"en-US\"},{\"@type\":\"Organization\",\"@id\":\"https:\\\/\\\/farolesdeforja.es\\\/en\\\/#organization\",\"name\":\"Salcedo Sevilla\",\"url\":\"https:\\\/\\\/farolesdeforja.es\\\/en\\\/\",\"logo\":{\"@type\":\"ImageObject\",\"inLanguage\":\"en-US\",\"@id\":\"https:\\\/\\\/farolesdeforja.es\\\/en\\\/#\\\/schema\\\/logo\\\/image\\\/\",\"url\":\"https:\\\/\\\/farolesdeforja.es\\\/wp-content\\\/uploads\\\/2018\\\/04\\\/cropped-favicon.png\",\"contentUrl\":\"https:\\\/\\\/farolesdeforja.es\\\/wp-content\\\/uploads\\\/2018\\\/04\\\/cropped-favicon.png\",\"width\":512,\"height\":512,\"caption\":\"Salcedo Sevilla\"},\"image\":{\"@id\":\"https:\\\/\\\/farolesdeforja.es\\\/en\\\/#\\\/schema\\\/logo\\\/image\\\/\"},\"sameAs\":[\"https:\\\/\\\/www.facebook.com\\\/salcedosevilla\",\"https:\\\/\\\/www.instagram.com\\\/farolesdeforja\\\/\",\"https:\\\/\\\/www.pinterest.com\\\/Farolesdeforja\\\/\"]},{\"@type\":\"Person\",\"@id\":\"https:\\\/\\\/farolesdeforja.es\\\/en\\\/#\\\/schema\\\/person\\\/185596d815bcbc7cda6427e9ad4b8b6f\",\"name\":\"Salcedo artesan\u00eda\",\"image\":{\"@type\":\"ImageObject\",\"inLanguage\":\"en-US\",\"@id\":\"https:\\\/\\\/secure.gravatar.com\\\/avatar\\\/af0373de48c8f9f53bceda0eebe2f6e70f9d33d141bdb4966578d880b0105244?s=96&d=mm&r=g\",\"url\":\"https:\\\/\\\/secure.gravatar.com\\\/avatar\\\/af0373de48c8f9f53bceda0eebe2f6e70f9d33d141bdb4966578d880b0105244?s=96&d=mm&r=g\",\"contentUrl\":\"https:\\\/\\\/secure.gravatar.com\\\/avatar\\\/af0373de48c8f9f53bceda0eebe2f6e70f9d33d141bdb4966578d880b0105244?s=96&d=mm&r=g\",\"caption\":\"Salcedo artesan\u00eda\"}}]}<\/script>\n<!-- \/ Yoast SEO plugin. -->","yoast_head_json":{"title":"Los hist\u00f3ricos faroles de la Hermandad de la Carreter\u00eda | Faroles de forja y Mobiliario de forja art\u00edstica | Artesan\u00eda Salcedo Sevilla","description":"Entre nuestros trabajos destacados se encuentran las r\u00e9plicas de los faroles de la Hermandad de la Carreter\u00eda, cuya historia os contamos.","robots":{"index":"index","follow":"follow","max-snippet":"max-snippet:-1","max-image-preview":"max-image-preview:large","max-video-preview":"max-video-preview:-1"},"canonical":"https:\/\/farolesdeforja.es\/en\/los-historicos-faroles-de-la-hermandad-de-la-carreteria\/","og_locale":"en_US","og_type":"article","og_title":"Los hist\u00f3ricos faroles de la Hermandad de la Carreter\u00eda | Faroles de forja y Mobiliario de forja art\u00edstica | Artesan\u00eda Salcedo Sevilla","og_description":"Entre nuestros trabajos destacados se encuentran las r\u00e9plicas de los faroles de la Hermandad de la Carreter\u00eda, cuya historia os contamos.","og_url":"https:\/\/farolesdeforja.es\/en\/los-historicos-faroles-de-la-hermandad-de-la-carreteria\/","og_site_name":"Faroles de forja y Mobiliario de forja art\u00edstica | Artesan\u00eda Salcedo Sevilla","article_publisher":"https:\/\/www.facebook.com\/salcedosevilla","article_published_time":"2019-03-25T10:57:48+00:00","article_modified_time":"2019-03-25T11:09:27+00:00","og_image":[{"width":960,"height":720,"url":"https:\/\/farolesdeforja.es\/wp-content\/uploads\/2019\/03\/faroles-hermandad-de-la-carreteria.jpg","type":"image\/jpeg"}],"author":"Salcedo artesan\u00eda","twitter_card":"summary_large_image","twitter_misc":{"Written by":"Salcedo artesan\u00eda","Est. reading time":"3 minutes"},"schema":{"@context":"https:\/\/schema.org","@graph":[{"@type":"Article","@id":"https:\/\/farolesdeforja.es\/en\/los-historicos-faroles-de-la-hermandad-de-la-carreteria\/#article","isPartOf":{"@id":"https:\/\/farolesdeforja.es\/en\/los-historicos-faroles-de-la-hermandad-de-la-carreteria\/"},"author":{"name":"Salcedo artesan\u00eda","@id":"https:\/\/farolesdeforja.es\/en\/#\/schema\/person\/185596d815bcbc7cda6427e9ad4b8b6f"},"headline":"Los hist\u00f3ricos faroles de la Hermandad de la Carreter\u00eda","datePublished":"2019-03-25T10:57:48+00:00","dateModified":"2019-03-25T11:09:27+00:00","mainEntityOfPage":{"@id":"https:\/\/farolesdeforja.es\/en\/los-historicos-faroles-de-la-hermandad-de-la-carreteria\/"},"wordCount":577,"commentCount":0,"publisher":{"@id":"https:\/\/farolesdeforja.es\/en\/#organization"},"image":{"@id":"https:\/\/farolesdeforja.es\/en\/los-historicos-faroles-de-la-hermandad-de-la-carreteria\/#primaryimage"},"thumbnailUrl":"https:\/\/farolesdeforja.es\/wp-content\/uploads\/2019\/03\/faroles-hermandad-de-la-carreteria.jpg","keywords":["faroles de forja","faroles de la hermandad de la carreter\u00eda","hermandad de la carreter\u00eda","semana santa"],"articleSection":["Forja art\u00edstica","Salcedo en...","Semana Santa"],"inLanguage":"en-US"},{"@type":"WebPage","@id":"https:\/\/farolesdeforja.es\/en\/los-historicos-faroles-de-la-hermandad-de-la-carreteria\/","url":"https:\/\/farolesdeforja.es\/en\/los-historicos-faroles-de-la-hermandad-de-la-carreteria\/","name":"Los hist\u00f3ricos faroles de la Hermandad de la Carreter\u00eda | Faroles de forja y Mobiliario de forja art\u00edstica | Artesan\u00eda Salcedo Sevilla","isPartOf":{"@id":"https:\/\/farolesdeforja.es\/en\/#website"},"primaryImageOfPage":{"@id":"https:\/\/farolesdeforja.es\/en\/los-historicos-faroles-de-la-hermandad-de-la-carreteria\/#primaryimage"},"image":{"@id":"https:\/\/farolesdeforja.es\/en\/los-historicos-faroles-de-la-hermandad-de-la-carreteria\/#primaryimage"},"thumbnailUrl":"https:\/\/farolesdeforja.es\/wp-content\/uploads\/2019\/03\/faroles-hermandad-de-la-carreteria.jpg","datePublished":"2019-03-25T10:57:48+00:00","dateModified":"2019-03-25T11:09:27+00:00","description":"Entre nuestros trabajos destacados se encuentran las r\u00e9plicas de los faroles de la Hermandad de la Carreter\u00eda, cuya historia os contamos.","breadcrumb":{"@id":"https:\/\/farolesdeforja.es\/en\/los-historicos-faroles-de-la-hermandad-de-la-carreteria\/#breadcrumb"},"inLanguage":"en-US","potentialAction":[{"@type":"ReadAction","target":["https:\/\/farolesdeforja.es\/en\/los-historicos-faroles-de-la-hermandad-de-la-carreteria\/"]}]},{"@type":"ImageObject","inLanguage":"en-US","@id":"https:\/\/farolesdeforja.es\/en\/los-historicos-faroles-de-la-hermandad-de-la-carreteria\/#primaryimage","url":"https:\/\/farolesdeforja.es\/wp-content\/uploads\/2019\/03\/faroles-hermandad-de-la-carreteria.jpg","contentUrl":"https:\/\/farolesdeforja.es\/wp-content\/uploads\/2019\/03\/faroles-hermandad-de-la-carreteria.jpg","width":960,"height":720,"caption":"Faroles artesanales para hermandades"},{"@type":"BreadcrumbList","@id":"https:\/\/farolesdeforja.es\/en\/los-historicos-faroles-de-la-hermandad-de-la-carreteria\/#breadcrumb","itemListElement":[{"@type":"ListItem","position":1,"name":"Inicio","item":"https:\/\/farolesdeforja.es\/en\/"},{"@type":"ListItem","position":2,"name":"Los hist\u00f3ricos faroles de la Hermandad de la Carreter\u00eda"}]},{"@type":"WebSite","@id":"https:\/\/farolesdeforja.es\/en\/#website","url":"https:\/\/farolesdeforja.es\/en\/","name":"Faroles de forja y Mobiliario de forja art\u00edstica | Artesan\u00eda Salcedo Sevilla","description":"Faroles de forja y mobiliario fabricados de forma artesanal desde 1971. Artesan\u00eda Salcedo es referente en forja art\u00edstica en Sevilla. Compra online de faroles de forja y env\u00edo GRATIS en casi todos los art\u00edculos \u00a1Personalizamos cualquier pieza!","publisher":{"@id":"https:\/\/farolesdeforja.es\/en\/#organization"},"alternateName":"Salcedo Sevilla","potentialAction":[{"@type":"SearchAction","target":{"@type":"EntryPoint","urlTemplate":"https:\/\/farolesdeforja.es\/en\/?s={search_term_string}"},"query-input":{"@type":"PropertyValueSpecification","valueRequired":true,"valueName":"search_term_string"}}],"inLanguage":"en-US"},{"@type":"Organization","@id":"https:\/\/farolesdeforja.es\/en\/#organization","name":"Salcedo Sevilla","url":"https:\/\/farolesdeforja.es\/en\/","logo":{"@type":"ImageObject","inLanguage":"en-US","@id":"https:\/\/farolesdeforja.es\/en\/#\/schema\/logo\/image\/","url":"https:\/\/farolesdeforja.es\/wp-content\/uploads\/2018\/04\/cropped-favicon.png","contentUrl":"https:\/\/farolesdeforja.es\/wp-content\/uploads\/2018\/04\/cropped-favicon.png","width":512,"height":512,"caption":"Salcedo Sevilla"},"image":{"@id":"https:\/\/farolesdeforja.es\/en\/#\/schema\/logo\/image\/"},"sameAs":["https:\/\/www.facebook.com\/salcedosevilla","https:\/\/www.instagram.com\/farolesdeforja\/","https:\/\/www.pinterest.com\/Farolesdeforja\/"]},{"@type":"Person","@id":"https:\/\/farolesdeforja.es\/en\/#\/schema\/person\/185596d815bcbc7cda6427e9ad4b8b6f","name":"Salcedo artesan\u00eda","image":{"@type":"ImageObject","inLanguage":"en-US","@id":"https:\/\/secure.gravatar.com\/avatar\/af0373de48c8f9f53bceda0eebe2f6e70f9d33d141bdb4966578d880b0105244?s=96&d=mm&r=g","url":"https:\/\/secure.gravatar.com\/avatar\/af0373de48c8f9f53bceda0eebe2f6e70f9d33d141bdb4966578d880b0105244?s=96&d=mm&r=g","contentUrl":"https:\/\/secure.gravatar.com\/avatar\/af0373de48c8f9f53bceda0eebe2f6e70f9d33d141bdb4966578d880b0105244?s=96&d=mm&r=g","caption":"Salcedo artesan\u00eda"}}]}},"uagb_featured_image_src":{"full":["https:\/\/farolesdeforja.es\/wp-content\/uploads\/2019\/03\/faroles-hermandad-de-la-carreteria.jpg",960,720,false],"thumbnail":["https:\/\/farolesdeforja.es\/wp-content\/uploads\/2019\/03\/faroles-hermandad-de-la-carreteria-150x150.jpg",150,150,true],"medium":["https:\/\/farolesdeforja.es\/wp-content\/uploads\/2019\/03\/faroles-hermandad-de-la-carreteria-300x225.jpg",300,225,true],"medium_large":["https:\/\/farolesdeforja.es\/wp-content\/uploads\/2019\/03\/faroles-hermandad-de-la-carreteria-768x576.jpg",768,576,true],"large":["https:\/\/farolesdeforja.es\/wp-content\/uploads\/2019\/03\/faroles-hermandad-de-la-carreteria.jpg",960,720,false],"1536x1536":["https:\/\/farolesdeforja.es\/wp-content\/uploads\/2019\/03\/faroles-hermandad-de-la-carreteria.jpg",960,720,false],"2048x2048":["https:\/\/farolesdeforja.es\/wp-content\/uploads\/2019\/03\/faroles-hermandad-de-la-carreteria.jpg",960,720,false],"bdpp-medium":["https:\/\/farolesdeforja.es\/wp-content\/uploads\/2019\/03\/faroles-hermandad-de-la-carreteria.jpg",640,480,false],"woocommerce_thumbnail":["https:\/\/farolesdeforja.es\/wp-content\/uploads\/2019\/03\/faroles-hermandad-de-la-carreteria-300x300.jpg",300,300,true],"woocommerce_single":["https:\/\/farolesdeforja.es\/wp-content\/uploads\/2019\/03\/faroles-hermandad-de-la-carreteria-600x450.jpg",600,450,true],"woocommerce_gallery_thumbnail":["https:\/\/farolesdeforja.es\/wp-content\/uploads\/2019\/03\/faroles-hermandad-de-la-carreteria-100x100.jpg",100,100,true]},"uagb_author_info":{"display_name":"Salcedo artesan\u00eda","author_link":"https:\/\/farolesdeforja.es\/en\/author\/businessgo\/"},"uagb_comment_info":0,"uagb_excerpt":"A lo largo de la Semana Santa, un gran n\u00famero de cofrad\u00edas hacen Estaci\u00f3n de Penitencia a la Catedral de Sevilla. Cada una tiene su sello e historia personal, adem\u00e1s de un rico patrimonio art\u00edstico que las hace \u00fanicas dentro de la variedad. Y, por la parte que nos toca, un patrimonio que destaca por&hellip;","_links":{"self":[{"href":"https:\/\/farolesdeforja.es\/en\/wp-json\/wp\/v2\/posts\/4898","targetHints":{"allow":["GET"]}}],"collection":[{"href":"https:\/\/farolesdeforja.es\/en\/wp-json\/wp\/v2\/posts"}],"about":[{"href":"https:\/\/farolesdeforja.es\/en\/wp-json\/wp\/v2\/types\/post"}],"author":[{"embeddable":true,"href":"https:\/\/farolesdeforja.es\/en\/wp-json\/wp\/v2\/users\/1"}],"replies":[{"embeddable":true,"href":"https:\/\/farolesdeforja.es\/en\/wp-json\/wp\/v2\/comments?post=4898"}],"version-history":[{"count":0,"href":"https:\/\/farolesdeforja.es\/en\/wp-json\/wp\/v2\/posts\/4898\/revisions"}],"wp:featuredmedia":[{"embeddable":true,"href":"https:\/\/farolesdeforja.es\/en\/wp-json\/wp\/v2\/media\/4904"}],"wp:attachment":[{"href":"https:\/\/farolesdeforja.es\/en\/wp-json\/wp\/v2\/media?parent=4898"}],"wp:term":[{"taxonomy":"category","embeddable":true,"href":"https:\/\/farolesdeforja.es\/en\/wp-json\/wp\/v2\/categories?post=4898"},{"taxonomy":"post_tag","embeddable":true,"href":"https:\/\/farolesdeforja.es\/en\/wp-json\/wp\/v2\/tags?post=4898"}],"curies":[{"name":"wp","href":"https:\/\/api.w.org\/{rel}","templated":true}]}}