{"id":4498,"date":"2019-03-15T13:41:43","date_gmt":"2019-03-15T12:41:43","guid":{"rendered":"https:\/\/farolesdeforja.es\/?p=4498"},"modified":"2024-02-06T08:47:27","modified_gmt":"2024-02-06T07:47:27","slug":"salcedo-en-las-hermandades-y-cofradias","status":"publish","type":"post","link":"https:\/\/farolesdeforja.es\/en\/salcedo-en-las-hermandades-y-cofradias\/","title":{"rendered":"Salcedo en&#8230; las hermandades y cofrad\u00edas"},"content":{"rendered":"<p>Pues ya falta menos de un mes. Todos sabemos bien para qu\u00e9&#8230; La Semana Santa se acerca y en Artesan\u00eda Salcedo nos estamos poniendo a punto durante la Cuaresma. Tenemos disponible un variado cat\u00e1logo de <strong><a href=\"https:\/\/farolesdeforja.es\/faroles-procesionales-para-semana-santa\/\">faroles procesionales<\/a><\/strong>. Aut\u00e9nticos productos artesanales para engrandecer a\u00fan m\u00e1s los patrimonios de las hermandades y cofrad\u00edas de cualquier punto de Espa\u00f1a.<\/p>\n<p>Nuestros trabajos son perfectos tanto para ir sobre un paso como acompa\u00f1ando a cualquier insignia. Incluso para abrir el camino de los tramos. La forja siempre ha sido muy com\u00fan en el mundo cofrade en diversos aspectos. Y no solo durante los d\u00edas grandes, tambi\u00e9n el resto del a\u00f1o. Muchas son las iglesias decoradas con <strong>faroles y candelabros<\/strong> de este tipo en sus fachadas.<\/p>\n<p>En todos estos \u00e1mbitos, <strong>Artesan\u00eda Salcedo<\/strong> ha dejado su sello. Nos caracteriza el compromiso por las tradiciones de nuestra tierra. Por eso trabajamos para aportar nuestro granito de arena en la Semana Santa. Durante estas semanas, iremos presentando algunas de nuestras obras m\u00e1s destacadas para hermandades y cofrad\u00edas.<\/p>\n<div id=\"ez-toc-container\" class=\"ez-toc-v2_0_82_2 counter-hierarchy ez-toc-counter ez-toc-grey ez-toc-container-direction\">\n<p class=\"ez-toc-title\" style=\"cursor:inherit\">\u00cdndice del contenidos<\/p>\n<label for=\"ez-toc-cssicon-toggle-item-69f50566f1bd8\" class=\"ez-toc-cssicon-toggle-label\"><span class=\"\"><span class=\"eztoc-hide\" style=\"display:none;\">Toggle<\/span><span class=\"ez-toc-icon-toggle-span\"><svg style=\"fill: #999;color:#999\" xmlns=\"http:\/\/www.w3.org\/2000\/svg\" class=\"list-377408\" width=\"20px\" height=\"20px\" viewBox=\"0 0 24 24\" fill=\"none\"><path d=\"M6 6H4v2h2V6zm14 0H8v2h12V6zM4 11h2v2H4v-2zm16 0H8v2h12v-2zM4 16h2v2H4v-2zm16 0H8v2h12v-2z\" fill=\"currentColor\"><\/path><\/svg><svg style=\"fill: #999;color:#999\" class=\"arrow-unsorted-368013\" xmlns=\"http:\/\/www.w3.org\/2000\/svg\" width=\"10px\" height=\"10px\" viewBox=\"0 0 24 24\" version=\"1.2\" baseProfile=\"tiny\"><path d=\"M18.2 9.3l-6.2-6.3-6.2 6.3c-.2.2-.3.4-.3.7s.1.5.3.7c.2.2.4.3.7.3h11c.3 0 .5-.1.7-.3.2-.2.3-.5.3-.7s-.1-.5-.3-.7zM5.8 14.7l6.2 6.3 6.2-6.3c.2-.2.3-.5.3-.7s-.1-.5-.3-.7c-.2-.2-.4-.3-.7-.3h-11c-.3 0-.5.1-.7.3-.2.2-.3.5-.3.7s.1.5.3.7z\"\/><\/svg><\/span><\/span><\/label><input type=\"checkbox\"  id=\"ez-toc-cssicon-toggle-item-69f50566f1bd8\"  aria-label=\"Toggle\" \/><nav><ul class='ez-toc-list ez-toc-list-level-1 ' ><li class='ez-toc-page-1 ez-toc-heading-level-2'><a class=\"ez-toc-link ez-toc-heading-1\" href=\"https:\/\/farolesdeforja.es\/en\/salcedo-en-las-hermandades-y-cofradias\/#Amor_y_Sacrificio_Jerez_de_la_Frontera\" >Amor y Sacrificio (Jerez de la Frontera)<\/a><\/li><li class='ez-toc-page-1 ez-toc-heading-level-2'><a class=\"ez-toc-link ez-toc-heading-2\" href=\"https:\/\/farolesdeforja.es\/en\/salcedo-en-las-hermandades-y-cofradias\/#La_Estrella_Triana\" >La Estrella (Triana)<\/a><\/li><li class='ez-toc-page-1 ez-toc-heading-level-2'><a class=\"ez-toc-link ez-toc-heading-3\" href=\"https:\/\/farolesdeforja.es\/en\/salcedo-en-las-hermandades-y-cofradias\/#Los_Gitanos_Sevilla\" >Los Gitanos (Sevilla)<\/a><\/li><\/ul><\/nav><\/div>\n<h2><span class=\"ez-toc-section\" id=\"Amor_y_Sacrificio_Jerez_de_la_Frontera\"><\/span>Amor y Sacrificio (Jerez de la Frontera)<span class=\"ez-toc-section-end\"><\/span><\/h2>\n<p><img loading=\"lazy\" decoding=\"async\" class=\"size-medium wp-image-4509 alignright\" src=\"https:\/\/farolesdeforja.es\/wp-content\/uploads\/2019\/03\/amorysacrificio-jerezdelafrontera-300x200.jpg\" alt=\"Amor y Sacrificio de Jerez de la Frontera\" width=\"300\" height=\"200\" srcset=\"https:\/\/farolesdeforja.es\/wp-content\/uploads\/2019\/03\/amorysacrificio-jerezdelafrontera-300x200.jpg 300w, https:\/\/farolesdeforja.es\/wp-content\/uploads\/2019\/03\/amorysacrificio-jerezdelafrontera-768x512.jpg 768w, https:\/\/farolesdeforja.es\/wp-content\/uploads\/2019\/03\/amorysacrificio-jerezdelafrontera-600x400.jpg 600w, https:\/\/farolesdeforja.es\/wp-content\/uploads\/2019\/03\/amorysacrificio-jerezdelafrontera.jpg 900w\" sizes=\"auto, (max-width: 300px) 100vw, 300px\" \/><\/p>\n<p>Esta corporaci\u00f3n &#8216;de negro&#8217; destaca por ser una de las pocas que a\u00fan carga el paso a horquilla en la localidad jerezana. Durante toda su estaci\u00f3n de penitencia, la tarde-noche del Lunes Santo, todos los hermanos que acompa\u00f1an a <strong>Nuestra Se\u00f1ora del Amor y Sacrificio<\/strong> van rezando el Rosario.<\/p>\n<p>La Hermandad nos encarg\u00f3 los faroles que acompa\u00f1an a la <strong>Cruz de Gu\u00eda<\/strong>, abriendo paso al cortejo que sale desde la Parroquia de Madre de Dios.<\/p>\n<h2><span class=\"ez-toc-section\" id=\"La_Estrella_Triana\"><\/span>La Estrella (Triana)<span class=\"ez-toc-section-end\"><\/span><\/h2>\n<p><img loading=\"lazy\" decoding=\"async\" class=\"size-medium wp-image-4510 alignleft\" src=\"https:\/\/farolesdeforja.es\/wp-content\/uploads\/2019\/03\/capilla-hermandad-de-la-estrella-sevilla-300x225.jpg\" alt=\"Farol de hierro 'Valiente'\" width=\"300\" height=\"225\" srcset=\"https:\/\/farolesdeforja.es\/wp-content\/uploads\/2019\/03\/capilla-hermandad-de-la-estrella-sevilla-300x225.jpg 300w, https:\/\/farolesdeforja.es\/wp-content\/uploads\/2019\/03\/capilla-hermandad-de-la-estrella-sevilla-768x576.jpg 768w, https:\/\/farolesdeforja.es\/wp-content\/uploads\/2019\/03\/capilla-hermandad-de-la-estrella-sevilla-600x450.jpg 600w, https:\/\/farolesdeforja.es\/wp-content\/uploads\/2019\/03\/capilla-hermandad-de-la-estrella-sevilla.jpg 800w\" sizes=\"auto, (max-width: 300px) 100vw, 300px\" \/>En la otra orilla del Guadalquivir, la Virgen de la Estrella guarda sus puertas bajo la luz de unos se\u00f1eros faroles de hierro. El <a href=\"https:\/\/farolesdeforja.es\/tienda\/faroles\/faroles-de-techo\/farol-de-hierro-valiente\/\" target=\"_blank\" rel=\"noopener\">modelo &#8216;Valiente&#8217;<\/a> es un dise\u00f1o de nuestro fundador <strong>Jos\u00e9 Jim\u00e9nez Salcedo<\/strong>, haciendo un claro gui\u00f1o al sobrenombre que recibe la Titular de la Hermandad. Un apodo cuyo origen conoce toda la cultura popular cofrade, identificando tambi\u00e9n a este dise\u00f1o exclusivo de Salcedo.<\/p>\n<p>Si pasas por la <strong>calle San Jacinto<\/strong> (por la zona peatonal, acu\u00e9rdate), podr\u00e1s verlos a cada lado de la puerta, esperando impacientes un nuevo Domingo de Ramos.<\/p>\n<h2><span class=\"ez-toc-section\" id=\"Los_Gitanos_Sevilla\"><\/span>Los Gitanos (Sevilla)<span class=\"ez-toc-section-end\"><\/span><\/h2>\n<p><img loading=\"lazy\" decoding=\"async\" class=\"size-medium wp-image-4511 alignright\" src=\"https:\/\/farolesdeforja.es\/wp-content\/uploads\/2019\/03\/ssanta-gitanos-300x225.jpg\" alt=\"Hermandad Los Gitanos\" width=\"300\" height=\"225\" srcset=\"https:\/\/farolesdeforja.es\/wp-content\/uploads\/2019\/03\/ssanta-gitanos-300x225.jpg 300w, https:\/\/farolesdeforja.es\/wp-content\/uploads\/2019\/03\/ssanta-gitanos-768x576.jpg 768w, https:\/\/farolesdeforja.es\/wp-content\/uploads\/2019\/03\/ssanta-gitanos-1024x768.jpg 1024w, https:\/\/farolesdeforja.es\/wp-content\/uploads\/2019\/03\/ssanta-gitanos-600x450.jpg 600w\" sizes=\"auto, (max-width: 300px) 100vw, 300px\" \/>Volvemos a la orilla de Sevilla, como dicen los trianeros, pero para hablar de otra Cofrad\u00eda que tuvo su origen en Triana: Los Gitanos. Despu\u00e9s de varios a\u00f1os de exilio durante la restauraci\u00f3n de la Parroquia de San Rom\u00e1n, la Hermandad encontr\u00f3 su sede propia en la antigua iglesia del convento del Valle, hoy convertido en el <strong>Santuario de Nuestro Padre Jes\u00fas de la Salud y Mar\u00eda Sant\u00edsima de las Angustias Coronada<\/strong>.<\/p>\n<p>All\u00ed, durante algunos a\u00f1os, colocaban en Semana Santa unos faroles que nos encarg\u00f3 la priost\u00eda de la Hermandad. Su dise\u00f1o <strong>busca la elegancia y huye de la ostentosidad<\/strong>, con la intenci\u00f3n de mimetizarlos con la sencilla fachada del templo.<\/p>\n<p>Y esto es solo una muestra, contamos con trabajos para otras muchas hermandades y cofrad\u00edas que os iremos ense\u00f1ando para hacer m\u00e1s amena la espera hasta el <strong>Domingo de Ramos<\/strong>. Un ejemplo son los <a href=\"https:\/\/farolesdeforja.es\/los-historicos-faroles-de-la-hermandad-de-la-carreteria\/\" target=\"_blank\" rel=\"noopener\">faroles de la Hermandad de la Carreter\u00eda<\/a> y la historia que tienen detr\u00e1s.<\/p>\n<p>Adem\u00e1s, tenemos novedades en el cat\u00e1logo online. El <a href=\"https:\/\/farolesdeforja.es\/tienda\/faroles\/faroles-sobre-muro\/farol-altozano-con-mastil\/\">farol &#8216;Altozano<\/a>&#8216; y el <a href=\"https:\/\/farolesdeforja.es\/tienda\/faroles\/faroles-sobre-muro\/farol-estrella-leran\/\">&#8216;Estrella Ler\u00e1n&#8217;<\/a>. Tambi\u00e9n realizamos dise\u00f1os personalizados. Puedes consultar y hacer tu propuesta rellenando el <a href=\"https:\/\/farolesdeforja.es\/contacto\/\">formulario disponible en nuestra web<\/a>.<\/p>\n","protected":false},"excerpt":{"rendered":"<p>Pues ya falta menos de un mes. Todos sabemos bien para qu\u00e9&#8230; La Semana Santa se acerca y en Artesan\u00eda Salcedo nos estamos poniendo a punto durante la Cuaresma. Tenemos disponible un variado cat\u00e1logo de faroles procesionales. Aut\u00e9nticos productos artesanales para engrandecer a\u00fan m\u00e1s los patrimonios de las hermandades y cofrad\u00edas de cualquier punto de [&hellip;]<\/p>\n","protected":false},"author":1,"featured_media":4516,"comment_status":"open","ping_status":"open","sticky":false,"template":"","format":"standard","meta":{"inline_featured_image":false,"_uag_custom_page_level_css":"","site-sidebar-layout":"default","site-content-layout":"","ast-site-content-layout":"default","site-content-style":"default","site-sidebar-style":"default","ast-global-header-display":"","ast-banner-title-visibility":"","ast-main-header-display":"","ast-hfb-above-header-display":"","ast-hfb-below-header-display":"","ast-hfb-mobile-header-display":"","site-post-title":"","ast-breadcrumbs-content":"","ast-featured-img":"","footer-sml-layout":"","ast-disable-related-posts":"","theme-transparent-header-meta":"","adv-header-id-meta":"","stick-header-meta":"","header-above-stick-meta":"","header-main-stick-meta":"","header-below-stick-meta":"","astra-migrate-meta-layouts":"default","ast-page-background-enabled":"default","ast-page-background-meta":{"desktop":{"background-color":"var(--ast-global-color-4)","background-image":"","background-repeat":"repeat","background-position":"center center","background-size":"auto","background-attachment":"scroll","background-type":"","background-media":"","overlay-type":"","overlay-color":"","overlay-opacity":"","overlay-gradient":""},"tablet":{"background-color":"","background-image":"","background-repeat":"repeat","background-position":"center center","background-size":"auto","background-attachment":"scroll","background-type":"","background-media":"","overlay-type":"","overlay-color":"","overlay-opacity":"","overlay-gradient":""},"mobile":{"background-color":"","background-image":"","background-repeat":"repeat","background-position":"center center","background-size":"auto","background-attachment":"scroll","background-type":"","background-media":"","overlay-type":"","overlay-color":"","overlay-opacity":"","overlay-gradient":""}},"ast-content-background-meta":{"desktop":{"background-color":"var(--ast-global-color-5)","background-image":"","background-repeat":"repeat","background-position":"center center","background-size":"auto","background-attachment":"scroll","background-type":"","background-media":"","overlay-type":"","overlay-color":"","overlay-opacity":"","overlay-gradient":""},"tablet":{"background-color":"var(--ast-global-color-5)","background-image":"","background-repeat":"repeat","background-position":"center center","background-size":"auto","background-attachment":"scroll","background-type":"","background-media":"","overlay-type":"","overlay-color":"","overlay-opacity":"","overlay-gradient":""},"mobile":{"background-color":"var(--ast-global-color-5)","background-image":"","background-repeat":"repeat","background-position":"center center","background-size":"auto","background-attachment":"scroll","background-type":"","background-media":"","overlay-type":"","overlay-color":"","overlay-opacity":"","overlay-gradient":""}},"footnotes":""},"categories":[101,113,161],"tags":[100,111,151,163,164,165,162],"class_list":["post-4498","post","type-post","status-publish","format-standard","has-post-thumbnail","hentry","category-forja-artistica","category-salcedo-en","category-semana-santa","tag-artesania-salcedo","tag-faroles-de-hierro","tag-faroles-procesionales","tag-hermandad-amor-y-sacrificio","tag-hermandad-de-la-estrella","tag-hermandad-de-los-gitanos","tag-salcedo-sevilla"],"yoast_head":"<!-- This site is optimized with the Yoast SEO plugin v27.4 - https:\/\/yoast.com\/product\/yoast-seo-wordpress\/ -->\n<title>Salcedo en... las hermandades y cofrad\u00edas | Faroles de forja y Mobiliario de forja art\u00edstica | Artesan\u00eda Salcedo Sevilla<\/title>\n<meta name=\"description\" content=\"Nuestros faroles de forja forman parte del patrimonio de hermandades y cofrad\u00edas de diversos puntos de Andaluc\u00eda y Espa\u00f1a.\" \/>\n<meta name=\"robots\" content=\"index, follow, max-snippet:-1, max-image-preview:large, max-video-preview:-1\" \/>\n<link rel=\"canonical\" href=\"https:\/\/farolesdeforja.es\/en\/salcedo-en-las-hermandades-y-cofradias\/\" \/>\n<meta property=\"og:locale\" content=\"en_US\" \/>\n<meta property=\"og:type\" content=\"article\" \/>\n<meta property=\"og:title\" content=\"Salcedo en... las hermandades y cofrad\u00edas | Faroles de forja y Mobiliario de forja art\u00edstica | Artesan\u00eda Salcedo Sevilla\" \/>\n<meta property=\"og:description\" content=\"Nuestros faroles de forja forman parte del patrimonio de hermandades y cofrad\u00edas de diversos puntos de Andaluc\u00eda y Espa\u00f1a.\" \/>\n<meta property=\"og:url\" content=\"https:\/\/farolesdeforja.es\/en\/salcedo-en-las-hermandades-y-cofradias\/\" \/>\n<meta property=\"og:site_name\" content=\"Faroles de forja y Mobiliario de forja art\u00edstica | Artesan\u00eda Salcedo Sevilla\" \/>\n<meta property=\"article:publisher\" content=\"https:\/\/www.facebook.com\/salcedosevilla\" \/>\n<meta property=\"article:published_time\" content=\"2019-03-15T12:41:43+00:00\" \/>\n<meta property=\"article:modified_time\" content=\"2024-02-06T07:47:27+00:00\" \/>\n<meta property=\"og:image\" content=\"https:\/\/farolesdeforja.es\/wp-content\/uploads\/2019\/03\/salcedo-en-hermandades-y-cofradias-1024x768.jpg\" \/>\n\t<meta property=\"og:image:width\" content=\"1024\" \/>\n\t<meta property=\"og:image:height\" content=\"768\" \/>\n\t<meta property=\"og:image:type\" content=\"image\/jpeg\" \/>\n<meta name=\"author\" content=\"Salcedo artesan\u00eda\" \/>\n<meta name=\"twitter:card\" content=\"summary_large_image\" \/>\n<meta name=\"twitter:label1\" content=\"Written by\" \/>\n\t<meta name=\"twitter:data1\" content=\"Salcedo artesan\u00eda\" \/>\n\t<meta name=\"twitter:label2\" content=\"Est. reading time\" \/>\n\t<meta name=\"twitter:data2\" content=\"4 minutes\" \/>\n<script type=\"application\/ld+json\" class=\"yoast-schema-graph\">{\"@context\":\"https:\\\/\\\/schema.org\",\"@graph\":[{\"@type\":\"Article\",\"@id\":\"https:\\\/\\\/farolesdeforja.es\\\/en\\\/salcedo-en-las-hermandades-y-cofradias\\\/#article\",\"isPartOf\":{\"@id\":\"https:\\\/\\\/farolesdeforja.es\\\/en\\\/salcedo-en-las-hermandades-y-cofradias\\\/\"},\"author\":{\"name\":\"Salcedo artesan\u00eda\",\"@id\":\"https:\\\/\\\/farolesdeforja.es\\\/en\\\/#\\\/schema\\\/person\\\/185596d815bcbc7cda6427e9ad4b8b6f\"},\"headline\":\"Salcedo en&#8230; las hermandades y cofrad\u00edas\",\"datePublished\":\"2019-03-15T12:41:43+00:00\",\"dateModified\":\"2024-02-06T07:47:27+00:00\",\"mainEntityOfPage\":{\"@id\":\"https:\\\/\\\/farolesdeforja.es\\\/en\\\/salcedo-en-las-hermandades-y-cofradias\\\/\"},\"wordCount\":597,\"commentCount\":0,\"publisher\":{\"@id\":\"https:\\\/\\\/farolesdeforja.es\\\/en\\\/#organization\"},\"image\":{\"@id\":\"https:\\\/\\\/farolesdeforja.es\\\/en\\\/salcedo-en-las-hermandades-y-cofradias\\\/#primaryimage\"},\"thumbnailUrl\":\"https:\\\/\\\/farolesdeforja.es\\\/wp-content\\\/uploads\\\/2019\\\/03\\\/salcedo-en-hermandades-y-cofradias.jpg\",\"keywords\":[\"artesan\u00eda salcedo\",\"faroles de hierro\",\"faroles procesionales\",\"hermandad amor y sacrificio\",\"hermandad de la estrella\",\"hermandad de los gitanos\",\"salcedo sevilla\"],\"articleSection\":[\"Forja art\u00edstica\",\"Salcedo en...\",\"Semana Santa\"],\"inLanguage\":\"en-US\"},{\"@type\":\"WebPage\",\"@id\":\"https:\\\/\\\/farolesdeforja.es\\\/en\\\/salcedo-en-las-hermandades-y-cofradias\\\/\",\"url\":\"https:\\\/\\\/farolesdeforja.es\\\/en\\\/salcedo-en-las-hermandades-y-cofradias\\\/\",\"name\":\"Salcedo en... las hermandades y cofrad\u00edas | Faroles de forja y Mobiliario de forja art\u00edstica | Artesan\u00eda Salcedo Sevilla\",\"isPartOf\":{\"@id\":\"https:\\\/\\\/farolesdeforja.es\\\/en\\\/#website\"},\"primaryImageOfPage\":{\"@id\":\"https:\\\/\\\/farolesdeforja.es\\\/en\\\/salcedo-en-las-hermandades-y-cofradias\\\/#primaryimage\"},\"image\":{\"@id\":\"https:\\\/\\\/farolesdeforja.es\\\/en\\\/salcedo-en-las-hermandades-y-cofradias\\\/#primaryimage\"},\"thumbnailUrl\":\"https:\\\/\\\/farolesdeforja.es\\\/wp-content\\\/uploads\\\/2019\\\/03\\\/salcedo-en-hermandades-y-cofradias.jpg\",\"datePublished\":\"2019-03-15T12:41:43+00:00\",\"dateModified\":\"2024-02-06T07:47:27+00:00\",\"description\":\"Nuestros faroles de forja forman parte del patrimonio de hermandades y cofrad\u00edas de diversos puntos de Andaluc\u00eda y Espa\u00f1a.\",\"breadcrumb\":{\"@id\":\"https:\\\/\\\/farolesdeforja.es\\\/en\\\/salcedo-en-las-hermandades-y-cofradias\\\/#breadcrumb\"},\"inLanguage\":\"en-US\",\"potentialAction\":[{\"@type\":\"ReadAction\",\"target\":[\"https:\\\/\\\/farolesdeforja.es\\\/en\\\/salcedo-en-las-hermandades-y-cofradias\\\/\"]}]},{\"@type\":\"ImageObject\",\"inLanguage\":\"en-US\",\"@id\":\"https:\\\/\\\/farolesdeforja.es\\\/en\\\/salcedo-en-las-hermandades-y-cofradias\\\/#primaryimage\",\"url\":\"https:\\\/\\\/farolesdeforja.es\\\/wp-content\\\/uploads\\\/2019\\\/03\\\/salcedo-en-hermandades-y-cofradias.jpg\",\"contentUrl\":\"https:\\\/\\\/farolesdeforja.es\\\/wp-content\\\/uploads\\\/2019\\\/03\\\/salcedo-en-hermandades-y-cofradias.jpg\",\"width\":2448,\"height\":1836,\"caption\":\"Faroles para hermandades\"},{\"@type\":\"BreadcrumbList\",\"@id\":\"https:\\\/\\\/farolesdeforja.es\\\/en\\\/salcedo-en-las-hermandades-y-cofradias\\\/#breadcrumb\",\"itemListElement\":[{\"@type\":\"ListItem\",\"position\":1,\"name\":\"Inicio\",\"item\":\"https:\\\/\\\/farolesdeforja.es\\\/en\\\/\"},{\"@type\":\"ListItem\",\"position\":2,\"name\":\"Salcedo en&#8230; las hermandades y cofrad\u00edas\"}]},{\"@type\":\"WebSite\",\"@id\":\"https:\\\/\\\/farolesdeforja.es\\\/en\\\/#website\",\"url\":\"https:\\\/\\\/farolesdeforja.es\\\/en\\\/\",\"name\":\"Faroles de forja y Mobiliario de forja art\u00edstica | Artesan\u00eda Salcedo Sevilla\",\"description\":\"Faroles de forja y mobiliario fabricados de forma artesanal desde 1971. Artesan\u00eda Salcedo es referente en forja art\u00edstica en Sevilla. Compra online de faroles de forja y env\u00edo GRATIS en casi todos los art\u00edculos \u00a1Personalizamos cualquier pieza!\",\"publisher\":{\"@id\":\"https:\\\/\\\/farolesdeforja.es\\\/en\\\/#organization\"},\"alternateName\":\"Salcedo Sevilla\",\"potentialAction\":[{\"@type\":\"SearchAction\",\"target\":{\"@type\":\"EntryPoint\",\"urlTemplate\":\"https:\\\/\\\/farolesdeforja.es\\\/en\\\/?s={search_term_string}\"},\"query-input\":{\"@type\":\"PropertyValueSpecification\",\"valueRequired\":true,\"valueName\":\"search_term_string\"}}],\"inLanguage\":\"en-US\"},{\"@type\":\"Organization\",\"@id\":\"https:\\\/\\\/farolesdeforja.es\\\/en\\\/#organization\",\"name\":\"Salcedo Sevilla\",\"url\":\"https:\\\/\\\/farolesdeforja.es\\\/en\\\/\",\"logo\":{\"@type\":\"ImageObject\",\"inLanguage\":\"en-US\",\"@id\":\"https:\\\/\\\/farolesdeforja.es\\\/en\\\/#\\\/schema\\\/logo\\\/image\\\/\",\"url\":\"https:\\\/\\\/farolesdeforja.es\\\/wp-content\\\/uploads\\\/2018\\\/04\\\/cropped-favicon.png\",\"contentUrl\":\"https:\\\/\\\/farolesdeforja.es\\\/wp-content\\\/uploads\\\/2018\\\/04\\\/cropped-favicon.png\",\"width\":512,\"height\":512,\"caption\":\"Salcedo Sevilla\"},\"image\":{\"@id\":\"https:\\\/\\\/farolesdeforja.es\\\/en\\\/#\\\/schema\\\/logo\\\/image\\\/\"},\"sameAs\":[\"https:\\\/\\\/www.facebook.com\\\/salcedosevilla\",\"https:\\\/\\\/www.instagram.com\\\/farolesdeforja\\\/\",\"https:\\\/\\\/www.pinterest.com\\\/Farolesdeforja\\\/\"]},{\"@type\":\"Person\",\"@id\":\"https:\\\/\\\/farolesdeforja.es\\\/en\\\/#\\\/schema\\\/person\\\/185596d815bcbc7cda6427e9ad4b8b6f\",\"name\":\"Salcedo artesan\u00eda\",\"image\":{\"@type\":\"ImageObject\",\"inLanguage\":\"en-US\",\"@id\":\"https:\\\/\\\/secure.gravatar.com\\\/avatar\\\/af0373de48c8f9f53bceda0eebe2f6e70f9d33d141bdb4966578d880b0105244?s=96&d=mm&r=g\",\"url\":\"https:\\\/\\\/secure.gravatar.com\\\/avatar\\\/af0373de48c8f9f53bceda0eebe2f6e70f9d33d141bdb4966578d880b0105244?s=96&d=mm&r=g\",\"contentUrl\":\"https:\\\/\\\/secure.gravatar.com\\\/avatar\\\/af0373de48c8f9f53bceda0eebe2f6e70f9d33d141bdb4966578d880b0105244?s=96&d=mm&r=g\",\"caption\":\"Salcedo artesan\u00eda\"}}]}<\/script>\n<!-- \/ Yoast SEO plugin. -->","yoast_head_json":{"title":"Salcedo en... las hermandades y cofrad\u00edas | Faroles de forja y Mobiliario de forja art\u00edstica | Artesan\u00eda Salcedo Sevilla","description":"Nuestros faroles de forja forman parte del patrimonio de hermandades y cofrad\u00edas de diversos puntos de Andaluc\u00eda y Espa\u00f1a.","robots":{"index":"index","follow":"follow","max-snippet":"max-snippet:-1","max-image-preview":"max-image-preview:large","max-video-preview":"max-video-preview:-1"},"canonical":"https:\/\/farolesdeforja.es\/en\/salcedo-en-las-hermandades-y-cofradias\/","og_locale":"en_US","og_type":"article","og_title":"Salcedo en... las hermandades y cofrad\u00edas | Faroles de forja y Mobiliario de forja art\u00edstica | Artesan\u00eda Salcedo Sevilla","og_description":"Nuestros faroles de forja forman parte del patrimonio de hermandades y cofrad\u00edas de diversos puntos de Andaluc\u00eda y Espa\u00f1a.","og_url":"https:\/\/farolesdeforja.es\/en\/salcedo-en-las-hermandades-y-cofradias\/","og_site_name":"Faroles de forja y Mobiliario de forja art\u00edstica | Artesan\u00eda Salcedo Sevilla","article_publisher":"https:\/\/www.facebook.com\/salcedosevilla","article_published_time":"2019-03-15T12:41:43+00:00","article_modified_time":"2024-02-06T07:47:27+00:00","og_image":[{"width":1024,"height":768,"url":"https:\/\/farolesdeforja.es\/wp-content\/uploads\/2019\/03\/salcedo-en-hermandades-y-cofradias-1024x768.jpg","type":"image\/jpeg"}],"author":"Salcedo artesan\u00eda","twitter_card":"summary_large_image","twitter_misc":{"Written by":"Salcedo artesan\u00eda","Est. reading time":"4 minutes"},"schema":{"@context":"https:\/\/schema.org","@graph":[{"@type":"Article","@id":"https:\/\/farolesdeforja.es\/en\/salcedo-en-las-hermandades-y-cofradias\/#article","isPartOf":{"@id":"https:\/\/farolesdeforja.es\/en\/salcedo-en-las-hermandades-y-cofradias\/"},"author":{"name":"Salcedo artesan\u00eda","@id":"https:\/\/farolesdeforja.es\/en\/#\/schema\/person\/185596d815bcbc7cda6427e9ad4b8b6f"},"headline":"Salcedo en&#8230; las hermandades y cofrad\u00edas","datePublished":"2019-03-15T12:41:43+00:00","dateModified":"2024-02-06T07:47:27+00:00","mainEntityOfPage":{"@id":"https:\/\/farolesdeforja.es\/en\/salcedo-en-las-hermandades-y-cofradias\/"},"wordCount":597,"commentCount":0,"publisher":{"@id":"https:\/\/farolesdeforja.es\/en\/#organization"},"image":{"@id":"https:\/\/farolesdeforja.es\/en\/salcedo-en-las-hermandades-y-cofradias\/#primaryimage"},"thumbnailUrl":"https:\/\/farolesdeforja.es\/wp-content\/uploads\/2019\/03\/salcedo-en-hermandades-y-cofradias.jpg","keywords":["artesan\u00eda salcedo","faroles de hierro","faroles procesionales","hermandad amor y sacrificio","hermandad de la estrella","hermandad de los gitanos","salcedo sevilla"],"articleSection":["Forja art\u00edstica","Salcedo en...","Semana Santa"],"inLanguage":"en-US"},{"@type":"WebPage","@id":"https:\/\/farolesdeforja.es\/en\/salcedo-en-las-hermandades-y-cofradias\/","url":"https:\/\/farolesdeforja.es\/en\/salcedo-en-las-hermandades-y-cofradias\/","name":"Salcedo en... las hermandades y cofrad\u00edas | Faroles de forja y Mobiliario de forja art\u00edstica | Artesan\u00eda Salcedo Sevilla","isPartOf":{"@id":"https:\/\/farolesdeforja.es\/en\/#website"},"primaryImageOfPage":{"@id":"https:\/\/farolesdeforja.es\/en\/salcedo-en-las-hermandades-y-cofradias\/#primaryimage"},"image":{"@id":"https:\/\/farolesdeforja.es\/en\/salcedo-en-las-hermandades-y-cofradias\/#primaryimage"},"thumbnailUrl":"https:\/\/farolesdeforja.es\/wp-content\/uploads\/2019\/03\/salcedo-en-hermandades-y-cofradias.jpg","datePublished":"2019-03-15T12:41:43+00:00","dateModified":"2024-02-06T07:47:27+00:00","description":"Nuestros faroles de forja forman parte del patrimonio de hermandades y cofrad\u00edas de diversos puntos de Andaluc\u00eda y Espa\u00f1a.","breadcrumb":{"@id":"https:\/\/farolesdeforja.es\/en\/salcedo-en-las-hermandades-y-cofradias\/#breadcrumb"},"inLanguage":"en-US","potentialAction":[{"@type":"ReadAction","target":["https:\/\/farolesdeforja.es\/en\/salcedo-en-las-hermandades-y-cofradias\/"]}]},{"@type":"ImageObject","inLanguage":"en-US","@id":"https:\/\/farolesdeforja.es\/en\/salcedo-en-las-hermandades-y-cofradias\/#primaryimage","url":"https:\/\/farolesdeforja.es\/wp-content\/uploads\/2019\/03\/salcedo-en-hermandades-y-cofradias.jpg","contentUrl":"https:\/\/farolesdeforja.es\/wp-content\/uploads\/2019\/03\/salcedo-en-hermandades-y-cofradias.jpg","width":2448,"height":1836,"caption":"Faroles para hermandades"},{"@type":"BreadcrumbList","@id":"https:\/\/farolesdeforja.es\/en\/salcedo-en-las-hermandades-y-cofradias\/#breadcrumb","itemListElement":[{"@type":"ListItem","position":1,"name":"Inicio","item":"https:\/\/farolesdeforja.es\/en\/"},{"@type":"ListItem","position":2,"name":"Salcedo en&#8230; las hermandades y cofrad\u00edas"}]},{"@type":"WebSite","@id":"https:\/\/farolesdeforja.es\/en\/#website","url":"https:\/\/farolesdeforja.es\/en\/","name":"Faroles de forja y Mobiliario de forja art\u00edstica | Artesan\u00eda Salcedo Sevilla","description":"Faroles de forja y mobiliario fabricados de forma artesanal desde 1971. Artesan\u00eda Salcedo es referente en forja art\u00edstica en Sevilla. Compra online de faroles de forja y env\u00edo GRATIS en casi todos los art\u00edculos \u00a1Personalizamos cualquier pieza!","publisher":{"@id":"https:\/\/farolesdeforja.es\/en\/#organization"},"alternateName":"Salcedo Sevilla","potentialAction":[{"@type":"SearchAction","target":{"@type":"EntryPoint","urlTemplate":"https:\/\/farolesdeforja.es\/en\/?s={search_term_string}"},"query-input":{"@type":"PropertyValueSpecification","valueRequired":true,"valueName":"search_term_string"}}],"inLanguage":"en-US"},{"@type":"Organization","@id":"https:\/\/farolesdeforja.es\/en\/#organization","name":"Salcedo Sevilla","url":"https:\/\/farolesdeforja.es\/en\/","logo":{"@type":"ImageObject","inLanguage":"en-US","@id":"https:\/\/farolesdeforja.es\/en\/#\/schema\/logo\/image\/","url":"https:\/\/farolesdeforja.es\/wp-content\/uploads\/2018\/04\/cropped-favicon.png","contentUrl":"https:\/\/farolesdeforja.es\/wp-content\/uploads\/2018\/04\/cropped-favicon.png","width":512,"height":512,"caption":"Salcedo Sevilla"},"image":{"@id":"https:\/\/farolesdeforja.es\/en\/#\/schema\/logo\/image\/"},"sameAs":["https:\/\/www.facebook.com\/salcedosevilla","https:\/\/www.instagram.com\/farolesdeforja\/","https:\/\/www.pinterest.com\/Farolesdeforja\/"]},{"@type":"Person","@id":"https:\/\/farolesdeforja.es\/en\/#\/schema\/person\/185596d815bcbc7cda6427e9ad4b8b6f","name":"Salcedo artesan\u00eda","image":{"@type":"ImageObject","inLanguage":"en-US","@id":"https:\/\/secure.gravatar.com\/avatar\/af0373de48c8f9f53bceda0eebe2f6e70f9d33d141bdb4966578d880b0105244?s=96&d=mm&r=g","url":"https:\/\/secure.gravatar.com\/avatar\/af0373de48c8f9f53bceda0eebe2f6e70f9d33d141bdb4966578d880b0105244?s=96&d=mm&r=g","contentUrl":"https:\/\/secure.gravatar.com\/avatar\/af0373de48c8f9f53bceda0eebe2f6e70f9d33d141bdb4966578d880b0105244?s=96&d=mm&r=g","caption":"Salcedo artesan\u00eda"}}]}},"uagb_featured_image_src":{"full":["https:\/\/farolesdeforja.es\/wp-content\/uploads\/2019\/03\/salcedo-en-hermandades-y-cofradias.jpg",2448,1836,false],"thumbnail":["https:\/\/farolesdeforja.es\/wp-content\/uploads\/2019\/03\/salcedo-en-hermandades-y-cofradias-150x150.jpg",150,150,true],"medium":["https:\/\/farolesdeforja.es\/wp-content\/uploads\/2019\/03\/salcedo-en-hermandades-y-cofradias-300x225.jpg",300,225,true],"medium_large":["https:\/\/farolesdeforja.es\/wp-content\/uploads\/2019\/03\/salcedo-en-hermandades-y-cofradias-768x576.jpg",768,576,true],"large":["https:\/\/farolesdeforja.es\/wp-content\/uploads\/2019\/03\/salcedo-en-hermandades-y-cofradias-1024x768.jpg",1024,768,true],"1536x1536":["https:\/\/farolesdeforja.es\/wp-content\/uploads\/2019\/03\/salcedo-en-hermandades-y-cofradias.jpg",1536,1152,false],"2048x2048":["https:\/\/farolesdeforja.es\/wp-content\/uploads\/2019\/03\/salcedo-en-hermandades-y-cofradias.jpg",2048,1536,false],"bdpp-medium":["https:\/\/farolesdeforja.es\/wp-content\/uploads\/2019\/03\/salcedo-en-hermandades-y-cofradias.jpg",640,480,false],"woocommerce_thumbnail":["https:\/\/farolesdeforja.es\/wp-content\/uploads\/2019\/03\/salcedo-en-hermandades-y-cofradias-300x300.jpg",300,300,true],"woocommerce_single":["https:\/\/farolesdeforja.es\/wp-content\/uploads\/2019\/03\/salcedo-en-hermandades-y-cofradias-600x450.jpg",600,450,true],"woocommerce_gallery_thumbnail":["https:\/\/farolesdeforja.es\/wp-content\/uploads\/2019\/03\/salcedo-en-hermandades-y-cofradias-100x100.jpg",100,100,true]},"uagb_author_info":{"display_name":"Salcedo artesan\u00eda","author_link":"https:\/\/farolesdeforja.es\/en\/author\/businessgo\/"},"uagb_comment_info":0,"uagb_excerpt":"Pues ya falta menos de un mes. Todos sabemos bien para qu\u00e9&#8230; La Semana Santa se acerca y en Artesan\u00eda Salcedo nos estamos poniendo a punto durante la Cuaresma. Tenemos disponible un variado cat\u00e1logo de faroles procesionales. Aut\u00e9nticos productos artesanales para engrandecer a\u00fan m\u00e1s los patrimonios de las hermandades y cofrad\u00edas de cualquier punto de&hellip;","_links":{"self":[{"href":"https:\/\/farolesdeforja.es\/en\/wp-json\/wp\/v2\/posts\/4498","targetHints":{"allow":["GET"]}}],"collection":[{"href":"https:\/\/farolesdeforja.es\/en\/wp-json\/wp\/v2\/posts"}],"about":[{"href":"https:\/\/farolesdeforja.es\/en\/wp-json\/wp\/v2\/types\/post"}],"author":[{"embeddable":true,"href":"https:\/\/farolesdeforja.es\/en\/wp-json\/wp\/v2\/users\/1"}],"replies":[{"embeddable":true,"href":"https:\/\/farolesdeforja.es\/en\/wp-json\/wp\/v2\/comments?post=4498"}],"version-history":[{"count":0,"href":"https:\/\/farolesdeforja.es\/en\/wp-json\/wp\/v2\/posts\/4498\/revisions"}],"wp:featuredmedia":[{"embeddable":true,"href":"https:\/\/farolesdeforja.es\/en\/wp-json\/wp\/v2\/media\/4516"}],"wp:attachment":[{"href":"https:\/\/farolesdeforja.es\/en\/wp-json\/wp\/v2\/media?parent=4498"}],"wp:term":[{"taxonomy":"category","embeddable":true,"href":"https:\/\/farolesdeforja.es\/en\/wp-json\/wp\/v2\/categories?post=4498"},{"taxonomy":"post_tag","embeddable":true,"href":"https:\/\/farolesdeforja.es\/en\/wp-json\/wp\/v2\/tags?post=4498"}],"curies":[{"name":"wp","href":"https:\/\/api.w.org\/{rel}","templated":true}]}}