{"id":4157,"date":"2019-03-01T14:31:06","date_gmt":"2019-03-01T13:31:06","guid":{"rendered":"https:\/\/farolesdeforja.es\/?p=4157"},"modified":"2022-03-29T12:34:04","modified_gmt":"2022-03-29T11:34:04","slug":"faroles-procesionales-para-semana-santa","status":"publish","type":"post","link":"https:\/\/farolesdeforja.es\/en\/faroles-procesionales-para-semana-santa\/","title":{"rendered":"Faroles procesionales para Semana Santa. Adaptamos el cat\u00e1logo a tus necesidades"},"content":{"rendered":"<p>Muchos tienen marcado el Domingo de Ramos en el calendario y esa fecha ya est\u00e1 muy cerca. En numerosas ciudades y pueblos han comenzado los diversos cultos y eventos previos. Los cofrades se preparan para su fiesta grande y las hermandades ponen a punto sus enseres. Por ejemplo, los <strong>faroles procesionales para Semana Santa<\/strong> que fabricamos artesanalmente en Salcedo.<\/p>\n<p>Numerosas corporaciones de diversos puntos de Espa\u00f1a llevan en sus cortejos algunos de nuestros trabajos. Por eso contamos con un cat\u00e1logo especial de <a href=\"https:\/\/farolesdeforja.es\/artesania-cofrade-faroles\/\"><strong>artesan\u00eda cofrade<\/strong><\/a> que ya presentamos hace poco. En este post presentamos m\u00e1s productos de la categor\u00eda que se encuentran a disposici\u00f3n de todos los clientes.<\/p>\n<h2>Nuestra selecci\u00f3n de faroles procesionales para Semana Santa<\/h2>\n<p>Como podr\u00e9is comprobar, tenemos faroles para todos los gustos y precios. De esta forma, <strong>nos adaptamos a las diferentes necesidades<\/strong> de cada cofrad\u00eda.<\/p>\n<ul>\n<li><strong>Farol de mano &#8216;Alegre&#8217; Procesi\u00f3n<\/strong>: Este tipo de faroles es muy com\u00fan en Cruces de Gu\u00eda u otras insignias del cortejo. Est\u00e1 fabricado en l\u00e1mina de esta\u00f1o y lleva incorporado un asa para facilitar su transporte. <a href=\"https:\/\/farolesdeforja.es\/tienda\/faroles\/farol-de-mano-alegre-procesion\/\">Ver producto<\/a>.<\/li>\n<\/ul>\n<p><img loading=\"lazy\" decoding=\"async\" class=\"size-medium wp-image-3604 aligncenter\" src=\"https:\/\/farolesdeforja.es\/wp-content\/uploads\/2018\/11\/procesion-alegre-300x300.jpg\" alt=\"Farol de mano Alegre Procesi\u00f3n\" width=\"300\" height=\"300\" srcset=\"https:\/\/farolesdeforja.es\/wp-content\/uploads\/2018\/11\/procesion-alegre-300x300.jpg 300w, https:\/\/farolesdeforja.es\/wp-content\/uploads\/2018\/11\/procesion-alegre-150x150.jpg 150w, https:\/\/farolesdeforja.es\/wp-content\/uploads\/2018\/11\/procesion-alegre-768x768.jpg 768w, https:\/\/farolesdeforja.es\/wp-content\/uploads\/2018\/11\/procesion-alegre-1024x1024.jpg 1024w, https:\/\/farolesdeforja.es\/wp-content\/uploads\/2018\/11\/procesion-alegre-20x20.jpg 20w, https:\/\/farolesdeforja.es\/wp-content\/uploads\/2018\/11\/procesion-alegre-600x600.jpg 600w, https:\/\/farolesdeforja.es\/wp-content\/uploads\/2018\/11\/procesion-alegre-100x100.jpg 100w, https:\/\/farolesdeforja.es\/wp-content\/uploads\/2018\/11\/procesion-alegre-266x266.jpg 266w, https:\/\/farolesdeforja.es\/wp-content\/uploads\/2018\/11\/procesion-alegre.jpg 800w\" sizes=\"auto, (max-width: 300px) 100vw, 300px\" \/><\/p>\n<ul>\n<li><strong>Farol Procesi\u00f3n &#8216;Alcora&#8217;<\/strong>: La belleza del &#8216;Alcora&#8217; es evidente. Es uno de los m\u00e1s destacados entre los faroles procesionales para Semana Santa. Mide 64 cm sin contar el m\u00e1stil que se le pueda a\u00f1adir. <a href=\"https:\/\/farolesdeforja.es\/tienda\/faroles\/procesion-alcora\/\">Ver producto<\/a>.<\/li>\n<\/ul>\n<p><img loading=\"lazy\" decoding=\"async\" class=\"size-medium wp-image-3603 aligncenter\" src=\"https:\/\/farolesdeforja.es\/wp-content\/uploads\/2018\/11\/procesion-alcora-300x300.jpg\" alt=\"Farol procesi\u00f3n 'Alcora'\" width=\"300\" height=\"300\" srcset=\"https:\/\/farolesdeforja.es\/wp-content\/uploads\/2018\/11\/procesion-alcora-300x300.jpg 300w, https:\/\/farolesdeforja.es\/wp-content\/uploads\/2018\/11\/procesion-alcora-150x150.jpg 150w, https:\/\/farolesdeforja.es\/wp-content\/uploads\/2018\/11\/procesion-alcora-768x768.jpg 768w, https:\/\/farolesdeforja.es\/wp-content\/uploads\/2018\/11\/procesion-alcora-1024x1024.jpg 1024w, https:\/\/farolesdeforja.es\/wp-content\/uploads\/2018\/11\/procesion-alcora-20x20.jpg 20w, https:\/\/farolesdeforja.es\/wp-content\/uploads\/2018\/11\/procesion-alcora-600x600.jpg 600w, https:\/\/farolesdeforja.es\/wp-content\/uploads\/2018\/11\/procesion-alcora-100x100.jpg 100w, https:\/\/farolesdeforja.es\/wp-content\/uploads\/2018\/11\/procesion-alcora-266x266.jpg 266w, https:\/\/farolesdeforja.es\/wp-content\/uploads\/2018\/11\/procesion-alcora.jpg 800w\" sizes=\"auto, (max-width: 300px) 100vw, 300px\" \/><\/p>\n<ul>\n<li><strong>Farol &#8216;Huelva&#8217; Procesi\u00f3n<\/strong>: Extrapola al mundo cofrade los dise\u00f1os de faroles antiguos que podemos encontrar en muchas casas t\u00edpicas andaluzas, que han servido de inspiraci\u00f3n para otras muchas de nuestras obras. <a href=\"https:\/\/farolesdeforja.es\/tienda\/faroles\/farol-huelva-procesion\/\">Ver producto<\/a>.<\/li>\n<\/ul>\n<p><img loading=\"lazy\" decoding=\"async\" class=\"size-medium wp-image-3607 aligncenter\" src=\"https:\/\/farolesdeforja.es\/wp-content\/uploads\/2018\/11\/procesion-huelva-300x300.jpg\" alt=\"Farol Huelva Procesi\u00f3n\" width=\"300\" height=\"300\" srcset=\"https:\/\/farolesdeforja.es\/wp-content\/uploads\/2018\/11\/procesion-huelva-300x300.jpg 300w, https:\/\/farolesdeforja.es\/wp-content\/uploads\/2018\/11\/procesion-huelva-150x150.jpg 150w, https:\/\/farolesdeforja.es\/wp-content\/uploads\/2018\/11\/procesion-huelva-768x768.jpg 768w, https:\/\/farolesdeforja.es\/wp-content\/uploads\/2018\/11\/procesion-huelva-1024x1024.jpg 1024w, https:\/\/farolesdeforja.es\/wp-content\/uploads\/2018\/11\/procesion-huelva-20x20.jpg 20w, https:\/\/farolesdeforja.es\/wp-content\/uploads\/2018\/11\/procesion-huelva-600x600.jpg 600w, https:\/\/farolesdeforja.es\/wp-content\/uploads\/2018\/11\/procesion-huelva-100x100.jpg 100w, https:\/\/farolesdeforja.es\/wp-content\/uploads\/2018\/11\/procesion-huelva-32x32.jpg 32w, https:\/\/farolesdeforja.es\/wp-content\/uploads\/2018\/11\/procesion-huelva-266x266.jpg 266w, https:\/\/farolesdeforja.es\/wp-content\/uploads\/2018\/11\/procesion-huelva.jpg 800w\" sizes=\"auto, (max-width: 300px) 100vw, 300px\" \/><\/p>\n<ul>\n<li><strong>Farol &#8216;Rosario&#8217; Procesi\u00f3n<\/strong>: Ya hemos podido comprobar que el modelo &#8216;Rosario&#8217; es muy com\u00fan entre nuestras obras, present\u00e1ndose en varias categor\u00edas. Tambi\u00e9n en la cofrade, pues este modelo ideado para pasos tiene un &#8216;hermano&#8217; que se porta <a href=\"https:\/\/farolesdeforja.es\/tienda\/faroles\/farol-de-mano-rosario-procesion\/\">a mano<\/a>. <a href=\"https:\/\/farolesdeforja.es\/tienda\/faroles\/farol-rosario-procesion\/\">Ver producto<\/a>.<\/li>\n<\/ul>\n<p><img loading=\"lazy\" decoding=\"async\" class=\"size-medium wp-image-3608 aligncenter\" src=\"https:\/\/farolesdeforja.es\/wp-content\/uploads\/2018\/11\/procesion-roarrio-300x300.jpg\" alt=\"Farol Rosario Procesi\u00f3n\" width=\"300\" height=\"300\" srcset=\"https:\/\/farolesdeforja.es\/wp-content\/uploads\/2018\/11\/procesion-roarrio-300x300.jpg 300w, https:\/\/farolesdeforja.es\/wp-content\/uploads\/2018\/11\/procesion-roarrio-150x150.jpg 150w, https:\/\/farolesdeforja.es\/wp-content\/uploads\/2018\/11\/procesion-roarrio-768x768.jpg 768w, https:\/\/farolesdeforja.es\/wp-content\/uploads\/2018\/11\/procesion-roarrio-1024x1024.jpg 1024w, https:\/\/farolesdeforja.es\/wp-content\/uploads\/2018\/11\/procesion-roarrio-20x20.jpg 20w, https:\/\/farolesdeforja.es\/wp-content\/uploads\/2018\/11\/procesion-roarrio-600x600.jpg 600w, https:\/\/farolesdeforja.es\/wp-content\/uploads\/2018\/11\/procesion-roarrio-100x100.jpg 100w, https:\/\/farolesdeforja.es\/wp-content\/uploads\/2018\/11\/procesion-roarrio-266x266.jpg 266w, https:\/\/farolesdeforja.es\/wp-content\/uploads\/2018\/11\/procesion-roarrio.jpg 800w\" sizes=\"auto, (max-width: 300px) 100vw, 300px\" \/><\/p>\n<ul>\n<li><strong>Farol Procesi\u00f3n &#8216;Vega&#8217;<\/strong>: Se encuentra dentro de la l\u00ednea de bajo coste. Al ser un dise\u00f1o sobrio encaja muy bien con una cofrad\u00eda de corte m\u00e1s serio. <a href=\"https:\/\/farolesdeforja.es\/tienda\/faroles\/farol-procesion-vega\/\">Ver producto<\/a>.<\/li>\n<\/ul>\n<p><img loading=\"lazy\" decoding=\"async\" class=\"size-medium wp-image-3611 aligncenter\" src=\"https:\/\/farolesdeforja.es\/wp-content\/uploads\/2018\/11\/procesion-vega-300x300.jpg\" alt=\"Farol Procesi\u00f3n Vega\" width=\"300\" height=\"300\" srcset=\"https:\/\/farolesdeforja.es\/wp-content\/uploads\/2018\/11\/procesion-vega-300x300.jpg 300w, https:\/\/farolesdeforja.es\/wp-content\/uploads\/2018\/11\/procesion-vega-150x150.jpg 150w, https:\/\/farolesdeforja.es\/wp-content\/uploads\/2018\/11\/procesion-vega-768x768.jpg 768w, https:\/\/farolesdeforja.es\/wp-content\/uploads\/2018\/11\/procesion-vega-1024x1024.jpg 1024w, https:\/\/farolesdeforja.es\/wp-content\/uploads\/2018\/11\/procesion-vega-20x20.jpg 20w, https:\/\/farolesdeforja.es\/wp-content\/uploads\/2018\/11\/procesion-vega-600x600.jpg 600w, https:\/\/farolesdeforja.es\/wp-content\/uploads\/2018\/11\/procesion-vega-100x100.jpg 100w, https:\/\/farolesdeforja.es\/wp-content\/uploads\/2018\/11\/procesion-vega-266x266.jpg 266w, https:\/\/farolesdeforja.es\/wp-content\/uploads\/2018\/11\/procesion-vega-32x32.jpg 32w, https:\/\/farolesdeforja.es\/wp-content\/uploads\/2018\/11\/procesion-vega.jpg 800w\" sizes=\"auto, (max-width: 300px) 100vw, 300px\" \/><\/p>\n<p>En <strong>Artesan\u00eda Salcedo<\/strong> amamos las tradiciones. Por eso queremos formar parte de ellas, intentando engrandecerlas con nuestros productos cien por cien elaborados a mano. Podr\u00e9is comprobar de primera mano la calidad de nuestros faroles incluy\u00e9ndolos en el patrimonio de vuestra Hermandad.<\/p>\n<p>&nbsp;<\/p>\n","protected":false},"excerpt":{"rendered":"<p>Muchos tienen marcado el Domingo de Ramos en el calendario y esa fecha ya est\u00e1 muy cerca. En numerosas ciudades y pueblos han comenzado los diversos cultos y eventos previos. Los cofrades se preparan para su fiesta grande y las hermandades ponen a punto sus enseres. Por ejemplo, los faroles procesionales para Semana Santa que [&hellip;]<\/p>\n","protected":false},"author":1,"featured_media":4167,"comment_status":"open","ping_status":"open","sticky":false,"template":"","format":"standard","meta":{"inline_featured_image":false,"_uag_custom_page_level_css":"","site-sidebar-layout":"default","site-content-layout":"","ast-site-content-layout":"default","site-content-style":"default","site-sidebar-style":"default","ast-global-header-display":"","ast-banner-title-visibility":"","ast-main-header-display":"","ast-hfb-above-header-display":"","ast-hfb-below-header-display":"","ast-hfb-mobile-header-display":"","site-post-title":"","ast-breadcrumbs-content":"","ast-featured-img":"","footer-sml-layout":"","ast-disable-related-posts":"","theme-transparent-header-meta":"","adv-header-id-meta":"","stick-header-meta":"","header-above-stick-meta":"","header-main-stick-meta":"","header-below-stick-meta":"","astra-migrate-meta-layouts":"default","ast-page-background-enabled":"default","ast-page-background-meta":{"desktop":{"background-color":"var(--ast-global-color-4)","background-image":"","background-repeat":"repeat","background-position":"center center","background-size":"auto","background-attachment":"scroll","background-type":"","background-media":"","overlay-type":"","overlay-color":"","overlay-opacity":"","overlay-gradient":""},"tablet":{"background-color":"","background-image":"","background-repeat":"repeat","background-position":"center center","background-size":"auto","background-attachment":"scroll","background-type":"","background-media":"","overlay-type":"","overlay-color":"","overlay-opacity":"","overlay-gradient":""},"mobile":{"background-color":"","background-image":"","background-repeat":"repeat","background-position":"center center","background-size":"auto","background-attachment":"scroll","background-type":"","background-media":"","overlay-type":"","overlay-color":"","overlay-opacity":"","overlay-gradient":""}},"ast-content-background-meta":{"desktop":{"background-color":"var(--ast-global-color-5)","background-image":"","background-repeat":"repeat","background-position":"center center","background-size":"auto","background-attachment":"scroll","background-type":"","background-media":"","overlay-type":"","overlay-color":"","overlay-opacity":"","overlay-gradient":""},"tablet":{"background-color":"var(--ast-global-color-5)","background-image":"","background-repeat":"repeat","background-position":"center center","background-size":"auto","background-attachment":"scroll","background-type":"","background-media":"","overlay-type":"","overlay-color":"","overlay-opacity":"","overlay-gradient":""},"mobile":{"background-color":"var(--ast-global-color-5)","background-image":"","background-repeat":"repeat","background-position":"center center","background-size":"auto","background-attachment":"scroll","background-type":"","background-media":"","overlay-type":"","overlay-color":"","overlay-opacity":"","overlay-gradient":""}},"footnotes":""},"categories":[101,161],"tags":[150,100,159,160,151,154],"class_list":["post-4157","post","type-post","status-publish","format-standard","has-post-thumbnail","hentry","category-forja-artistica","category-semana-santa","tag-artesania-cofrade","tag-artesania-salcedo","tag-cofradias","tag-faroles","tag-faroles-procesionales","tag-semana-santa"],"yoast_head":"<!-- This site is optimized with the Yoast SEO plugin v27.4 - https:\/\/yoast.com\/product\/yoast-seo-wordpress\/ -->\n<title>Faroles procesionales para Semana Santa | Artesan\u00eda Salcedo<\/title>\n<meta name=\"description\" content=\"Nuestro cat\u00e1logo de faroles procesionales para Semana Santa se adapta a las necesidades seg\u00fan el dise\u00f1o y el coste. Cons\u00faltanos.\" \/>\n<meta name=\"robots\" content=\"index, follow, max-snippet:-1, max-image-preview:large, max-video-preview:-1\" \/>\n<link rel=\"canonical\" href=\"https:\/\/farolesdeforja.es\/en\/faroles-procesionales-para-semana-santa\/\" \/>\n<meta property=\"og:locale\" content=\"en_US\" \/>\n<meta property=\"og:type\" content=\"article\" \/>\n<meta property=\"og:title\" content=\"Faroles procesionales para Semana Santa | Artesan\u00eda Salcedo\" \/>\n<meta property=\"og:description\" content=\"Nuestro cat\u00e1logo de faroles procesionales para Semana Santa se adapta a las necesidades seg\u00fan el dise\u00f1o y el coste. Cons\u00faltanos.\" \/>\n<meta property=\"og:url\" content=\"https:\/\/farolesdeforja.es\/en\/faroles-procesionales-para-semana-santa\/\" \/>\n<meta property=\"og:site_name\" content=\"Faroles de forja y Mobiliario de forja art\u00edstica | Artesan\u00eda Salcedo Sevilla\" \/>\n<meta property=\"article:publisher\" content=\"https:\/\/www.facebook.com\/salcedosevilla\" \/>\n<meta property=\"article:published_time\" content=\"2019-03-01T13:31:06+00:00\" \/>\n<meta property=\"article:modified_time\" content=\"2022-03-29T11:34:04+00:00\" \/>\n<meta property=\"og:image\" content=\"https:\/\/farolesdeforja.es\/wp-content\/uploads\/2019\/03\/faroles-procesionales-para-semana-santa.jpg\" \/>\n\t<meta property=\"og:image:width\" content=\"1894\" \/>\n\t<meta property=\"og:image:height\" content=\"1421\" \/>\n\t<meta property=\"og:image:type\" content=\"image\/jpeg\" \/>\n<meta name=\"author\" content=\"Salcedo artesan\u00eda\" \/>\n<meta name=\"twitter:card\" content=\"summary_large_image\" \/>\n<meta name=\"twitter:label1\" content=\"Written by\" \/>\n\t<meta name=\"twitter:data1\" content=\"Salcedo artesan\u00eda\" \/>\n\t<meta name=\"twitter:label2\" content=\"Est. reading time\" \/>\n\t<meta name=\"twitter:data2\" content=\"2 minutes\" \/>\n<script type=\"application\/ld+json\" class=\"yoast-schema-graph\">{\"@context\":\"https:\\\/\\\/schema.org\",\"@graph\":[{\"@type\":\"Article\",\"@id\":\"https:\\\/\\\/farolesdeforja.es\\\/en\\\/faroles-procesionales-para-semana-santa\\\/#article\",\"isPartOf\":{\"@id\":\"https:\\\/\\\/farolesdeforja.es\\\/en\\\/faroles-procesionales-para-semana-santa\\\/\"},\"author\":{\"name\":\"Salcedo artesan\u00eda\",\"@id\":\"https:\\\/\\\/farolesdeforja.es\\\/en\\\/#\\\/schema\\\/person\\\/185596d815bcbc7cda6427e9ad4b8b6f\"},\"headline\":\"Faroles procesionales para Semana Santa. Adaptamos el cat\u00e1logo a tus necesidades\",\"datePublished\":\"2019-03-01T13:31:06+00:00\",\"dateModified\":\"2022-03-29T11:34:04+00:00\",\"mainEntityOfPage\":{\"@id\":\"https:\\\/\\\/farolesdeforja.es\\\/en\\\/faroles-procesionales-para-semana-santa\\\/\"},\"wordCount\":403,\"commentCount\":0,\"publisher\":{\"@id\":\"https:\\\/\\\/farolesdeforja.es\\\/en\\\/#organization\"},\"image\":{\"@id\":\"https:\\\/\\\/farolesdeforja.es\\\/en\\\/faroles-procesionales-para-semana-santa\\\/#primaryimage\"},\"thumbnailUrl\":\"https:\\\/\\\/farolesdeforja.es\\\/wp-content\\\/uploads\\\/2019\\\/03\\\/faroles-procesionales-para-semana-santa.jpg\",\"keywords\":[\"artesan\u00eda cofrade\",\"artesan\u00eda salcedo\",\"cofrad\u00edas\",\"faroles\",\"faroles procesionales\",\"semana santa\"],\"articleSection\":[\"Forja art\u00edstica\",\"Semana Santa\"],\"inLanguage\":\"en-US\"},{\"@type\":\"WebPage\",\"@id\":\"https:\\\/\\\/farolesdeforja.es\\\/en\\\/faroles-procesionales-para-semana-santa\\\/\",\"url\":\"https:\\\/\\\/farolesdeforja.es\\\/en\\\/faroles-procesionales-para-semana-santa\\\/\",\"name\":\"Faroles procesionales para Semana Santa | Artesan\u00eda Salcedo\",\"isPartOf\":{\"@id\":\"https:\\\/\\\/farolesdeforja.es\\\/en\\\/#website\"},\"primaryImageOfPage\":{\"@id\":\"https:\\\/\\\/farolesdeforja.es\\\/en\\\/faroles-procesionales-para-semana-santa\\\/#primaryimage\"},\"image\":{\"@id\":\"https:\\\/\\\/farolesdeforja.es\\\/en\\\/faroles-procesionales-para-semana-santa\\\/#primaryimage\"},\"thumbnailUrl\":\"https:\\\/\\\/farolesdeforja.es\\\/wp-content\\\/uploads\\\/2019\\\/03\\\/faroles-procesionales-para-semana-santa.jpg\",\"datePublished\":\"2019-03-01T13:31:06+00:00\",\"dateModified\":\"2022-03-29T11:34:04+00:00\",\"description\":\"Nuestro cat\u00e1logo de faroles procesionales para Semana Santa se adapta a las necesidades seg\u00fan el dise\u00f1o y el coste. Cons\u00faltanos.\",\"breadcrumb\":{\"@id\":\"https:\\\/\\\/farolesdeforja.es\\\/en\\\/faroles-procesionales-para-semana-santa\\\/#breadcrumb\"},\"inLanguage\":\"en-US\",\"potentialAction\":[{\"@type\":\"ReadAction\",\"target\":[\"https:\\\/\\\/farolesdeforja.es\\\/en\\\/faroles-procesionales-para-semana-santa\\\/\"]}]},{\"@type\":\"ImageObject\",\"inLanguage\":\"en-US\",\"@id\":\"https:\\\/\\\/farolesdeforja.es\\\/en\\\/faroles-procesionales-para-semana-santa\\\/#primaryimage\",\"url\":\"https:\\\/\\\/farolesdeforja.es\\\/wp-content\\\/uploads\\\/2019\\\/03\\\/faroles-procesionales-para-semana-santa.jpg\",\"contentUrl\":\"https:\\\/\\\/farolesdeforja.es\\\/wp-content\\\/uploads\\\/2019\\\/03\\\/faroles-procesionales-para-semana-santa.jpg\",\"width\":1894,\"height\":1421,\"caption\":\"Faroles procesionales para Semana Santa\"},{\"@type\":\"BreadcrumbList\",\"@id\":\"https:\\\/\\\/farolesdeforja.es\\\/en\\\/faroles-procesionales-para-semana-santa\\\/#breadcrumb\",\"itemListElement\":[{\"@type\":\"ListItem\",\"position\":1,\"name\":\"Inicio\",\"item\":\"https:\\\/\\\/farolesdeforja.es\\\/en\\\/\"},{\"@type\":\"ListItem\",\"position\":2,\"name\":\"Faroles procesionales para Semana Santa. Adaptamos el cat\u00e1logo a tus necesidades\"}]},{\"@type\":\"WebSite\",\"@id\":\"https:\\\/\\\/farolesdeforja.es\\\/en\\\/#website\",\"url\":\"https:\\\/\\\/farolesdeforja.es\\\/en\\\/\",\"name\":\"Faroles de forja y Mobiliario de forja art\u00edstica | Artesan\u00eda Salcedo Sevilla\",\"description\":\"Faroles de forja y mobiliario fabricados de forma artesanal desde 1971. Artesan\u00eda Salcedo es referente en forja art\u00edstica en Sevilla. Compra online de faroles de forja y env\u00edo GRATIS en casi todos los art\u00edculos \u00a1Personalizamos cualquier pieza!\",\"publisher\":{\"@id\":\"https:\\\/\\\/farolesdeforja.es\\\/en\\\/#organization\"},\"alternateName\":\"Salcedo Sevilla\",\"potentialAction\":[{\"@type\":\"SearchAction\",\"target\":{\"@type\":\"EntryPoint\",\"urlTemplate\":\"https:\\\/\\\/farolesdeforja.es\\\/en\\\/?s={search_term_string}\"},\"query-input\":{\"@type\":\"PropertyValueSpecification\",\"valueRequired\":true,\"valueName\":\"search_term_string\"}}],\"inLanguage\":\"en-US\"},{\"@type\":\"Organization\",\"@id\":\"https:\\\/\\\/farolesdeforja.es\\\/en\\\/#organization\",\"name\":\"Salcedo Sevilla\",\"url\":\"https:\\\/\\\/farolesdeforja.es\\\/en\\\/\",\"logo\":{\"@type\":\"ImageObject\",\"inLanguage\":\"en-US\",\"@id\":\"https:\\\/\\\/farolesdeforja.es\\\/en\\\/#\\\/schema\\\/logo\\\/image\\\/\",\"url\":\"https:\\\/\\\/farolesdeforja.es\\\/wp-content\\\/uploads\\\/2018\\\/04\\\/cropped-favicon.png\",\"contentUrl\":\"https:\\\/\\\/farolesdeforja.es\\\/wp-content\\\/uploads\\\/2018\\\/04\\\/cropped-favicon.png\",\"width\":512,\"height\":512,\"caption\":\"Salcedo Sevilla\"},\"image\":{\"@id\":\"https:\\\/\\\/farolesdeforja.es\\\/en\\\/#\\\/schema\\\/logo\\\/image\\\/\"},\"sameAs\":[\"https:\\\/\\\/www.facebook.com\\\/salcedosevilla\",\"https:\\\/\\\/www.instagram.com\\\/farolesdeforja\\\/\",\"https:\\\/\\\/www.pinterest.com\\\/Farolesdeforja\\\/\"]},{\"@type\":\"Person\",\"@id\":\"https:\\\/\\\/farolesdeforja.es\\\/en\\\/#\\\/schema\\\/person\\\/185596d815bcbc7cda6427e9ad4b8b6f\",\"name\":\"Salcedo artesan\u00eda\",\"image\":{\"@type\":\"ImageObject\",\"inLanguage\":\"en-US\",\"@id\":\"https:\\\/\\\/secure.gravatar.com\\\/avatar\\\/af0373de48c8f9f53bceda0eebe2f6e70f9d33d141bdb4966578d880b0105244?s=96&d=mm&r=g\",\"url\":\"https:\\\/\\\/secure.gravatar.com\\\/avatar\\\/af0373de48c8f9f53bceda0eebe2f6e70f9d33d141bdb4966578d880b0105244?s=96&d=mm&r=g\",\"contentUrl\":\"https:\\\/\\\/secure.gravatar.com\\\/avatar\\\/af0373de48c8f9f53bceda0eebe2f6e70f9d33d141bdb4966578d880b0105244?s=96&d=mm&r=g\",\"caption\":\"Salcedo artesan\u00eda\"}}]}<\/script>\n<!-- \/ Yoast SEO plugin. -->","yoast_head_json":{"title":"Faroles procesionales para Semana Santa | Artesan\u00eda Salcedo","description":"Nuestro cat\u00e1logo de faroles procesionales para Semana Santa se adapta a las necesidades seg\u00fan el dise\u00f1o y el coste. Cons\u00faltanos.","robots":{"index":"index","follow":"follow","max-snippet":"max-snippet:-1","max-image-preview":"max-image-preview:large","max-video-preview":"max-video-preview:-1"},"canonical":"https:\/\/farolesdeforja.es\/en\/faroles-procesionales-para-semana-santa\/","og_locale":"en_US","og_type":"article","og_title":"Faroles procesionales para Semana Santa | Artesan\u00eda Salcedo","og_description":"Nuestro cat\u00e1logo de faroles procesionales para Semana Santa se adapta a las necesidades seg\u00fan el dise\u00f1o y el coste. Cons\u00faltanos.","og_url":"https:\/\/farolesdeforja.es\/en\/faroles-procesionales-para-semana-santa\/","og_site_name":"Faroles de forja y Mobiliario de forja art\u00edstica | Artesan\u00eda Salcedo Sevilla","article_publisher":"https:\/\/www.facebook.com\/salcedosevilla","article_published_time":"2019-03-01T13:31:06+00:00","article_modified_time":"2022-03-29T11:34:04+00:00","og_image":[{"width":1894,"height":1421,"url":"https:\/\/farolesdeforja.es\/wp-content\/uploads\/2019\/03\/faroles-procesionales-para-semana-santa.jpg","type":"image\/jpeg"}],"author":"Salcedo artesan\u00eda","twitter_card":"summary_large_image","twitter_misc":{"Written by":"Salcedo artesan\u00eda","Est. reading time":"2 minutes"},"schema":{"@context":"https:\/\/schema.org","@graph":[{"@type":"Article","@id":"https:\/\/farolesdeforja.es\/en\/faroles-procesionales-para-semana-santa\/#article","isPartOf":{"@id":"https:\/\/farolesdeforja.es\/en\/faroles-procesionales-para-semana-santa\/"},"author":{"name":"Salcedo artesan\u00eda","@id":"https:\/\/farolesdeforja.es\/en\/#\/schema\/person\/185596d815bcbc7cda6427e9ad4b8b6f"},"headline":"Faroles procesionales para Semana Santa. Adaptamos el cat\u00e1logo a tus necesidades","datePublished":"2019-03-01T13:31:06+00:00","dateModified":"2022-03-29T11:34:04+00:00","mainEntityOfPage":{"@id":"https:\/\/farolesdeforja.es\/en\/faroles-procesionales-para-semana-santa\/"},"wordCount":403,"commentCount":0,"publisher":{"@id":"https:\/\/farolesdeforja.es\/en\/#organization"},"image":{"@id":"https:\/\/farolesdeforja.es\/en\/faroles-procesionales-para-semana-santa\/#primaryimage"},"thumbnailUrl":"https:\/\/farolesdeforja.es\/wp-content\/uploads\/2019\/03\/faroles-procesionales-para-semana-santa.jpg","keywords":["artesan\u00eda cofrade","artesan\u00eda salcedo","cofrad\u00edas","faroles","faroles procesionales","semana santa"],"articleSection":["Forja art\u00edstica","Semana Santa"],"inLanguage":"en-US"},{"@type":"WebPage","@id":"https:\/\/farolesdeforja.es\/en\/faroles-procesionales-para-semana-santa\/","url":"https:\/\/farolesdeforja.es\/en\/faroles-procesionales-para-semana-santa\/","name":"Faroles procesionales para Semana Santa | Artesan\u00eda Salcedo","isPartOf":{"@id":"https:\/\/farolesdeforja.es\/en\/#website"},"primaryImageOfPage":{"@id":"https:\/\/farolesdeforja.es\/en\/faroles-procesionales-para-semana-santa\/#primaryimage"},"image":{"@id":"https:\/\/farolesdeforja.es\/en\/faroles-procesionales-para-semana-santa\/#primaryimage"},"thumbnailUrl":"https:\/\/farolesdeforja.es\/wp-content\/uploads\/2019\/03\/faroles-procesionales-para-semana-santa.jpg","datePublished":"2019-03-01T13:31:06+00:00","dateModified":"2022-03-29T11:34:04+00:00","description":"Nuestro cat\u00e1logo de faroles procesionales para Semana Santa se adapta a las necesidades seg\u00fan el dise\u00f1o y el coste. Cons\u00faltanos.","breadcrumb":{"@id":"https:\/\/farolesdeforja.es\/en\/faroles-procesionales-para-semana-santa\/#breadcrumb"},"inLanguage":"en-US","potentialAction":[{"@type":"ReadAction","target":["https:\/\/farolesdeforja.es\/en\/faroles-procesionales-para-semana-santa\/"]}]},{"@type":"ImageObject","inLanguage":"en-US","@id":"https:\/\/farolesdeforja.es\/en\/faroles-procesionales-para-semana-santa\/#primaryimage","url":"https:\/\/farolesdeforja.es\/wp-content\/uploads\/2019\/03\/faroles-procesionales-para-semana-santa.jpg","contentUrl":"https:\/\/farolesdeforja.es\/wp-content\/uploads\/2019\/03\/faroles-procesionales-para-semana-santa.jpg","width":1894,"height":1421,"caption":"Faroles procesionales para Semana Santa"},{"@type":"BreadcrumbList","@id":"https:\/\/farolesdeforja.es\/en\/faroles-procesionales-para-semana-santa\/#breadcrumb","itemListElement":[{"@type":"ListItem","position":1,"name":"Inicio","item":"https:\/\/farolesdeforja.es\/en\/"},{"@type":"ListItem","position":2,"name":"Faroles procesionales para Semana Santa. Adaptamos el cat\u00e1logo a tus necesidades"}]},{"@type":"WebSite","@id":"https:\/\/farolesdeforja.es\/en\/#website","url":"https:\/\/farolesdeforja.es\/en\/","name":"Faroles de forja y Mobiliario de forja art\u00edstica | Artesan\u00eda Salcedo Sevilla","description":"Faroles de forja y mobiliario fabricados de forma artesanal desde 1971. Artesan\u00eda Salcedo es referente en forja art\u00edstica en Sevilla. Compra online de faroles de forja y env\u00edo GRATIS en casi todos los art\u00edculos \u00a1Personalizamos cualquier pieza!","publisher":{"@id":"https:\/\/farolesdeforja.es\/en\/#organization"},"alternateName":"Salcedo Sevilla","potentialAction":[{"@type":"SearchAction","target":{"@type":"EntryPoint","urlTemplate":"https:\/\/farolesdeforja.es\/en\/?s={search_term_string}"},"query-input":{"@type":"PropertyValueSpecification","valueRequired":true,"valueName":"search_term_string"}}],"inLanguage":"en-US"},{"@type":"Organization","@id":"https:\/\/farolesdeforja.es\/en\/#organization","name":"Salcedo Sevilla","url":"https:\/\/farolesdeforja.es\/en\/","logo":{"@type":"ImageObject","inLanguage":"en-US","@id":"https:\/\/farolesdeforja.es\/en\/#\/schema\/logo\/image\/","url":"https:\/\/farolesdeforja.es\/wp-content\/uploads\/2018\/04\/cropped-favicon.png","contentUrl":"https:\/\/farolesdeforja.es\/wp-content\/uploads\/2018\/04\/cropped-favicon.png","width":512,"height":512,"caption":"Salcedo Sevilla"},"image":{"@id":"https:\/\/farolesdeforja.es\/en\/#\/schema\/logo\/image\/"},"sameAs":["https:\/\/www.facebook.com\/salcedosevilla","https:\/\/www.instagram.com\/farolesdeforja\/","https:\/\/www.pinterest.com\/Farolesdeforja\/"]},{"@type":"Person","@id":"https:\/\/farolesdeforja.es\/en\/#\/schema\/person\/185596d815bcbc7cda6427e9ad4b8b6f","name":"Salcedo artesan\u00eda","image":{"@type":"ImageObject","inLanguage":"en-US","@id":"https:\/\/secure.gravatar.com\/avatar\/af0373de48c8f9f53bceda0eebe2f6e70f9d33d141bdb4966578d880b0105244?s=96&d=mm&r=g","url":"https:\/\/secure.gravatar.com\/avatar\/af0373de48c8f9f53bceda0eebe2f6e70f9d33d141bdb4966578d880b0105244?s=96&d=mm&r=g","contentUrl":"https:\/\/secure.gravatar.com\/avatar\/af0373de48c8f9f53bceda0eebe2f6e70f9d33d141bdb4966578d880b0105244?s=96&d=mm&r=g","caption":"Salcedo artesan\u00eda"}}]}},"uagb_featured_image_src":{"full":["https:\/\/farolesdeforja.es\/wp-content\/uploads\/2019\/03\/faroles-procesionales-para-semana-santa.jpg",1894,1421,false],"thumbnail":["https:\/\/farolesdeforja.es\/wp-content\/uploads\/2019\/03\/faroles-procesionales-para-semana-santa-150x150.jpg",150,150,true],"medium":["https:\/\/farolesdeforja.es\/wp-content\/uploads\/2019\/03\/faroles-procesionales-para-semana-santa-300x225.jpg",300,225,true],"medium_large":["https:\/\/farolesdeforja.es\/wp-content\/uploads\/2019\/03\/faroles-procesionales-para-semana-santa-768x576.jpg",768,576,true],"large":["https:\/\/farolesdeforja.es\/wp-content\/uploads\/2019\/03\/faroles-procesionales-para-semana-santa-1024x768.jpg",1024,768,true],"1536x1536":["https:\/\/farolesdeforja.es\/wp-content\/uploads\/2019\/03\/faroles-procesionales-para-semana-santa.jpg",1536,1152,false],"2048x2048":["https:\/\/farolesdeforja.es\/wp-content\/uploads\/2019\/03\/faroles-procesionales-para-semana-santa.jpg",1894,1421,false],"bdpp-medium":["https:\/\/farolesdeforja.es\/wp-content\/uploads\/2019\/03\/faroles-procesionales-para-semana-santa.jpg",640,480,false],"woocommerce_thumbnail":["https:\/\/farolesdeforja.es\/wp-content\/uploads\/2019\/03\/faroles-procesionales-para-semana-santa-300x300.jpg",300,300,true],"woocommerce_single":["https:\/\/farolesdeforja.es\/wp-content\/uploads\/2019\/03\/faroles-procesionales-para-semana-santa-600x450.jpg",600,450,true],"woocommerce_gallery_thumbnail":["https:\/\/farolesdeforja.es\/wp-content\/uploads\/2019\/03\/faroles-procesionales-para-semana-santa-100x100.jpg",100,100,true]},"uagb_author_info":{"display_name":"Salcedo artesan\u00eda","author_link":"https:\/\/farolesdeforja.es\/en\/author\/businessgo\/"},"uagb_comment_info":0,"uagb_excerpt":"Muchos tienen marcado el Domingo de Ramos en el calendario y esa fecha ya est\u00e1 muy cerca. En numerosas ciudades y pueblos han comenzado los diversos cultos y eventos previos. Los cofrades se preparan para su fiesta grande y las hermandades ponen a punto sus enseres. Por ejemplo, los faroles procesionales para Semana Santa que&hellip;","_links":{"self":[{"href":"https:\/\/farolesdeforja.es\/en\/wp-json\/wp\/v2\/posts\/4157","targetHints":{"allow":["GET"]}}],"collection":[{"href":"https:\/\/farolesdeforja.es\/en\/wp-json\/wp\/v2\/posts"}],"about":[{"href":"https:\/\/farolesdeforja.es\/en\/wp-json\/wp\/v2\/types\/post"}],"author":[{"embeddable":true,"href":"https:\/\/farolesdeforja.es\/en\/wp-json\/wp\/v2\/users\/1"}],"replies":[{"embeddable":true,"href":"https:\/\/farolesdeforja.es\/en\/wp-json\/wp\/v2\/comments?post=4157"}],"version-history":[{"count":0,"href":"https:\/\/farolesdeforja.es\/en\/wp-json\/wp\/v2\/posts\/4157\/revisions"}],"wp:featuredmedia":[{"embeddable":true,"href":"https:\/\/farolesdeforja.es\/en\/wp-json\/wp\/v2\/media\/4167"}],"wp:attachment":[{"href":"https:\/\/farolesdeforja.es\/en\/wp-json\/wp\/v2\/media?parent=4157"}],"wp:term":[{"taxonomy":"category","embeddable":true,"href":"https:\/\/farolesdeforja.es\/en\/wp-json\/wp\/v2\/categories?post=4157"},{"taxonomy":"post_tag","embeddable":true,"href":"https:\/\/farolesdeforja.es\/en\/wp-json\/wp\/v2\/tags?post=4157"}],"curies":[{"name":"wp","href":"https:\/\/api.w.org\/{rel}","templated":true}]}}