{"id":4145,"date":"2019-02-15T14:56:08","date_gmt":"2019-02-15T13:56:08","guid":{"rendered":"https:\/\/farolesdeforja.es\/?p=4145"},"modified":"2019-02-15T14:56:08","modified_gmt":"2019-02-15T13:56:08","slug":"pon-una-urna-de-cristal-en-casa","status":"publish","type":"post","link":"https:\/\/farolesdeforja.es\/en\/pon-una-urna-de-cristal-en-casa\/","title":{"rendered":"Pon una urna de cristal en casa"},"content":{"rendered":"<p>Como todo el mundo sabe, y si nos acabas de conocer lo vas a descubrir ahora, <strong>somos especialistas en faroles de forja<\/strong>. Pero tenemos m\u00e1s, mucho m\u00e1s&#8230;Realizamos de forma artesanal todo tipo de objetos. En este post, os hablaremos de un tipo de producto muy demandado: la <strong>urna de cristal<\/strong>.<\/p>\n<p>Con una, se puede exponer, con protecci\u00f3n, alg\u00fan bello objeto que queramos tenemos como decoraci\u00f3n en casa. Por eso, a la hora de dise\u00f1arlos tenemos en cuenta su car\u00e1cter de armon\u00eda con aquello que guardar\u00e1. Eso s\u00ed, el objetivo es no excederse en la decoraci\u00f3n para no quitarle protagonismo a aquello que tendr\u00e1 dentro.<\/p>\n<p>A la hora de tener en cuenta la medida de una urna de cristal, hay que apuntar dos tipos de medidas. Primero, la exterior para saber d\u00f3nde podr\u00eda encajar en la casa. Segundo, la interior para que quepa el objeto que queramos guardar. No podemos olvidar que esta medida ser\u00e1 inferior a la exterior.<\/p>\n<p>La ventaja de adquirir alguna de nuestras vitrinas es que pueden ejecutarse con medidas adaptables seg\u00fan el gusto y las necesidades del cliente. Para ello, ofrecemos la opci\u00f3n de pedir un presupuesto personalizado en nuestro <strong><a href=\"https:\/\/farolesdeforja.es\/contacto\/\">formulario<\/a><\/strong>.<\/p>\n<h2>Urna de cristal seg\u00fan el gusto del cliente<\/h2>\n<p>Pasamos a presentaros la selecci\u00f3n de urnas de cristal disponible en la\u00a0<strong><a href=\"https:\/\/farolesdeforja.es\/tienda\/\">tienda online<\/a><\/strong>\u00a0de Artesan\u00eda Salcedo:<\/p>\n<ul>\n<li><strong>Urna de cristal &#8216;Abril&#8217;<\/strong>: Elegante dise\u00f1o de la &#8216;Abril&#8217;. Este modelo cuenta con una puerta con pestillo. Es uno de los casos en los que las medidas pueden personalizarse. <a href=\"https:\/\/farolesdeforja.es\/tienda\/varios\/urnas-de-cristal\/urna-de-cristal-abril\/\">Ver producto<\/a>.<\/li>\n<\/ul>\n<p><img loading=\"lazy\" decoding=\"async\" class=\"size-medium wp-image-4134 aligncenter\" src=\"https:\/\/farolesdeforja.es\/wp-content\/uploads\/2019\/02\/urna-abril-300x300.jpg\" alt=\"\" width=\"300\" height=\"300\" srcset=\"https:\/\/farolesdeforja.es\/wp-content\/uploads\/2019\/02\/urna-abril-300x300.jpg 300w, https:\/\/farolesdeforja.es\/wp-content\/uploads\/2019\/02\/urna-abril-150x150.jpg 150w, https:\/\/farolesdeforja.es\/wp-content\/uploads\/2019\/02\/urna-abril-768x768.jpg 768w, https:\/\/farolesdeforja.es\/wp-content\/uploads\/2019\/02\/urna-abril-1024x1024.jpg 1024w, https:\/\/farolesdeforja.es\/wp-content\/uploads\/2019\/02\/urna-abril-20x20.jpg 20w, https:\/\/farolesdeforja.es\/wp-content\/uploads\/2019\/02\/urna-abril-600x600.jpg 600w, https:\/\/farolesdeforja.es\/wp-content\/uploads\/2019\/02\/urna-abril-100x100.jpg 100w, https:\/\/farolesdeforja.es\/wp-content\/uploads\/2019\/02\/urna-abril-32x32.jpg 32w, https:\/\/farolesdeforja.es\/wp-content\/uploads\/2019\/02\/urna-abril-266x266.jpg 266w, https:\/\/farolesdeforja.es\/wp-content\/uploads\/2019\/02\/urna-abril.jpg 800w\" sizes=\"auto, (max-width: 300px) 100vw, 300px\" \/><\/p>\n<ul>\n<li><strong>Urna de cristal &#8216;Jerez&#8217;<\/strong>: Vitrina de porte cl\u00e1sico. Tambi\u00e9n de puerta con pestillo adaptable seg\u00fan la preferencia del cliente, al igual que las medidas. <a href=\"https:\/\/farolesdeforja.es\/tienda\/varios\/urnas-de-cristal\/urna-de-cristal-jerez\/\">Ver producto<\/a>.<\/li>\n<\/ul>\n<p><img loading=\"lazy\" decoding=\"async\" class=\"size-medium wp-image-4116 aligncenter\" src=\"https:\/\/farolesdeforja.es\/wp-content\/uploads\/2019\/02\/urna-de-cristal-jerez-300x300.jpg\" alt=\"\" width=\"300\" height=\"300\" srcset=\"https:\/\/farolesdeforja.es\/wp-content\/uploads\/2019\/02\/urna-de-cristal-jerez-300x300.jpg 300w, https:\/\/farolesdeforja.es\/wp-content\/uploads\/2019\/02\/urna-de-cristal-jerez-150x150.jpg 150w, https:\/\/farolesdeforja.es\/wp-content\/uploads\/2019\/02\/urna-de-cristal-jerez-768x768.jpg 768w, https:\/\/farolesdeforja.es\/wp-content\/uploads\/2019\/02\/urna-de-cristal-jerez-1024x1024.jpg 1024w, https:\/\/farolesdeforja.es\/wp-content\/uploads\/2019\/02\/urna-de-cristal-jerez-20x20.jpg 20w, https:\/\/farolesdeforja.es\/wp-content\/uploads\/2019\/02\/urna-de-cristal-jerez-600x600.jpg 600w, https:\/\/farolesdeforja.es\/wp-content\/uploads\/2019\/02\/urna-de-cristal-jerez-100x100.jpg 100w, https:\/\/farolesdeforja.es\/wp-content\/uploads\/2019\/02\/urna-de-cristal-jerez-266x266.jpg 266w, https:\/\/farolesdeforja.es\/wp-content\/uploads\/2019\/02\/urna-de-cristal-jerez.jpg 800w\" sizes=\"auto, (max-width: 300px) 100vw, 300px\" \/><\/p>\n<ul>\n<li><strong>Urna de cristal &#8216;Santa \u00c1ngela&#8217;<\/strong>: Interesante art\u00edculo del cat\u00e1logo, muy del estilo Salcedo. Cuenta con unas medidas de 60 cm de alto por 30 de ancho, aunque tambi\u00e9n se puede modificar. <a href=\"https:\/\/farolesdeforja.es\/tienda\/faroles\/faroles-para-vela\/urna-cristal-santa-angela\/\">Ver producto<\/a>.<\/li>\n<\/ul>\n<p><img loading=\"lazy\" decoding=\"async\" class=\"size-medium wp-image-941 aligncenter\" src=\"https:\/\/farolesdeforja.es\/wp-content\/uploads\/2018\/05\/urna-santa-ngela-65cm-x-30cm-300x300.jpg\" alt=\"\" width=\"300\" height=\"300\" srcset=\"https:\/\/farolesdeforja.es\/wp-content\/uploads\/2018\/05\/urna-santa-ngela-65cm-x-30cm-300x300.jpg 300w, https:\/\/farolesdeforja.es\/wp-content\/uploads\/2018\/05\/urna-santa-ngela-65cm-x-30cm-150x150.jpg 150w, https:\/\/farolesdeforja.es\/wp-content\/uploads\/2018\/05\/urna-santa-ngela-65cm-x-30cm-768x768.jpg 768w, https:\/\/farolesdeforja.es\/wp-content\/uploads\/2018\/05\/urna-santa-ngela-65cm-x-30cm-600x600.jpg 600w, https:\/\/farolesdeforja.es\/wp-content\/uploads\/2018\/05\/urna-santa-ngela-65cm-x-30cm-100x100.jpg 100w, https:\/\/farolesdeforja.es\/wp-content\/uploads\/2018\/05\/urna-santa-ngela-65cm-x-30cm.jpg 800w\" sizes=\"auto, (max-width: 300px) 100vw, 300px\" \/><\/p>\n<ul>\n<li><strong>Urna de cristal &#8216;Torre&#8217;<\/strong>: Viendo su forma, el nombre lo dice todo. Como en art\u00edculos anteriores, el tama\u00f1o de la &#8216;Torre&#8217; se puede personalizar.\u00a0<a href=\"https:\/\/farolesdeforja.es\/tienda\/varios\/urnas-de-cristal\/urna-de-cristal-torre\/\">Ver producto<\/a>.<\/li>\n<\/ul>\n<p><img loading=\"lazy\" decoding=\"async\" class=\"size-medium wp-image-4136 aligncenter\" src=\"https:\/\/farolesdeforja.es\/wp-content\/uploads\/2019\/02\/urna-torre-300x300.jpg\" alt=\"\" width=\"300\" height=\"300\" srcset=\"https:\/\/farolesdeforja.es\/wp-content\/uploads\/2019\/02\/urna-torre-300x300.jpg 300w, https:\/\/farolesdeforja.es\/wp-content\/uploads\/2019\/02\/urna-torre-150x150.jpg 150w, https:\/\/farolesdeforja.es\/wp-content\/uploads\/2019\/02\/urna-torre-768x768.jpg 768w, https:\/\/farolesdeforja.es\/wp-content\/uploads\/2019\/02\/urna-torre-1024x1024.jpg 1024w, https:\/\/farolesdeforja.es\/wp-content\/uploads\/2019\/02\/urna-torre-20x20.jpg 20w, https:\/\/farolesdeforja.es\/wp-content\/uploads\/2019\/02\/urna-torre-600x600.jpg 600w, https:\/\/farolesdeforja.es\/wp-content\/uploads\/2019\/02\/urna-torre-100x100.jpg 100w, https:\/\/farolesdeforja.es\/wp-content\/uploads\/2019\/02\/urna-torre-266x266.jpg 266w, https:\/\/farolesdeforja.es\/wp-content\/uploads\/2019\/02\/urna-torre.jpg 800w\" sizes=\"auto, (max-width: 300px) 100vw, 300px\" \/><\/p>\n<p>Esta es solo una peque\u00f1a parte del amplio cat\u00e1logo de <strong>Artesan\u00eda Salcedo<\/strong>. Os recordamos que somos <a href=\"https:\/\/farolesdeforja.es\/somos-artesanos-de-la-forja\/\"><strong>artesanos de la forja<\/strong><\/a>, por lo que nuestros art\u00edculos est\u00e1n elaborados a mano cien por cien.<\/p>\n","protected":false},"excerpt":{"rendered":"<p>Como todo el mundo sabe, y si nos acabas de conocer lo vas a descubrir ahora, somos especialistas en faroles de forja. Pero tenemos m\u00e1s, mucho m\u00e1s&#8230;Realizamos de forma artesanal todo tipo de objetos. En este post, os hablaremos de un tipo de producto muy demandado: la urna de cristal. Con una, se puede exponer, [&hellip;]<\/p>\n","protected":false},"author":1,"featured_media":4149,"comment_status":"open","ping_status":"open","sticky":false,"template":"","format":"standard","meta":{"inline_featured_image":false,"_uag_custom_page_level_css":"","site-sidebar-layout":"default","site-content-layout":"","ast-site-content-layout":"default","site-content-style":"default","site-sidebar-style":"default","ast-global-header-display":"","ast-banner-title-visibility":"","ast-main-header-display":"","ast-hfb-above-header-display":"","ast-hfb-below-header-display":"","ast-hfb-mobile-header-display":"","site-post-title":"","ast-breadcrumbs-content":"","ast-featured-img":"","footer-sml-layout":"","ast-disable-related-posts":"","theme-transparent-header-meta":"","adv-header-id-meta":"","stick-header-meta":"","header-above-stick-meta":"","header-main-stick-meta":"","header-below-stick-meta":"","astra-migrate-meta-layouts":"default","ast-page-background-enabled":"default","ast-page-background-meta":{"desktop":{"background-color":"var(--ast-global-color-4)","background-image":"","background-repeat":"repeat","background-position":"center center","background-size":"auto","background-attachment":"scroll","background-type":"","background-media":"","overlay-type":"","overlay-color":"","overlay-opacity":"","overlay-gradient":""},"tablet":{"background-color":"","background-image":"","background-repeat":"repeat","background-position":"center center","background-size":"auto","background-attachment":"scroll","background-type":"","background-media":"","overlay-type":"","overlay-color":"","overlay-opacity":"","overlay-gradient":""},"mobile":{"background-color":"","background-image":"","background-repeat":"repeat","background-position":"center center","background-size":"auto","background-attachment":"scroll","background-type":"","background-media":"","overlay-type":"","overlay-color":"","overlay-opacity":"","overlay-gradient":""}},"ast-content-background-meta":{"desktop":{"background-color":"var(--ast-global-color-5)","background-image":"","background-repeat":"repeat","background-position":"center center","background-size":"auto","background-attachment":"scroll","background-type":"","background-media":"","overlay-type":"","overlay-color":"","overlay-opacity":"","overlay-gradient":""},"tablet":{"background-color":"var(--ast-global-color-5)","background-image":"","background-repeat":"repeat","background-position":"center center","background-size":"auto","background-attachment":"scroll","background-type":"","background-media":"","overlay-type":"","overlay-color":"","overlay-opacity":"","overlay-gradient":""},"mobile":{"background-color":"var(--ast-global-color-5)","background-image":"","background-repeat":"repeat","background-position":"center center","background-size":"auto","background-attachment":"scroll","background-type":"","background-media":"","overlay-type":"","overlay-color":"","overlay-opacity":"","overlay-gradient":""}},"footnotes":""},"categories":[101],"tags":[156,158,157],"class_list":["post-4145","post","type-post","status-publish","format-standard","has-post-thumbnail","hentry","category-forja-artistica","tag-urna-de-cristal","tag-urnas","tag-vitrinas-de-cristal"],"yoast_head":"<!-- This site is optimized with the Yoast SEO plugin v27.4 - https:\/\/yoast.com\/product\/yoast-seo-wordpress\/ -->\n<title>Pon una urna de cristal en casa | Faroles de forja y Mobiliario de forja art\u00edstica | Artesan\u00eda Salcedo Sevilla<\/title>\n<meta name=\"description\" content=\"No solo fabricamos faroles de forja. Otra especialidad de nuestros art\u00edculos fabricados a mano es la urna de cristal. \u00a1Consulta el cat\u00e1logo!\" \/>\n<meta name=\"robots\" content=\"index, follow, max-snippet:-1, max-image-preview:large, max-video-preview:-1\" \/>\n<link rel=\"canonical\" href=\"https:\/\/farolesdeforja.es\/en\/pon-una-urna-de-cristal-en-casa\/\" \/>\n<meta property=\"og:locale\" content=\"en_US\" \/>\n<meta property=\"og:type\" content=\"article\" \/>\n<meta property=\"og:title\" content=\"Pon una urna de cristal en casa | Faroles de forja y Mobiliario de forja art\u00edstica | Artesan\u00eda Salcedo Sevilla\" \/>\n<meta property=\"og:description\" content=\"No solo fabricamos faroles de forja. Otra especialidad de nuestros art\u00edculos fabricados a mano es la urna de cristal. \u00a1Consulta el cat\u00e1logo!\" \/>\n<meta property=\"og:url\" content=\"https:\/\/farolesdeforja.es\/en\/pon-una-urna-de-cristal-en-casa\/\" \/>\n<meta property=\"og:site_name\" content=\"Faroles de forja y Mobiliario de forja art\u00edstica | Artesan\u00eda Salcedo Sevilla\" \/>\n<meta property=\"article:publisher\" content=\"https:\/\/www.facebook.com\/salcedosevilla\" \/>\n<meta property=\"article:published_time\" content=\"2019-02-15T13:56:08+00:00\" \/>\n<meta property=\"og:image\" content=\"https:\/\/farolesdeforja.es\/wp-content\/uploads\/2019\/02\/urna-de-cristal.png\" \/>\n\t<meta property=\"og:image:width\" content=\"820\" \/>\n\t<meta property=\"og:image:height\" content=\"312\" \/>\n\t<meta property=\"og:image:type\" content=\"image\/png\" \/>\n<meta name=\"author\" content=\"Salcedo artesan\u00eda\" \/>\n<meta name=\"twitter:card\" content=\"summary_large_image\" \/>\n<meta name=\"twitter:label1\" content=\"Written by\" \/>\n\t<meta name=\"twitter:data1\" content=\"Salcedo artesan\u00eda\" \/>\n\t<meta name=\"twitter:label2\" content=\"Est. reading time\" \/>\n\t<meta name=\"twitter:data2\" content=\"2 minutes\" \/>\n<script type=\"application\/ld+json\" class=\"yoast-schema-graph\">{\"@context\":\"https:\\\/\\\/schema.org\",\"@graph\":[{\"@type\":\"Article\",\"@id\":\"https:\\\/\\\/farolesdeforja.es\\\/en\\\/pon-una-urna-de-cristal-en-casa\\\/#article\",\"isPartOf\":{\"@id\":\"https:\\\/\\\/farolesdeforja.es\\\/en\\\/pon-una-urna-de-cristal-en-casa\\\/\"},\"author\":{\"name\":\"Salcedo artesan\u00eda\",\"@id\":\"https:\\\/\\\/farolesdeforja.es\\\/en\\\/#\\\/schema\\\/person\\\/185596d815bcbc7cda6427e9ad4b8b6f\"},\"headline\":\"Pon una urna de cristal en casa\",\"datePublished\":\"2019-02-15T13:56:08+00:00\",\"mainEntityOfPage\":{\"@id\":\"https:\\\/\\\/farolesdeforja.es\\\/en\\\/pon-una-urna-de-cristal-en-casa\\\/\"},\"wordCount\":403,\"commentCount\":0,\"publisher\":{\"@id\":\"https:\\\/\\\/farolesdeforja.es\\\/en\\\/#organization\"},\"image\":{\"@id\":\"https:\\\/\\\/farolesdeforja.es\\\/en\\\/pon-una-urna-de-cristal-en-casa\\\/#primaryimage\"},\"thumbnailUrl\":\"https:\\\/\\\/farolesdeforja.es\\\/wp-content\\\/uploads\\\/2019\\\/02\\\/urna-de-cristal.png\",\"keywords\":[\"urna de cristal\",\"urnas\",\"vitrinas de cristal\"],\"articleSection\":[\"Forja art\u00edstica\"],\"inLanguage\":\"en-US\"},{\"@type\":\"WebPage\",\"@id\":\"https:\\\/\\\/farolesdeforja.es\\\/en\\\/pon-una-urna-de-cristal-en-casa\\\/\",\"url\":\"https:\\\/\\\/farolesdeforja.es\\\/en\\\/pon-una-urna-de-cristal-en-casa\\\/\",\"name\":\"Pon una urna de cristal en casa | Faroles de forja y Mobiliario de forja art\u00edstica | Artesan\u00eda Salcedo Sevilla\",\"isPartOf\":{\"@id\":\"https:\\\/\\\/farolesdeforja.es\\\/en\\\/#website\"},\"primaryImageOfPage\":{\"@id\":\"https:\\\/\\\/farolesdeforja.es\\\/en\\\/pon-una-urna-de-cristal-en-casa\\\/#primaryimage\"},\"image\":{\"@id\":\"https:\\\/\\\/farolesdeforja.es\\\/en\\\/pon-una-urna-de-cristal-en-casa\\\/#primaryimage\"},\"thumbnailUrl\":\"https:\\\/\\\/farolesdeforja.es\\\/wp-content\\\/uploads\\\/2019\\\/02\\\/urna-de-cristal.png\",\"datePublished\":\"2019-02-15T13:56:08+00:00\",\"description\":\"No solo fabricamos faroles de forja. Otra especialidad de nuestros art\u00edculos fabricados a mano es la urna de cristal. \u00a1Consulta el cat\u00e1logo!\",\"breadcrumb\":{\"@id\":\"https:\\\/\\\/farolesdeforja.es\\\/en\\\/pon-una-urna-de-cristal-en-casa\\\/#breadcrumb\"},\"inLanguage\":\"en-US\",\"potentialAction\":[{\"@type\":\"ReadAction\",\"target\":[\"https:\\\/\\\/farolesdeforja.es\\\/en\\\/pon-una-urna-de-cristal-en-casa\\\/\"]}]},{\"@type\":\"ImageObject\",\"inLanguage\":\"en-US\",\"@id\":\"https:\\\/\\\/farolesdeforja.es\\\/en\\\/pon-una-urna-de-cristal-en-casa\\\/#primaryimage\",\"url\":\"https:\\\/\\\/farolesdeforja.es\\\/wp-content\\\/uploads\\\/2019\\\/02\\\/urna-de-cristal.png\",\"contentUrl\":\"https:\\\/\\\/farolesdeforja.es\\\/wp-content\\\/uploads\\\/2019\\\/02\\\/urna-de-cristal.png\",\"width\":820,\"height\":312,\"caption\":\"Urnas de cristal\"},{\"@type\":\"BreadcrumbList\",\"@id\":\"https:\\\/\\\/farolesdeforja.es\\\/en\\\/pon-una-urna-de-cristal-en-casa\\\/#breadcrumb\",\"itemListElement\":[{\"@type\":\"ListItem\",\"position\":1,\"name\":\"Inicio\",\"item\":\"https:\\\/\\\/farolesdeforja.es\\\/en\\\/\"},{\"@type\":\"ListItem\",\"position\":2,\"name\":\"Pon una urna de cristal en casa\"}]},{\"@type\":\"WebSite\",\"@id\":\"https:\\\/\\\/farolesdeforja.es\\\/en\\\/#website\",\"url\":\"https:\\\/\\\/farolesdeforja.es\\\/en\\\/\",\"name\":\"Faroles de forja y Mobiliario de forja art\u00edstica | Artesan\u00eda Salcedo Sevilla\",\"description\":\"Faroles de forja y mobiliario fabricados de forma artesanal desde 1971. Artesan\u00eda Salcedo es referente en forja art\u00edstica en Sevilla. Compra online de faroles de forja y env\u00edo GRATIS en casi todos los art\u00edculos \u00a1Personalizamos cualquier pieza!\",\"publisher\":{\"@id\":\"https:\\\/\\\/farolesdeforja.es\\\/en\\\/#organization\"},\"alternateName\":\"Salcedo Sevilla\",\"potentialAction\":[{\"@type\":\"SearchAction\",\"target\":{\"@type\":\"EntryPoint\",\"urlTemplate\":\"https:\\\/\\\/farolesdeforja.es\\\/en\\\/?s={search_term_string}\"},\"query-input\":{\"@type\":\"PropertyValueSpecification\",\"valueRequired\":true,\"valueName\":\"search_term_string\"}}],\"inLanguage\":\"en-US\"},{\"@type\":\"Organization\",\"@id\":\"https:\\\/\\\/farolesdeforja.es\\\/en\\\/#organization\",\"name\":\"Salcedo Sevilla\",\"url\":\"https:\\\/\\\/farolesdeforja.es\\\/en\\\/\",\"logo\":{\"@type\":\"ImageObject\",\"inLanguage\":\"en-US\",\"@id\":\"https:\\\/\\\/farolesdeforja.es\\\/en\\\/#\\\/schema\\\/logo\\\/image\\\/\",\"url\":\"https:\\\/\\\/farolesdeforja.es\\\/wp-content\\\/uploads\\\/2018\\\/04\\\/cropped-favicon.png\",\"contentUrl\":\"https:\\\/\\\/farolesdeforja.es\\\/wp-content\\\/uploads\\\/2018\\\/04\\\/cropped-favicon.png\",\"width\":512,\"height\":512,\"caption\":\"Salcedo Sevilla\"},\"image\":{\"@id\":\"https:\\\/\\\/farolesdeforja.es\\\/en\\\/#\\\/schema\\\/logo\\\/image\\\/\"},\"sameAs\":[\"https:\\\/\\\/www.facebook.com\\\/salcedosevilla\",\"https:\\\/\\\/www.instagram.com\\\/farolesdeforja\\\/\",\"https:\\\/\\\/www.pinterest.com\\\/Farolesdeforja\\\/\"]},{\"@type\":\"Person\",\"@id\":\"https:\\\/\\\/farolesdeforja.es\\\/en\\\/#\\\/schema\\\/person\\\/185596d815bcbc7cda6427e9ad4b8b6f\",\"name\":\"Salcedo artesan\u00eda\",\"image\":{\"@type\":\"ImageObject\",\"inLanguage\":\"en-US\",\"@id\":\"https:\\\/\\\/secure.gravatar.com\\\/avatar\\\/af0373de48c8f9f53bceda0eebe2f6e70f9d33d141bdb4966578d880b0105244?s=96&d=mm&r=g\",\"url\":\"https:\\\/\\\/secure.gravatar.com\\\/avatar\\\/af0373de48c8f9f53bceda0eebe2f6e70f9d33d141bdb4966578d880b0105244?s=96&d=mm&r=g\",\"contentUrl\":\"https:\\\/\\\/secure.gravatar.com\\\/avatar\\\/af0373de48c8f9f53bceda0eebe2f6e70f9d33d141bdb4966578d880b0105244?s=96&d=mm&r=g\",\"caption\":\"Salcedo artesan\u00eda\"}}]}<\/script>\n<!-- \/ Yoast SEO plugin. -->","yoast_head_json":{"title":"Pon una urna de cristal en casa | Faroles de forja y Mobiliario de forja art\u00edstica | Artesan\u00eda Salcedo Sevilla","description":"No solo fabricamos faroles de forja. Otra especialidad de nuestros art\u00edculos fabricados a mano es la urna de cristal. \u00a1Consulta el cat\u00e1logo!","robots":{"index":"index","follow":"follow","max-snippet":"max-snippet:-1","max-image-preview":"max-image-preview:large","max-video-preview":"max-video-preview:-1"},"canonical":"https:\/\/farolesdeforja.es\/en\/pon-una-urna-de-cristal-en-casa\/","og_locale":"en_US","og_type":"article","og_title":"Pon una urna de cristal en casa | Faroles de forja y Mobiliario de forja art\u00edstica | Artesan\u00eda Salcedo Sevilla","og_description":"No solo fabricamos faroles de forja. Otra especialidad de nuestros art\u00edculos fabricados a mano es la urna de cristal. \u00a1Consulta el cat\u00e1logo!","og_url":"https:\/\/farolesdeforja.es\/en\/pon-una-urna-de-cristal-en-casa\/","og_site_name":"Faroles de forja y Mobiliario de forja art\u00edstica | Artesan\u00eda Salcedo Sevilla","article_publisher":"https:\/\/www.facebook.com\/salcedosevilla","article_published_time":"2019-02-15T13:56:08+00:00","og_image":[{"width":820,"height":312,"url":"https:\/\/farolesdeforja.es\/wp-content\/uploads\/2019\/02\/urna-de-cristal.png","type":"image\/png"}],"author":"Salcedo artesan\u00eda","twitter_card":"summary_large_image","twitter_misc":{"Written by":"Salcedo artesan\u00eda","Est. reading time":"2 minutes"},"schema":{"@context":"https:\/\/schema.org","@graph":[{"@type":"Article","@id":"https:\/\/farolesdeforja.es\/en\/pon-una-urna-de-cristal-en-casa\/#article","isPartOf":{"@id":"https:\/\/farolesdeforja.es\/en\/pon-una-urna-de-cristal-en-casa\/"},"author":{"name":"Salcedo artesan\u00eda","@id":"https:\/\/farolesdeforja.es\/en\/#\/schema\/person\/185596d815bcbc7cda6427e9ad4b8b6f"},"headline":"Pon una urna de cristal en casa","datePublished":"2019-02-15T13:56:08+00:00","mainEntityOfPage":{"@id":"https:\/\/farolesdeforja.es\/en\/pon-una-urna-de-cristal-en-casa\/"},"wordCount":403,"commentCount":0,"publisher":{"@id":"https:\/\/farolesdeforja.es\/en\/#organization"},"image":{"@id":"https:\/\/farolesdeforja.es\/en\/pon-una-urna-de-cristal-en-casa\/#primaryimage"},"thumbnailUrl":"https:\/\/farolesdeforja.es\/wp-content\/uploads\/2019\/02\/urna-de-cristal.png","keywords":["urna de cristal","urnas","vitrinas de cristal"],"articleSection":["Forja art\u00edstica"],"inLanguage":"en-US"},{"@type":"WebPage","@id":"https:\/\/farolesdeforja.es\/en\/pon-una-urna-de-cristal-en-casa\/","url":"https:\/\/farolesdeforja.es\/en\/pon-una-urna-de-cristal-en-casa\/","name":"Pon una urna de cristal en casa | Faroles de forja y Mobiliario de forja art\u00edstica | Artesan\u00eda Salcedo Sevilla","isPartOf":{"@id":"https:\/\/farolesdeforja.es\/en\/#website"},"primaryImageOfPage":{"@id":"https:\/\/farolesdeforja.es\/en\/pon-una-urna-de-cristal-en-casa\/#primaryimage"},"image":{"@id":"https:\/\/farolesdeforja.es\/en\/pon-una-urna-de-cristal-en-casa\/#primaryimage"},"thumbnailUrl":"https:\/\/farolesdeforja.es\/wp-content\/uploads\/2019\/02\/urna-de-cristal.png","datePublished":"2019-02-15T13:56:08+00:00","description":"No solo fabricamos faroles de forja. Otra especialidad de nuestros art\u00edculos fabricados a mano es la urna de cristal. \u00a1Consulta el cat\u00e1logo!","breadcrumb":{"@id":"https:\/\/farolesdeforja.es\/en\/pon-una-urna-de-cristal-en-casa\/#breadcrumb"},"inLanguage":"en-US","potentialAction":[{"@type":"ReadAction","target":["https:\/\/farolesdeforja.es\/en\/pon-una-urna-de-cristal-en-casa\/"]}]},{"@type":"ImageObject","inLanguage":"en-US","@id":"https:\/\/farolesdeforja.es\/en\/pon-una-urna-de-cristal-en-casa\/#primaryimage","url":"https:\/\/farolesdeforja.es\/wp-content\/uploads\/2019\/02\/urna-de-cristal.png","contentUrl":"https:\/\/farolesdeforja.es\/wp-content\/uploads\/2019\/02\/urna-de-cristal.png","width":820,"height":312,"caption":"Urnas de cristal"},{"@type":"BreadcrumbList","@id":"https:\/\/farolesdeforja.es\/en\/pon-una-urna-de-cristal-en-casa\/#breadcrumb","itemListElement":[{"@type":"ListItem","position":1,"name":"Inicio","item":"https:\/\/farolesdeforja.es\/en\/"},{"@type":"ListItem","position":2,"name":"Pon una urna de cristal en casa"}]},{"@type":"WebSite","@id":"https:\/\/farolesdeforja.es\/en\/#website","url":"https:\/\/farolesdeforja.es\/en\/","name":"Faroles de forja y Mobiliario de forja art\u00edstica | Artesan\u00eda Salcedo Sevilla","description":"Faroles de forja y mobiliario fabricados de forma artesanal desde 1971. Artesan\u00eda Salcedo es referente en forja art\u00edstica en Sevilla. Compra online de faroles de forja y env\u00edo GRATIS en casi todos los art\u00edculos \u00a1Personalizamos cualquier pieza!","publisher":{"@id":"https:\/\/farolesdeforja.es\/en\/#organization"},"alternateName":"Salcedo Sevilla","potentialAction":[{"@type":"SearchAction","target":{"@type":"EntryPoint","urlTemplate":"https:\/\/farolesdeforja.es\/en\/?s={search_term_string}"},"query-input":{"@type":"PropertyValueSpecification","valueRequired":true,"valueName":"search_term_string"}}],"inLanguage":"en-US"},{"@type":"Organization","@id":"https:\/\/farolesdeforja.es\/en\/#organization","name":"Salcedo Sevilla","url":"https:\/\/farolesdeforja.es\/en\/","logo":{"@type":"ImageObject","inLanguage":"en-US","@id":"https:\/\/farolesdeforja.es\/en\/#\/schema\/logo\/image\/","url":"https:\/\/farolesdeforja.es\/wp-content\/uploads\/2018\/04\/cropped-favicon.png","contentUrl":"https:\/\/farolesdeforja.es\/wp-content\/uploads\/2018\/04\/cropped-favicon.png","width":512,"height":512,"caption":"Salcedo Sevilla"},"image":{"@id":"https:\/\/farolesdeforja.es\/en\/#\/schema\/logo\/image\/"},"sameAs":["https:\/\/www.facebook.com\/salcedosevilla","https:\/\/www.instagram.com\/farolesdeforja\/","https:\/\/www.pinterest.com\/Farolesdeforja\/"]},{"@type":"Person","@id":"https:\/\/farolesdeforja.es\/en\/#\/schema\/person\/185596d815bcbc7cda6427e9ad4b8b6f","name":"Salcedo artesan\u00eda","image":{"@type":"ImageObject","inLanguage":"en-US","@id":"https:\/\/secure.gravatar.com\/avatar\/af0373de48c8f9f53bceda0eebe2f6e70f9d33d141bdb4966578d880b0105244?s=96&d=mm&r=g","url":"https:\/\/secure.gravatar.com\/avatar\/af0373de48c8f9f53bceda0eebe2f6e70f9d33d141bdb4966578d880b0105244?s=96&d=mm&r=g","contentUrl":"https:\/\/secure.gravatar.com\/avatar\/af0373de48c8f9f53bceda0eebe2f6e70f9d33d141bdb4966578d880b0105244?s=96&d=mm&r=g","caption":"Salcedo artesan\u00eda"}}]}},"uagb_featured_image_src":{"full":["https:\/\/farolesdeforja.es\/wp-content\/uploads\/2019\/02\/urna-de-cristal.png",820,312,false],"thumbnail":["https:\/\/farolesdeforja.es\/wp-content\/uploads\/2019\/02\/urna-de-cristal-150x150.png",150,150,true],"medium":["https:\/\/farolesdeforja.es\/wp-content\/uploads\/2019\/02\/urna-de-cristal-300x114.png",300,114,true],"medium_large":["https:\/\/farolesdeforja.es\/wp-content\/uploads\/2019\/02\/urna-de-cristal-768x292.png",768,292,true],"large":["https:\/\/farolesdeforja.es\/wp-content\/uploads\/2019\/02\/urna-de-cristal.png",820,312,false],"1536x1536":["https:\/\/farolesdeforja.es\/wp-content\/uploads\/2019\/02\/urna-de-cristal.png",820,312,false],"2048x2048":["https:\/\/farolesdeforja.es\/wp-content\/uploads\/2019\/02\/urna-de-cristal.png",820,312,false],"bdpp-medium":["https:\/\/farolesdeforja.es\/wp-content\/uploads\/2019\/02\/urna-de-cristal.png",640,244,false],"woocommerce_thumbnail":["https:\/\/farolesdeforja.es\/wp-content\/uploads\/2019\/02\/urna-de-cristal-300x300.png",300,300,true],"woocommerce_single":["https:\/\/farolesdeforja.es\/wp-content\/uploads\/2019\/02\/urna-de-cristal-600x228.png",600,228,true],"woocommerce_gallery_thumbnail":["https:\/\/farolesdeforja.es\/wp-content\/uploads\/2019\/02\/urna-de-cristal-100x100.png",100,100,true]},"uagb_author_info":{"display_name":"Salcedo artesan\u00eda","author_link":"https:\/\/farolesdeforja.es\/en\/author\/businessgo\/"},"uagb_comment_info":0,"uagb_excerpt":"Como todo el mundo sabe, y si nos acabas de conocer lo vas a descubrir ahora, somos especialistas en faroles de forja. Pero tenemos m\u00e1s, mucho m\u00e1s&#8230;Realizamos de forma artesanal todo tipo de objetos. En este post, os hablaremos de un tipo de producto muy demandado: la urna de cristal. Con una, se puede exponer,&hellip;","_links":{"self":[{"href":"https:\/\/farolesdeforja.es\/en\/wp-json\/wp\/v2\/posts\/4145","targetHints":{"allow":["GET"]}}],"collection":[{"href":"https:\/\/farolesdeforja.es\/en\/wp-json\/wp\/v2\/posts"}],"about":[{"href":"https:\/\/farolesdeforja.es\/en\/wp-json\/wp\/v2\/types\/post"}],"author":[{"embeddable":true,"href":"https:\/\/farolesdeforja.es\/en\/wp-json\/wp\/v2\/users\/1"}],"replies":[{"embeddable":true,"href":"https:\/\/farolesdeforja.es\/en\/wp-json\/wp\/v2\/comments?post=4145"}],"version-history":[{"count":0,"href":"https:\/\/farolesdeforja.es\/en\/wp-json\/wp\/v2\/posts\/4145\/revisions"}],"wp:featuredmedia":[{"embeddable":true,"href":"https:\/\/farolesdeforja.es\/en\/wp-json\/wp\/v2\/media\/4149"}],"wp:attachment":[{"href":"https:\/\/farolesdeforja.es\/en\/wp-json\/wp\/v2\/media?parent=4145"}],"wp:term":[{"taxonomy":"category","embeddable":true,"href":"https:\/\/farolesdeforja.es\/en\/wp-json\/wp\/v2\/categories?post=4145"},{"taxonomy":"post_tag","embeddable":true,"href":"https:\/\/farolesdeforja.es\/en\/wp-json\/wp\/v2\/tags?post=4145"}],"curies":[{"name":"wp","href":"https:\/\/api.w.org\/{rel}","templated":true}]}}