{"id":3919,"date":"2019-01-24T14:44:41","date_gmt":"2019-01-24T13:44:41","guid":{"rendered":"https:\/\/farolesdeforja.es\/?p=3919"},"modified":"2024-02-05T17:05:08","modified_gmt":"2024-02-05T16:05:08","slug":"artesania-cofrade-faroles","status":"publish","type":"post","link":"https:\/\/farolesdeforja.es\/en\/artesania-cofrade-faroles\/","title":{"rendered":"Artesan\u00eda cofrade en faroles de forja"},"content":{"rendered":"<p>Comienza la cuenta atr\u00e1s. Ciudades y pueblos de diversos puntos de Andaluc\u00eda y Espa\u00f1a se preparan para lo que llegar\u00e1. En menos de dos meses, la <strong>Semana Santa<\/strong> llenar\u00e1 de devoci\u00f3n, arte e incienso las calles. Y tambi\u00e9n de luz, la de los cirios de los nazarenos&#8230;y los <a href=\"https:\/\/farolesdeforja.es\/faroles-procesionales-para-semana-santa\/\"><strong>faroles procesionales<\/strong><\/a>. Una especialidad en la artesan\u00eda cofrade que resulta\u00a0indispensable para iluminar a las Sagradas Im\u00e1genes que van sobre sus pasos y andas.<\/p>\n<p>Tambi\u00e9n pueden usarse para abrir paso al cortejo, port\u00e1ndolos en la mano o de remate de las varas que flanquean a las insignias.<\/p>\n<p>Estamos hablando de un minucioso <strong>trabajo elaborado a mano<\/strong>. Esta caracter\u00edstica le aporta un valor muy importante. El resultado final es digno de admirar teniendo en cuenta el proceso artesanal que tiene detr\u00e1s. Adem\u00e1s, remarcando los ambientes de fervor popular y recogimiento que nos regala la semana m\u00e1s m\u00e1gica del a\u00f1o.<\/p>\n<div id=\"ez-toc-container\" class=\"ez-toc-v2_0_82_2 counter-hierarchy ez-toc-counter ez-toc-grey ez-toc-container-direction\">\n<p class=\"ez-toc-title\" style=\"cursor:inherit\">\u00cdndice del contenidos<\/p>\n<label for=\"ez-toc-cssicon-toggle-item-69f4dc43b5c72\" class=\"ez-toc-cssicon-toggle-label\"><span class=\"\"><span class=\"eztoc-hide\" style=\"display:none;\">Toggle<\/span><span class=\"ez-toc-icon-toggle-span\"><svg style=\"fill: #999;color:#999\" xmlns=\"http:\/\/www.w3.org\/2000\/svg\" class=\"list-377408\" width=\"20px\" height=\"20px\" viewBox=\"0 0 24 24\" fill=\"none\"><path d=\"M6 6H4v2h2V6zm14 0H8v2h12V6zM4 11h2v2H4v-2zm16 0H8v2h12v-2zM4 16h2v2H4v-2zm16 0H8v2h12v-2z\" fill=\"currentColor\"><\/path><\/svg><svg style=\"fill: #999;color:#999\" class=\"arrow-unsorted-368013\" xmlns=\"http:\/\/www.w3.org\/2000\/svg\" width=\"10px\" height=\"10px\" viewBox=\"0 0 24 24\" version=\"1.2\" baseProfile=\"tiny\"><path d=\"M18.2 9.3l-6.2-6.3-6.2 6.3c-.2.2-.3.4-.3.7s.1.5.3.7c.2.2.4.3.7.3h11c.3 0 .5-.1.7-.3.2-.2.3-.5.3-.7s-.1-.5-.3-.7zM5.8 14.7l6.2 6.3 6.2-6.3c.2-.2.3-.5.3-.7s-.1-.5-.3-.7c-.2-.2-.4-.3-.7-.3h-11c-.3 0-.5.1-.7.3-.2.2-.3.5-.3.7s.1.5.3.7z\"\/><\/svg><\/span><\/span><\/label><input type=\"checkbox\"  id=\"ez-toc-cssicon-toggle-item-69f4dc43b5c72\"  aria-label=\"Toggle\" \/><nav><ul class='ez-toc-list ez-toc-list-level-1 ' ><li class='ez-toc-page-1 ez-toc-heading-level-2'><a class=\"ez-toc-link ez-toc-heading-1\" href=\"https:\/\/farolesdeforja.es\/en\/artesania-cofrade-faroles\/#Somos_especialistas_en_artesania_cofrade\" >Somos especialistas en artesan\u00eda cofrade<\/a><\/li><li class='ez-toc-page-1 ez-toc-heading-level-2'><a class=\"ez-toc-link ez-toc-heading-2\" href=\"https:\/\/farolesdeforja.es\/en\/artesania-cofrade-faroles\/#Tenemos_lo_mejor_para_tu_Cofradia\" >Tenemos lo mejor para tu Cofrad\u00eda<\/a><\/li><\/ul><\/nav><\/div>\n<h2><span class=\"ez-toc-section\" id=\"Somos_especialistas_en_artesania_cofrade\"><\/span>Somos especialistas en artesan\u00eda cofrade<span class=\"ez-toc-section-end\"><\/span><\/h2>\n<p>En <strong>Artesan\u00eda Salcedo<\/strong> nos adentramos en las tradiciones de nuestra tierra. Como <strong>tienda de forja en Sevilla<\/strong>, tenemos un sentimiento de arraigo hacia la artesan\u00eda cofrade. Por eso, intentamos hacerla llegar a todas partes de Espa\u00f1a y el mundo entero con nuestro propio trabajo.<\/p>\n<p>Como no pod\u00eda ser de otra forma, nuestra especialidad son los faroles procesionales si hablamos del \u00e1mbito de la religiosidad popular. Contamos con un cat\u00e1logo disponible para todas aquellas hermandades y devotos que quieran adquirir alguno de ellos. Os mostramos algunos de los productos m\u00e1s destacados.<\/p>\n<ul>\n<li><strong>Farol Hermandad Procesi\u00f3n<\/strong>: Este precioso art\u00edculo est\u00e1 hecho para ir en un paso. Mide 38 cent\u00edmetros sin el m\u00e1stil y el material empleado es hierro con l\u00e1mina de esta\u00f1o. <a href=\"https:\/\/farolesdeforja.es\/tienda\/faroles\/farol-hermandad-procesion-para-paso\/\">Ver producto<\/a>.<\/li>\n<\/ul>\n<p><img loading=\"lazy\" decoding=\"async\" class=\"size-medium wp-image-3605 aligncenter\" src=\"https:\/\/farolesdeforja.es\/wp-content\/uploads\/2018\/11\/procesion-hermandad-300x300.jpg\" alt=\"Farol Hermandad Procesi\u00f3n para paso\" width=\"300\" height=\"300\" srcset=\"https:\/\/farolesdeforja.es\/wp-content\/uploads\/2018\/11\/procesion-hermandad-300x300.jpg 300w, https:\/\/farolesdeforja.es\/wp-content\/uploads\/2018\/11\/procesion-hermandad-150x150.jpg 150w, https:\/\/farolesdeforja.es\/wp-content\/uploads\/2018\/11\/procesion-hermandad-768x768.jpg 768w, https:\/\/farolesdeforja.es\/wp-content\/uploads\/2018\/11\/procesion-hermandad-1024x1024.jpg 1024w, https:\/\/farolesdeforja.es\/wp-content\/uploads\/2018\/11\/procesion-hermandad-20x20.jpg 20w, https:\/\/farolesdeforja.es\/wp-content\/uploads\/2018\/11\/procesion-hermandad-600x600.jpg 600w, https:\/\/farolesdeforja.es\/wp-content\/uploads\/2018\/11\/procesion-hermandad-100x100.jpg 100w, https:\/\/farolesdeforja.es\/wp-content\/uploads\/2018\/11\/procesion-hermandad-32x32.jpg 32w, https:\/\/farolesdeforja.es\/wp-content\/uploads\/2018\/11\/procesion-hermandad-266x266.jpg 266w, https:\/\/farolesdeforja.es\/wp-content\/uploads\/2018\/11\/procesion-hermandad.jpg 800w\" sizes=\"auto, (max-width: 300px) 100vw, 300px\" \/><\/p>\n<ul>\n<li><strong>Farol Estrella Corona<\/strong>: Los primeros que realizamos fueron un encargo para la Hermandad de la Sentencia de C\u00f3rdoba. Su original dise\u00f1o no es casualidad, ya que est\u00e1n inspirados en los faroles que acompa\u00f1aban a los Simpecados de las cofrad\u00edas en el s. XIX. La forma de estrella simboliza &#8220;la gu\u00eda&#8221;. <a href=\"https:\/\/farolesdeforja.es\/tienda\/faroles\/farol-estrella-corona\/\">Ver producto<\/a>.<\/li>\n<\/ul>\n<p><img loading=\"lazy\" decoding=\"async\" class=\"size-medium wp-image-3594 aligncenter\" src=\"https:\/\/farolesdeforja.es\/wp-content\/uploads\/2018\/11\/procesion-estrella-corna-300x300.jpg\" alt=\"Farol Estrella Corona\" width=\"300\" height=\"300\" srcset=\"https:\/\/farolesdeforja.es\/wp-content\/uploads\/2018\/11\/procesion-estrella-corna-300x300.jpg 300w, https:\/\/farolesdeforja.es\/wp-content\/uploads\/2018\/11\/procesion-estrella-corna-150x150.jpg 150w, https:\/\/farolesdeforja.es\/wp-content\/uploads\/2018\/11\/procesion-estrella-corna-768x768.jpg 768w, https:\/\/farolesdeforja.es\/wp-content\/uploads\/2018\/11\/procesion-estrella-corna-1024x1024.jpg 1024w, https:\/\/farolesdeforja.es\/wp-content\/uploads\/2018\/11\/procesion-estrella-corna-20x20.jpg 20w, https:\/\/farolesdeforja.es\/wp-content\/uploads\/2018\/11\/procesion-estrella-corna-600x600.jpg 600w, https:\/\/farolesdeforja.es\/wp-content\/uploads\/2018\/11\/procesion-estrella-corna-100x100.jpg 100w, https:\/\/farolesdeforja.es\/wp-content\/uploads\/2018\/11\/procesion-estrella-corna-266x266.jpg 266w, https:\/\/farolesdeforja.es\/wp-content\/uploads\/2018\/11\/procesion-estrella-corna-32x32.jpg 32w, https:\/\/farolesdeforja.es\/wp-content\/uploads\/2018\/11\/procesion-estrella-corna.jpg 800w\" sizes=\"auto, (max-width: 300px) 100vw, 300px\" \/><\/p>\n<ul>\n<li><strong>Farol San Luis Procesi\u00f3n<\/strong>: Fue una de las <a href=\"https:\/\/farolesdeforja.es\/nuestros-faroles-en-cine-y-teatro\/\">apariciones en cine de Salcedo Sevilla<\/a>. Tiene un toque elegante. Sigue el estilo de nuestros art\u00edculos m\u00e1s conocidos. <a href=\"https:\/\/farolesdeforja.es\/tienda\/faroles\/farol-san-luis-procesion\/\">Ver producto<\/a>.<\/li>\n<\/ul>\n<p><img loading=\"lazy\" decoding=\"async\" class=\"size-medium wp-image-3610 aligncenter\" src=\"https:\/\/farolesdeforja.es\/wp-content\/uploads\/2018\/11\/procesion-san-luis-300x300.jpg\" alt=\"Farol San Luis Procesi\u00f3n\" width=\"300\" height=\"300\" srcset=\"https:\/\/farolesdeforja.es\/wp-content\/uploads\/2018\/11\/procesion-san-luis-300x300.jpg 300w, https:\/\/farolesdeforja.es\/wp-content\/uploads\/2018\/11\/procesion-san-luis-150x150.jpg 150w, https:\/\/farolesdeforja.es\/wp-content\/uploads\/2018\/11\/procesion-san-luis-768x768.jpg 768w, https:\/\/farolesdeforja.es\/wp-content\/uploads\/2018\/11\/procesion-san-luis-1024x1024.jpg 1024w, https:\/\/farolesdeforja.es\/wp-content\/uploads\/2018\/11\/procesion-san-luis-20x20.jpg 20w, https:\/\/farolesdeforja.es\/wp-content\/uploads\/2018\/11\/procesion-san-luis-600x600.jpg 600w, https:\/\/farolesdeforja.es\/wp-content\/uploads\/2018\/11\/procesion-san-luis-100x100.jpg 100w, https:\/\/farolesdeforja.es\/wp-content\/uploads\/2018\/11\/procesion-san-luis-266x266.jpg 266w, https:\/\/farolesdeforja.es\/wp-content\/uploads\/2018\/11\/procesion-san-luis.jpg 800w\" sizes=\"auto, (max-width: 300px) 100vw, 300px\" \/><\/p>\n<ul>\n<li><strong>Farol de mano Rosario Procesi\u00f3n<\/strong>: Otro que sigue el estilo habitual de nuestro cat\u00e1logo. En este caso, cuenta con un asa para llevarlo en la mano. Es de los que solemos ver abriendo paso a las cruces de gu\u00eda o las insignias relevantes. <a href=\"https:\/\/farolesdeforja.es\/tienda\/faroles\/farol-de-mano-rosario-procesion\/\">Ver producto<\/a>.<\/li>\n<\/ul>\n<p><img loading=\"lazy\" decoding=\"async\" class=\"size-medium wp-image-3609 aligncenter\" src=\"https:\/\/farolesdeforja.es\/wp-content\/uploads\/2018\/11\/procesion-rosario2-300x300.jpg\" alt=\"Farol de mano Rosario Procesi\u00f3n\" width=\"300\" height=\"300\" srcset=\"https:\/\/farolesdeforja.es\/wp-content\/uploads\/2018\/11\/procesion-rosario2-300x300.jpg 300w, https:\/\/farolesdeforja.es\/wp-content\/uploads\/2018\/11\/procesion-rosario2-150x150.jpg 150w, https:\/\/farolesdeforja.es\/wp-content\/uploads\/2018\/11\/procesion-rosario2-768x768.jpg 768w, https:\/\/farolesdeforja.es\/wp-content\/uploads\/2018\/11\/procesion-rosario2-1024x1024.jpg 1024w, https:\/\/farolesdeforja.es\/wp-content\/uploads\/2018\/11\/procesion-rosario2-20x20.jpg 20w, https:\/\/farolesdeforja.es\/wp-content\/uploads\/2018\/11\/procesion-rosario2-600x600.jpg 600w, https:\/\/farolesdeforja.es\/wp-content\/uploads\/2018\/11\/procesion-rosario2-100x100.jpg 100w, https:\/\/farolesdeforja.es\/wp-content\/uploads\/2018\/11\/procesion-rosario2-266x266.jpg 266w, https:\/\/farolesdeforja.es\/wp-content\/uploads\/2018\/11\/procesion-rosario2.jpg 800w\" sizes=\"auto, (max-width: 300px) 100vw, 300px\" \/><\/p>\n<ul>\n<li><strong>Farol Procesi\u00f3n Hispano<\/strong>: Dise\u00f1o cl\u00e1sico, calidad m\u00e1xima. El &#8220;Hispano&#8221; mide 52 cent\u00edmetros de alto sin el m\u00e1stil. <a href=\"https:\/\/farolesdeforja.es\/tienda\/faroles\/procesion-hispano\/\">Ver producto<\/a>.<\/li>\n<\/ul>\n<p><img loading=\"lazy\" decoding=\"async\" class=\"size-medium wp-image-3606 aligncenter\" src=\"https:\/\/farolesdeforja.es\/wp-content\/uploads\/2018\/11\/procesion-hispano-300x300.jpg\" alt=\"\" width=\"300\" height=\"300\" srcset=\"https:\/\/farolesdeforja.es\/wp-content\/uploads\/2018\/11\/procesion-hispano-300x300.jpg 300w, https:\/\/farolesdeforja.es\/wp-content\/uploads\/2018\/11\/procesion-hispano-150x150.jpg 150w, https:\/\/farolesdeforja.es\/wp-content\/uploads\/2018\/11\/procesion-hispano-768x768.jpg 768w, https:\/\/farolesdeforja.es\/wp-content\/uploads\/2018\/11\/procesion-hispano-1024x1024.jpg 1024w, https:\/\/farolesdeforja.es\/wp-content\/uploads\/2018\/11\/procesion-hispano-20x20.jpg 20w, https:\/\/farolesdeforja.es\/wp-content\/uploads\/2018\/11\/procesion-hispano-600x600.jpg 600w, https:\/\/farolesdeforja.es\/wp-content\/uploads\/2018\/11\/procesion-hispano-100x100.jpg 100w, https:\/\/farolesdeforja.es\/wp-content\/uploads\/2018\/11\/procesion-hispano-266x266.jpg 266w, https:\/\/farolesdeforja.es\/wp-content\/uploads\/2018\/11\/procesion-hispano.jpg 800w\" sizes=\"auto, (max-width: 300px) 100vw, 300px\" \/><\/p>\n<p>&nbsp;<\/p>\n<h2><span class=\"ez-toc-section\" id=\"Tenemos_lo_mejor_para_tu_Cofradia\"><\/span>Tenemos lo mejor para tu Cofrad\u00eda<span class=\"ez-toc-section-end\"><\/span><\/h2>\n<p>Junto a todos estos faroles que os hemos presentado, tenemos muchos m\u00e1s que iremos ense\u00f1ando. Por supuesto, lo haremos poco a poco. As\u00ed os hacemos m\u00e1s llevadera la espera hasta la Semana Santa. Y si necesitas enseres, apuesta por la <strong>artesan\u00eda cofrade<\/strong>.<\/p>\n<p>En Salcedo Sevilla tambi\u00e9n hacemos <strong>faroles por encargo<\/strong>. Ponte en contacto con nosotros y env\u00edanos los trabajos de forja que necesitas para tu Hermandad o Agrupaci\u00f3n.<\/p>\n<p>&nbsp;<\/p>\n","protected":false},"excerpt":{"rendered":"<p>Comienza la cuenta atr\u00e1s. Ciudades y pueblos de diversos puntos de Andaluc\u00eda y Espa\u00f1a se preparan para lo que llegar\u00e1. En menos de dos meses, la Semana Santa llenar\u00e1 de devoci\u00f3n, arte e incienso las calles. Y tambi\u00e9n de luz, la de los cirios de los nazarenos&#8230;y los faroles procesionales. Una especialidad en la artesan\u00eda [&hellip;]<\/p>\n","protected":false},"author":1,"featured_media":3924,"comment_status":"open","ping_status":"open","sticky":false,"template":"","format":"standard","meta":{"inline_featured_image":false,"_uag_custom_page_level_css":"","site-sidebar-layout":"default","site-content-layout":"","ast-site-content-layout":"default","site-content-style":"default","site-sidebar-style":"default","ast-global-header-display":"","ast-banner-title-visibility":"","ast-main-header-display":"","ast-hfb-above-header-display":"","ast-hfb-below-header-display":"","ast-hfb-mobile-header-display":"","site-post-title":"","ast-breadcrumbs-content":"","ast-featured-img":"","footer-sml-layout":"","ast-disable-related-posts":"","theme-transparent-header-meta":"","adv-header-id-meta":"","stick-header-meta":"","header-above-stick-meta":"","header-main-stick-meta":"","header-below-stick-meta":"","astra-migrate-meta-layouts":"default","ast-page-background-enabled":"default","ast-page-background-meta":{"desktop":{"background-color":"var(--ast-global-color-4)","background-image":"","background-repeat":"repeat","background-position":"center center","background-size":"auto","background-attachment":"scroll","background-type":"","background-media":"","overlay-type":"","overlay-color":"","overlay-opacity":"","overlay-gradient":""},"tablet":{"background-color":"","background-image":"","background-repeat":"repeat","background-position":"center center","background-size":"auto","background-attachment":"scroll","background-type":"","background-media":"","overlay-type":"","overlay-color":"","overlay-opacity":"","overlay-gradient":""},"mobile":{"background-color":"","background-image":"","background-repeat":"repeat","background-position":"center center","background-size":"auto","background-attachment":"scroll","background-type":"","background-media":"","overlay-type":"","overlay-color":"","overlay-opacity":"","overlay-gradient":""}},"ast-content-background-meta":{"desktop":{"background-color":"var(--ast-global-color-5)","background-image":"","background-repeat":"repeat","background-position":"center center","background-size":"auto","background-attachment":"scroll","background-type":"","background-media":"","overlay-type":"","overlay-color":"","overlay-opacity":"","overlay-gradient":""},"tablet":{"background-color":"var(--ast-global-color-5)","background-image":"","background-repeat":"repeat","background-position":"center center","background-size":"auto","background-attachment":"scroll","background-type":"","background-media":"","overlay-type":"","overlay-color":"","overlay-opacity":"","overlay-gradient":""},"mobile":{"background-color":"var(--ast-global-color-5)","background-image":"","background-repeat":"repeat","background-position":"center center","background-size":"auto","background-attachment":"scroll","background-type":"","background-media":"","overlay-type":"","overlay-color":"","overlay-opacity":"","overlay-gradient":""}},"footnotes":""},"categories":[101],"tags":[150,153,152,151,154],"class_list":["post-3919","post","type-post","status-publish","format-standard","has-post-thumbnail","hentry","category-forja-artistica","tag-artesania-cofrade","tag-faroles-de-mano","tag-faroles-para-paso","tag-faroles-procesionales","tag-semana-santa"],"yoast_head":"<!-- This site is optimized with the Yoast SEO plugin v27.4 - https:\/\/yoast.com\/product\/yoast-seo-wordpress\/ -->\n<title>Artesan\u00eda cofrade en faroles de forja | Faroles de forja y Mobiliario de forja art\u00edstica | Artesan\u00eda Salcedo Sevilla<\/title>\n<meta name=\"description\" content=\"Los faroles procesionales son nuestra especialidad en la artesan\u00eda cofrade. Contamos con un amplio cat\u00e1logo y tambi\u00e9n realizamos a medida.\" \/>\n<meta name=\"robots\" content=\"index, follow, max-snippet:-1, max-image-preview:large, max-video-preview:-1\" \/>\n<link rel=\"canonical\" href=\"https:\/\/farolesdeforja.es\/en\/artesania-cofrade-faroles\/\" \/>\n<meta property=\"og:locale\" content=\"en_US\" \/>\n<meta property=\"og:type\" content=\"article\" \/>\n<meta property=\"og:title\" content=\"Artesan\u00eda cofrade en faroles de forja | Faroles de forja y Mobiliario de forja art\u00edstica | Artesan\u00eda Salcedo Sevilla\" \/>\n<meta property=\"og:description\" content=\"Los faroles procesionales son nuestra especialidad en la artesan\u00eda cofrade. Contamos con un amplio cat\u00e1logo y tambi\u00e9n realizamos a medida.\" \/>\n<meta property=\"og:url\" content=\"https:\/\/farolesdeforja.es\/en\/artesania-cofrade-faroles\/\" \/>\n<meta property=\"og:site_name\" content=\"Faroles de forja y Mobiliario de forja art\u00edstica | Artesan\u00eda Salcedo Sevilla\" \/>\n<meta property=\"article:publisher\" content=\"https:\/\/www.facebook.com\/salcedosevilla\" \/>\n<meta property=\"article:published_time\" content=\"2019-01-24T13:44:41+00:00\" \/>\n<meta property=\"article:modified_time\" content=\"2024-02-05T16:05:08+00:00\" \/>\n<meta property=\"og:image\" content=\"https:\/\/farolesdeforja.es\/wp-content\/uploads\/2019\/01\/artesania-cofrade-faroles-forja.jpg\" \/>\n\t<meta property=\"og:image:width\" content=\"1203\" \/>\n\t<meta property=\"og:image:height\" content=\"902\" \/>\n\t<meta property=\"og:image:type\" content=\"image\/jpeg\" \/>\n<meta name=\"author\" content=\"Salcedo artesan\u00eda\" \/>\n<meta name=\"twitter:card\" content=\"summary_large_image\" \/>\n<meta name=\"twitter:label1\" content=\"Written by\" \/>\n\t<meta name=\"twitter:data1\" content=\"Salcedo artesan\u00eda\" \/>\n\t<meta name=\"twitter:label2\" content=\"Est. reading time\" \/>\n\t<meta name=\"twitter:data2\" content=\"4 minutes\" \/>\n<script type=\"application\/ld+json\" class=\"yoast-schema-graph\">{\"@context\":\"https:\\\/\\\/schema.org\",\"@graph\":[{\"@type\":\"Article\",\"@id\":\"https:\\\/\\\/farolesdeforja.es\\\/en\\\/artesania-cofrade-faroles\\\/#article\",\"isPartOf\":{\"@id\":\"https:\\\/\\\/farolesdeforja.es\\\/en\\\/artesania-cofrade-faroles\\\/\"},\"author\":{\"name\":\"Salcedo artesan\u00eda\",\"@id\":\"https:\\\/\\\/farolesdeforja.es\\\/en\\\/#\\\/schema\\\/person\\\/185596d815bcbc7cda6427e9ad4b8b6f\"},\"headline\":\"Artesan\u00eda cofrade en faroles de forja\",\"datePublished\":\"2019-01-24T13:44:41+00:00\",\"dateModified\":\"2024-02-05T16:05:08+00:00\",\"mainEntityOfPage\":{\"@id\":\"https:\\\/\\\/farolesdeforja.es\\\/en\\\/artesania-cofrade-faroles\\\/\"},\"wordCount\":552,\"commentCount\":0,\"publisher\":{\"@id\":\"https:\\\/\\\/farolesdeforja.es\\\/en\\\/#organization\"},\"image\":{\"@id\":\"https:\\\/\\\/farolesdeforja.es\\\/en\\\/artesania-cofrade-faroles\\\/#primaryimage\"},\"thumbnailUrl\":\"https:\\\/\\\/farolesdeforja.es\\\/wp-content\\\/uploads\\\/2019\\\/01\\\/artesania-cofrade-faroles-forja.jpg\",\"keywords\":[\"artesan\u00eda cofrade\",\"faroles de mano\",\"faroles para paso\",\"faroles procesionales\",\"semana santa\"],\"articleSection\":[\"Forja art\u00edstica\"],\"inLanguage\":\"en-US\"},{\"@type\":\"WebPage\",\"@id\":\"https:\\\/\\\/farolesdeforja.es\\\/en\\\/artesania-cofrade-faroles\\\/\",\"url\":\"https:\\\/\\\/farolesdeforja.es\\\/en\\\/artesania-cofrade-faroles\\\/\",\"name\":\"Artesan\u00eda cofrade en faroles de forja | Faroles de forja y Mobiliario de forja art\u00edstica | Artesan\u00eda Salcedo Sevilla\",\"isPartOf\":{\"@id\":\"https:\\\/\\\/farolesdeforja.es\\\/en\\\/#website\"},\"primaryImageOfPage\":{\"@id\":\"https:\\\/\\\/farolesdeforja.es\\\/en\\\/artesania-cofrade-faroles\\\/#primaryimage\"},\"image\":{\"@id\":\"https:\\\/\\\/farolesdeforja.es\\\/en\\\/artesania-cofrade-faroles\\\/#primaryimage\"},\"thumbnailUrl\":\"https:\\\/\\\/farolesdeforja.es\\\/wp-content\\\/uploads\\\/2019\\\/01\\\/artesania-cofrade-faroles-forja.jpg\",\"datePublished\":\"2019-01-24T13:44:41+00:00\",\"dateModified\":\"2024-02-05T16:05:08+00:00\",\"description\":\"Los faroles procesionales son nuestra especialidad en la artesan\u00eda cofrade. Contamos con un amplio cat\u00e1logo y tambi\u00e9n realizamos a medida.\",\"breadcrumb\":{\"@id\":\"https:\\\/\\\/farolesdeforja.es\\\/en\\\/artesania-cofrade-faroles\\\/#breadcrumb\"},\"inLanguage\":\"en-US\",\"potentialAction\":[{\"@type\":\"ReadAction\",\"target\":[\"https:\\\/\\\/farolesdeforja.es\\\/en\\\/artesania-cofrade-faroles\\\/\"]}]},{\"@type\":\"ImageObject\",\"inLanguage\":\"en-US\",\"@id\":\"https:\\\/\\\/farolesdeforja.es\\\/en\\\/artesania-cofrade-faroles\\\/#primaryimage\",\"url\":\"https:\\\/\\\/farolesdeforja.es\\\/wp-content\\\/uploads\\\/2019\\\/01\\\/artesania-cofrade-faroles-forja.jpg\",\"contentUrl\":\"https:\\\/\\\/farolesdeforja.es\\\/wp-content\\\/uploads\\\/2019\\\/01\\\/artesania-cofrade-faroles-forja.jpg\",\"width\":1203,\"height\":902,\"caption\":\"Artesan\u00eda cofrade en faroles de forja\"},{\"@type\":\"BreadcrumbList\",\"@id\":\"https:\\\/\\\/farolesdeforja.es\\\/en\\\/artesania-cofrade-faroles\\\/#breadcrumb\",\"itemListElement\":[{\"@type\":\"ListItem\",\"position\":1,\"name\":\"Inicio\",\"item\":\"https:\\\/\\\/farolesdeforja.es\\\/en\\\/\"},{\"@type\":\"ListItem\",\"position\":2,\"name\":\"Artesan\u00eda cofrade en faroles de forja\"}]},{\"@type\":\"WebSite\",\"@id\":\"https:\\\/\\\/farolesdeforja.es\\\/en\\\/#website\",\"url\":\"https:\\\/\\\/farolesdeforja.es\\\/en\\\/\",\"name\":\"Faroles de forja y Mobiliario de forja art\u00edstica | Artesan\u00eda Salcedo Sevilla\",\"description\":\"Faroles de forja y mobiliario fabricados de forma artesanal desde 1971. Artesan\u00eda Salcedo es referente en forja art\u00edstica en Sevilla. Compra online de faroles de forja y env\u00edo GRATIS en casi todos los art\u00edculos \u00a1Personalizamos cualquier pieza!\",\"publisher\":{\"@id\":\"https:\\\/\\\/farolesdeforja.es\\\/en\\\/#organization\"},\"alternateName\":\"Salcedo Sevilla\",\"potentialAction\":[{\"@type\":\"SearchAction\",\"target\":{\"@type\":\"EntryPoint\",\"urlTemplate\":\"https:\\\/\\\/farolesdeforja.es\\\/en\\\/?s={search_term_string}\"},\"query-input\":{\"@type\":\"PropertyValueSpecification\",\"valueRequired\":true,\"valueName\":\"search_term_string\"}}],\"inLanguage\":\"en-US\"},{\"@type\":\"Organization\",\"@id\":\"https:\\\/\\\/farolesdeforja.es\\\/en\\\/#organization\",\"name\":\"Salcedo Sevilla\",\"url\":\"https:\\\/\\\/farolesdeforja.es\\\/en\\\/\",\"logo\":{\"@type\":\"ImageObject\",\"inLanguage\":\"en-US\",\"@id\":\"https:\\\/\\\/farolesdeforja.es\\\/en\\\/#\\\/schema\\\/logo\\\/image\\\/\",\"url\":\"https:\\\/\\\/farolesdeforja.es\\\/wp-content\\\/uploads\\\/2018\\\/04\\\/cropped-favicon.png\",\"contentUrl\":\"https:\\\/\\\/farolesdeforja.es\\\/wp-content\\\/uploads\\\/2018\\\/04\\\/cropped-favicon.png\",\"width\":512,\"height\":512,\"caption\":\"Salcedo Sevilla\"},\"image\":{\"@id\":\"https:\\\/\\\/farolesdeforja.es\\\/en\\\/#\\\/schema\\\/logo\\\/image\\\/\"},\"sameAs\":[\"https:\\\/\\\/www.facebook.com\\\/salcedosevilla\",\"https:\\\/\\\/www.instagram.com\\\/farolesdeforja\\\/\",\"https:\\\/\\\/www.pinterest.com\\\/Farolesdeforja\\\/\"]},{\"@type\":\"Person\",\"@id\":\"https:\\\/\\\/farolesdeforja.es\\\/en\\\/#\\\/schema\\\/person\\\/185596d815bcbc7cda6427e9ad4b8b6f\",\"name\":\"Salcedo artesan\u00eda\",\"image\":{\"@type\":\"ImageObject\",\"inLanguage\":\"en-US\",\"@id\":\"https:\\\/\\\/secure.gravatar.com\\\/avatar\\\/af0373de48c8f9f53bceda0eebe2f6e70f9d33d141bdb4966578d880b0105244?s=96&d=mm&r=g\",\"url\":\"https:\\\/\\\/secure.gravatar.com\\\/avatar\\\/af0373de48c8f9f53bceda0eebe2f6e70f9d33d141bdb4966578d880b0105244?s=96&d=mm&r=g\",\"contentUrl\":\"https:\\\/\\\/secure.gravatar.com\\\/avatar\\\/af0373de48c8f9f53bceda0eebe2f6e70f9d33d141bdb4966578d880b0105244?s=96&d=mm&r=g\",\"caption\":\"Salcedo artesan\u00eda\"}}]}<\/script>\n<!-- \/ Yoast SEO plugin. -->","yoast_head_json":{"title":"Artesan\u00eda cofrade en faroles de forja | Faroles de forja y Mobiliario de forja art\u00edstica | Artesan\u00eda Salcedo Sevilla","description":"Los faroles procesionales son nuestra especialidad en la artesan\u00eda cofrade. Contamos con un amplio cat\u00e1logo y tambi\u00e9n realizamos a medida.","robots":{"index":"index","follow":"follow","max-snippet":"max-snippet:-1","max-image-preview":"max-image-preview:large","max-video-preview":"max-video-preview:-1"},"canonical":"https:\/\/farolesdeforja.es\/en\/artesania-cofrade-faroles\/","og_locale":"en_US","og_type":"article","og_title":"Artesan\u00eda cofrade en faroles de forja | Faroles de forja y Mobiliario de forja art\u00edstica | Artesan\u00eda Salcedo Sevilla","og_description":"Los faroles procesionales son nuestra especialidad en la artesan\u00eda cofrade. Contamos con un amplio cat\u00e1logo y tambi\u00e9n realizamos a medida.","og_url":"https:\/\/farolesdeforja.es\/en\/artesania-cofrade-faroles\/","og_site_name":"Faroles de forja y Mobiliario de forja art\u00edstica | Artesan\u00eda Salcedo Sevilla","article_publisher":"https:\/\/www.facebook.com\/salcedosevilla","article_published_time":"2019-01-24T13:44:41+00:00","article_modified_time":"2024-02-05T16:05:08+00:00","og_image":[{"width":1203,"height":902,"url":"https:\/\/farolesdeforja.es\/wp-content\/uploads\/2019\/01\/artesania-cofrade-faroles-forja.jpg","type":"image\/jpeg"}],"author":"Salcedo artesan\u00eda","twitter_card":"summary_large_image","twitter_misc":{"Written by":"Salcedo artesan\u00eda","Est. reading time":"4 minutes"},"schema":{"@context":"https:\/\/schema.org","@graph":[{"@type":"Article","@id":"https:\/\/farolesdeforja.es\/en\/artesania-cofrade-faroles\/#article","isPartOf":{"@id":"https:\/\/farolesdeforja.es\/en\/artesania-cofrade-faroles\/"},"author":{"name":"Salcedo artesan\u00eda","@id":"https:\/\/farolesdeforja.es\/en\/#\/schema\/person\/185596d815bcbc7cda6427e9ad4b8b6f"},"headline":"Artesan\u00eda cofrade en faroles de forja","datePublished":"2019-01-24T13:44:41+00:00","dateModified":"2024-02-05T16:05:08+00:00","mainEntityOfPage":{"@id":"https:\/\/farolesdeforja.es\/en\/artesania-cofrade-faroles\/"},"wordCount":552,"commentCount":0,"publisher":{"@id":"https:\/\/farolesdeforja.es\/en\/#organization"},"image":{"@id":"https:\/\/farolesdeforja.es\/en\/artesania-cofrade-faroles\/#primaryimage"},"thumbnailUrl":"https:\/\/farolesdeforja.es\/wp-content\/uploads\/2019\/01\/artesania-cofrade-faroles-forja.jpg","keywords":["artesan\u00eda cofrade","faroles de mano","faroles para paso","faroles procesionales","semana santa"],"articleSection":["Forja art\u00edstica"],"inLanguage":"en-US"},{"@type":"WebPage","@id":"https:\/\/farolesdeforja.es\/en\/artesania-cofrade-faroles\/","url":"https:\/\/farolesdeforja.es\/en\/artesania-cofrade-faroles\/","name":"Artesan\u00eda cofrade en faroles de forja | Faroles de forja y Mobiliario de forja art\u00edstica | Artesan\u00eda Salcedo Sevilla","isPartOf":{"@id":"https:\/\/farolesdeforja.es\/en\/#website"},"primaryImageOfPage":{"@id":"https:\/\/farolesdeforja.es\/en\/artesania-cofrade-faroles\/#primaryimage"},"image":{"@id":"https:\/\/farolesdeforja.es\/en\/artesania-cofrade-faroles\/#primaryimage"},"thumbnailUrl":"https:\/\/farolesdeforja.es\/wp-content\/uploads\/2019\/01\/artesania-cofrade-faroles-forja.jpg","datePublished":"2019-01-24T13:44:41+00:00","dateModified":"2024-02-05T16:05:08+00:00","description":"Los faroles procesionales son nuestra especialidad en la artesan\u00eda cofrade. Contamos con un amplio cat\u00e1logo y tambi\u00e9n realizamos a medida.","breadcrumb":{"@id":"https:\/\/farolesdeforja.es\/en\/artesania-cofrade-faroles\/#breadcrumb"},"inLanguage":"en-US","potentialAction":[{"@type":"ReadAction","target":["https:\/\/farolesdeforja.es\/en\/artesania-cofrade-faroles\/"]}]},{"@type":"ImageObject","inLanguage":"en-US","@id":"https:\/\/farolesdeforja.es\/en\/artesania-cofrade-faroles\/#primaryimage","url":"https:\/\/farolesdeforja.es\/wp-content\/uploads\/2019\/01\/artesania-cofrade-faroles-forja.jpg","contentUrl":"https:\/\/farolesdeforja.es\/wp-content\/uploads\/2019\/01\/artesania-cofrade-faroles-forja.jpg","width":1203,"height":902,"caption":"Artesan\u00eda cofrade en faroles de forja"},{"@type":"BreadcrumbList","@id":"https:\/\/farolesdeforja.es\/en\/artesania-cofrade-faroles\/#breadcrumb","itemListElement":[{"@type":"ListItem","position":1,"name":"Inicio","item":"https:\/\/farolesdeforja.es\/en\/"},{"@type":"ListItem","position":2,"name":"Artesan\u00eda cofrade en faroles de forja"}]},{"@type":"WebSite","@id":"https:\/\/farolesdeforja.es\/en\/#website","url":"https:\/\/farolesdeforja.es\/en\/","name":"Faroles de forja y Mobiliario de forja art\u00edstica | Artesan\u00eda Salcedo Sevilla","description":"Faroles de forja y mobiliario fabricados de forma artesanal desde 1971. Artesan\u00eda Salcedo es referente en forja art\u00edstica en Sevilla. Compra online de faroles de forja y env\u00edo GRATIS en casi todos los art\u00edculos \u00a1Personalizamos cualquier pieza!","publisher":{"@id":"https:\/\/farolesdeforja.es\/en\/#organization"},"alternateName":"Salcedo Sevilla","potentialAction":[{"@type":"SearchAction","target":{"@type":"EntryPoint","urlTemplate":"https:\/\/farolesdeforja.es\/en\/?s={search_term_string}"},"query-input":{"@type":"PropertyValueSpecification","valueRequired":true,"valueName":"search_term_string"}}],"inLanguage":"en-US"},{"@type":"Organization","@id":"https:\/\/farolesdeforja.es\/en\/#organization","name":"Salcedo Sevilla","url":"https:\/\/farolesdeforja.es\/en\/","logo":{"@type":"ImageObject","inLanguage":"en-US","@id":"https:\/\/farolesdeforja.es\/en\/#\/schema\/logo\/image\/","url":"https:\/\/farolesdeforja.es\/wp-content\/uploads\/2018\/04\/cropped-favicon.png","contentUrl":"https:\/\/farolesdeforja.es\/wp-content\/uploads\/2018\/04\/cropped-favicon.png","width":512,"height":512,"caption":"Salcedo Sevilla"},"image":{"@id":"https:\/\/farolesdeforja.es\/en\/#\/schema\/logo\/image\/"},"sameAs":["https:\/\/www.facebook.com\/salcedosevilla","https:\/\/www.instagram.com\/farolesdeforja\/","https:\/\/www.pinterest.com\/Farolesdeforja\/"]},{"@type":"Person","@id":"https:\/\/farolesdeforja.es\/en\/#\/schema\/person\/185596d815bcbc7cda6427e9ad4b8b6f","name":"Salcedo artesan\u00eda","image":{"@type":"ImageObject","inLanguage":"en-US","@id":"https:\/\/secure.gravatar.com\/avatar\/af0373de48c8f9f53bceda0eebe2f6e70f9d33d141bdb4966578d880b0105244?s=96&d=mm&r=g","url":"https:\/\/secure.gravatar.com\/avatar\/af0373de48c8f9f53bceda0eebe2f6e70f9d33d141bdb4966578d880b0105244?s=96&d=mm&r=g","contentUrl":"https:\/\/secure.gravatar.com\/avatar\/af0373de48c8f9f53bceda0eebe2f6e70f9d33d141bdb4966578d880b0105244?s=96&d=mm&r=g","caption":"Salcedo artesan\u00eda"}}]}},"uagb_featured_image_src":{"full":["https:\/\/farolesdeforja.es\/wp-content\/uploads\/2019\/01\/artesania-cofrade-faroles-forja.jpg",1203,902,false],"thumbnail":["https:\/\/farolesdeforja.es\/wp-content\/uploads\/2019\/01\/artesania-cofrade-faroles-forja-150x150.jpg",150,150,true],"medium":["https:\/\/farolesdeforja.es\/wp-content\/uploads\/2019\/01\/artesania-cofrade-faroles-forja-300x225.jpg",300,225,true],"medium_large":["https:\/\/farolesdeforja.es\/wp-content\/uploads\/2019\/01\/artesania-cofrade-faroles-forja-768x576.jpg",768,576,true],"large":["https:\/\/farolesdeforja.es\/wp-content\/uploads\/2019\/01\/artesania-cofrade-faroles-forja-1024x768.jpg",1024,768,true],"1536x1536":["https:\/\/farolesdeforja.es\/wp-content\/uploads\/2019\/01\/artesania-cofrade-faroles-forja.jpg",1203,902,false],"2048x2048":["https:\/\/farolesdeforja.es\/wp-content\/uploads\/2019\/01\/artesania-cofrade-faroles-forja.jpg",1203,902,false],"bdpp-medium":["https:\/\/farolesdeforja.es\/wp-content\/uploads\/2019\/01\/artesania-cofrade-faroles-forja.jpg",640,480,false],"woocommerce_thumbnail":["https:\/\/farolesdeforja.es\/wp-content\/uploads\/2019\/01\/artesania-cofrade-faroles-forja-300x300.jpg",300,300,true],"woocommerce_single":["https:\/\/farolesdeforja.es\/wp-content\/uploads\/2019\/01\/artesania-cofrade-faroles-forja-600x450.jpg",600,450,true],"woocommerce_gallery_thumbnail":["https:\/\/farolesdeforja.es\/wp-content\/uploads\/2019\/01\/artesania-cofrade-faroles-forja-100x100.jpg",100,100,true]},"uagb_author_info":{"display_name":"Salcedo artesan\u00eda","author_link":"https:\/\/farolesdeforja.es\/en\/author\/businessgo\/"},"uagb_comment_info":0,"uagb_excerpt":"Comienza la cuenta atr\u00e1s. Ciudades y pueblos de diversos puntos de Andaluc\u00eda y Espa\u00f1a se preparan para lo que llegar\u00e1. En menos de dos meses, la Semana Santa llenar\u00e1 de devoci\u00f3n, arte e incienso las calles. Y tambi\u00e9n de luz, la de los cirios de los nazarenos&#8230;y los faroles procesionales. Una especialidad en la artesan\u00eda&hellip;","_links":{"self":[{"href":"https:\/\/farolesdeforja.es\/en\/wp-json\/wp\/v2\/posts\/3919","targetHints":{"allow":["GET"]}}],"collection":[{"href":"https:\/\/farolesdeforja.es\/en\/wp-json\/wp\/v2\/posts"}],"about":[{"href":"https:\/\/farolesdeforja.es\/en\/wp-json\/wp\/v2\/types\/post"}],"author":[{"embeddable":true,"href":"https:\/\/farolesdeforja.es\/en\/wp-json\/wp\/v2\/users\/1"}],"replies":[{"embeddable":true,"href":"https:\/\/farolesdeforja.es\/en\/wp-json\/wp\/v2\/comments?post=3919"}],"version-history":[{"count":0,"href":"https:\/\/farolesdeforja.es\/en\/wp-json\/wp\/v2\/posts\/3919\/revisions"}],"wp:featuredmedia":[{"embeddable":true,"href":"https:\/\/farolesdeforja.es\/en\/wp-json\/wp\/v2\/media\/3924"}],"wp:attachment":[{"href":"https:\/\/farolesdeforja.es\/en\/wp-json\/wp\/v2\/media?parent=3919"}],"wp:term":[{"taxonomy":"category","embeddable":true,"href":"https:\/\/farolesdeforja.es\/en\/wp-json\/wp\/v2\/categories?post=3919"},{"taxonomy":"post_tag","embeddable":true,"href":"https:\/\/farolesdeforja.es\/en\/wp-json\/wp\/v2\/tags?post=3919"}],"curies":[{"name":"wp","href":"https:\/\/api.w.org\/{rel}","templated":true}]}}