{"id":3897,"date":"2019-01-11T11:55:27","date_gmt":"2019-01-11T10:55:27","guid":{"rendered":"https:\/\/farolesdeforja.es\/?p=3897"},"modified":"2024-02-06T08:35:10","modified_gmt":"2024-02-06T07:35:10","slug":"faroles-economicos-para-cuesta-enero","status":"publish","type":"post","link":"https:\/\/farolesdeforja.es\/en\/faroles-economicos-para-cuesta-enero\/","title":{"rendered":"Faroles econ\u00f3micos para hacer frente a la cuesta de enero"},"content":{"rendered":"\r\n<p>Pas\u00f3 la Navidad. El dinero dejado en regalos y eventos festivos han provocado que m\u00e1s de una persona tenga un agujero en el bolsillo. Y esto se har\u00e1 notar durante el mes que tenemos por delante. Como consecuencia, los comercios se resienten. En las <a href=\"https:\/\/farolesdeforja.es\/\"><strong>tiendas de forja en Sevilla<\/strong><\/a> tambi\u00e9n lo notamos. Pero queremos comunicarte que los gastos navide\u00f1os no tienen que ser un problema para que sigas apostando por nuestros productos. Contamos con <strong>faroles econ\u00f3micos<\/strong> para seguir estando a tu disposici\u00f3n todo el a\u00f1o, incluso en \u00e9pocas durante las que necesites apretarte el cintur\u00f3n.<\/p>\r\n\r\n\r\n\r\n<p>Es cierto que hay que tener en cuenta los costes de los productos cien por cien artesanos. Estamos hablando de un trabajo minucioso y elaborado, con resultados de gran calidad y detalles muy elaborados<\/p>\r\n\r\n\r\n\r\n<p>Por tanto, hay que compensar el proceso artesanal que se encuentra tras cada uno de los art\u00edculos. Pero en<strong> Salcedo Sevilla<\/strong> somos conscientes y queremos llegar a todos. De esta forma, ofrecemos precios a gusto de todo el p\u00fablico.<\/p>\r\n\r\n\r\n\r\n<div id=\"ez-toc-container\" class=\"ez-toc-v2_0_82_2 counter-hierarchy ez-toc-counter ez-toc-grey ez-toc-container-direction\">\n<p class=\"ez-toc-title\" style=\"cursor:inherit\">\u00cdndice del contenidos<\/p>\n<label for=\"ez-toc-cssicon-toggle-item-69f4d07637fef\" class=\"ez-toc-cssicon-toggle-label\"><span class=\"\"><span class=\"eztoc-hide\" style=\"display:none;\">Toggle<\/span><span class=\"ez-toc-icon-toggle-span\"><svg style=\"fill: #999;color:#999\" xmlns=\"http:\/\/www.w3.org\/2000\/svg\" class=\"list-377408\" width=\"20px\" height=\"20px\" viewBox=\"0 0 24 24\" fill=\"none\"><path d=\"M6 6H4v2h2V6zm14 0H8v2h12V6zM4 11h2v2H4v-2zm16 0H8v2h12v-2zM4 16h2v2H4v-2zm16 0H8v2h12v-2z\" fill=\"currentColor\"><\/path><\/svg><svg style=\"fill: #999;color:#999\" class=\"arrow-unsorted-368013\" xmlns=\"http:\/\/www.w3.org\/2000\/svg\" width=\"10px\" height=\"10px\" viewBox=\"0 0 24 24\" version=\"1.2\" baseProfile=\"tiny\"><path d=\"M18.2 9.3l-6.2-6.3-6.2 6.3c-.2.2-.3.4-.3.7s.1.5.3.7c.2.2.4.3.7.3h11c.3 0 .5-.1.7-.3.2-.2.3-.5.3-.7s-.1-.5-.3-.7zM5.8 14.7l6.2 6.3 6.2-6.3c.2-.2.3-.5.3-.7s-.1-.5-.3-.7c-.2-.2-.4-.3-.7-.3h-11c-.3 0-.5.1-.7.3-.2.2-.3.5-.3.7s.1.5.3.7z\"\/><\/svg><\/span><\/span><\/label><input type=\"checkbox\"  id=\"ez-toc-cssicon-toggle-item-69f4d07637fef\"  aria-label=\"Toggle\" \/><nav><ul class='ez-toc-list ez-toc-list-level-1 ' ><li class='ez-toc-page-1 ez-toc-heading-level-2'><a class=\"ez-toc-link ez-toc-heading-1\" href=\"https:\/\/farolesdeforja.es\/en\/faroles-economicos-para-cuesta-enero\/#Recomendaciones_entre_los_faroles_economicos\" >Recomendaciones entre los faroles econ\u00f3micos<\/a><\/li><li class='ez-toc-page-1 ez-toc-heading-level-2'><a class=\"ez-toc-link ez-toc-heading-2\" href=\"https:\/\/farolesdeforja.es\/en\/faroles-economicos-para-cuesta-enero\/#Y_si_lo_prefieres_lamparas\" >Y si lo prefieres, l\u00e1mparas<\/a><\/li><\/ul><\/nav><\/div>\n<h2 class=\"wp-block-heading\"><span class=\"ez-toc-section\" id=\"Recomendaciones_entre_los_faroles_economicos\"><\/span>Recomendaciones entre los faroles econ\u00f3micos<span class=\"ez-toc-section-end\"><\/span><\/h2>\r\n\r\n\r\n\r\n<p>Para que los conozcas de primera mano, hemos hecho una peque\u00f1a selecci\u00f3n de nuestro <strong>cat\u00e1logo de faroles econ\u00f3micos<\/strong>. Tambi\u00e9n tenemos dise\u00f1os para todos los gustos, as\u00ed podr\u00e1s elegir tu favorito. All\u00e1 vamos:<\/p>\r\n\r\n\r\n\r\n<ul class=\"wp-block-list\">\r\n<li><strong>Farol Sevilla<\/strong>: De estilo sevillano, como su nombre indica, este farol con soporte resulta adecuado para decoraci\u00f3n de exterior. Recuerda mucho a los que podemos ver en algunas calles del Centro de Sevilla. <a href=\"https:\/\/farolesdeforja.es\/tienda\/faroles\/faroles-con-soporte\/farol-sevilla\/\" target=\"_blank\" rel=\"noopener\">Ver producto<\/a>.<\/li>\r\n<\/ul>\r\n\r\n\r\n\r\n<div class=\"wp-block-image\">\r\n<figure class=\"aligncenter is-resized\"><img loading=\"lazy\" decoding=\"async\" class=\"wp-image-525\" src=\"https:\/\/farolesdeforja.es\/wp-content\/uploads\/2018\/05\/farol-prtico-con-soporte-superior-32cm-x-36cm-1024x1024.jpg\" alt=\"\" width=\"512\" height=\"512\" \/><\/figure>\r\n<\/div>\r\n\r\n\r\n\r\n<ul class=\"wp-block-list\">\r\n<li><strong>Farol Gelves<\/strong>: Queremos destacar este art\u00edculo por contar con un dise\u00f1o que se sale un poco de la t\u00f3nica a la que estamos acostumbrados a ense\u00f1aros. Por lo general, tiene un estilo poco com\u00fan, y ah\u00ed radica su atractivo. Evoca un poco a los motivos marineros de la localidad que le da nombre. <a href=\"https:\/\/farolesdeforja.es\/tienda\/faroles\/faroles-de-techo\/farol-gelves\/\">Ver producto<\/a>.<\/li>\r\n<\/ul>\r\n\r\n\r\n\r\n<div class=\"wp-block-image\">\r\n<figure class=\"aligncenter is-resized\"><img loading=\"lazy\" decoding=\"async\" class=\"wp-image-567\" src=\"https:\/\/farolesdeforja.es\/wp-content\/uploads\/2018\/05\/farol-gelves-30cm-x-15cm-chapa-galvanizada-1024x1024.jpg\" alt=\"\" width=\"400\" height=\"400\" \/><\/figure>\r\n<\/div>\r\n\r\n\r\n\r\n<ul class=\"wp-block-list\">\r\n<li><strong>Farol Campero<\/strong>: Los nombres que ponemos no son casualidad. Seguro que ves este peque\u00f1o farol y te lo imaginas iluminando la entrada de una casa en el campo. Si tienes una o conoces a alguien que la tenga, ten en cuenta al &#8220;Campero&#8221;. Ver\u00e1s qu\u00e9 bien queda. <a href=\"https:\/\/farolesdeforja.es\/tienda\/faroles\/faroles-de-techo\/farol-campero\/\">Ver producto<\/a>.<\/li>\r\n<\/ul>\r\n\r\n\r\n\r\n<div class=\"wp-block-image\">\r\n<figure class=\"aligncenter is-resized\"><img loading=\"lazy\" decoding=\"async\" class=\"wp-image-3777\" src=\"https:\/\/farolesdeforja.es\/wp-content\/uploads\/2018\/05\/farol-campero.jpg\" alt=\"\" width=\"401\" height=\"400\" srcset=\"https:\/\/farolesdeforja.es\/wp-content\/uploads\/2018\/05\/farol-campero.jpg 800w, https:\/\/farolesdeforja.es\/wp-content\/uploads\/2018\/05\/farol-campero-150x150.jpg 150w, https:\/\/farolesdeforja.es\/wp-content\/uploads\/2018\/05\/farol-campero-300x300.jpg 300w, https:\/\/farolesdeforja.es\/wp-content\/uploads\/2018\/05\/farol-campero-768x768.jpg 768w, https:\/\/farolesdeforja.es\/wp-content\/uploads\/2018\/05\/farol-campero-600x600.jpg 600w, https:\/\/farolesdeforja.es\/wp-content\/uploads\/2018\/05\/farol-campero-100x100.jpg 100w, https:\/\/farolesdeforja.es\/wp-content\/uploads\/2018\/05\/farol-campero-266x266.jpg 266w\" sizes=\"auto, (max-width: 401px) 100vw, 401px\" \/><\/figure>\r\n<\/div>\r\n\r\n\r\n\r\n<h2 class=\"wp-block-heading\"><span class=\"ez-toc-section\" id=\"Y_si_lo_prefieres_lamparas\"><\/span>Y si lo prefieres, l\u00e1mparas<span class=\"ez-toc-section-end\"><\/span><\/h2>\r\n\r\n\r\n\r\n<p>Nuestra artesan\u00eda no se basa en los faroles. Tenemos de todo: apliques, mesas, cabeceros de cama, espejos&#8230;y <strong>l\u00e1mparas<\/strong>, entre otras muchas cosas m\u00e1s. Adem\u00e1s, hay de todo tipo. En este post solo hacemos una peque\u00f1a selecci\u00f3n, pero podr\u00e1s comprobar que contamos con l\u00e1mparas seg\u00fan tus necesidades.<\/p>\r\n\r\n\r\n\r\n<ul class=\"wp-block-list\">\r\n<li><strong>L\u00e1mpara de suelo Patanch\u00f3n<\/strong>: Lo mejor de este art\u00edculo es que puedes incluir una pantalla a tu gusto. Solo tienes que consultarlo con nosotros y haremos realidad tu idea. <a href=\"https:\/\/farolesdeforja.es\/tienda\/lamparas\/lamparas-de-suelo\/lampara-suelo-patanchon\/\" target=\"_blank\" rel=\"noopener\">Ver producto<\/a>. <em>Nota: el precio de la pantalla no est\u00e1 incluido.<\/em><\/li>\r\n<\/ul>\r\n\r\n\r\n\r\n<div class=\"wp-block-image\">\r\n<figure class=\"aligncenter is-resized\"><img loading=\"lazy\" decoding=\"async\" class=\"wp-image-326\" src=\"https:\/\/farolesdeforja.es\/wp-content\/uploads\/2018\/05\/lmpara-suelo-patanchon-139cm-x-30cm--1024x1024.jpg\" alt=\"\" width=\"400\" height=\"400\" \/><\/figure>\r\n<\/div>\r\n\r\n\r\n\r\n<ul class=\"wp-block-list\">\r\n<li><strong>L\u00e1mpara de sobremesa Alicante<\/strong>: Elegante producto de nuestro cat\u00e1logo, para acompa\u00f1ar tus horas de trabajo en la mesa de escritorio. <a href=\"https:\/\/farolesdeforja.es\/tienda\/lamparas\/lamparas-de-mesa\/sobremesa-alicante\/\">Ver producto<\/a>.<\/li>\r\n<\/ul>\r\n\r\n\r\n\r\n<div class=\"wp-block-image\">\r\n<figure class=\"aligncenter is-resized\"><img loading=\"lazy\" decoding=\"async\" class=\"wp-image-266\" src=\"https:\/\/farolesdeforja.es\/wp-content\/uploads\/2018\/05\/lampara-de-sobremesa-alicante-57cm-x-22cm-1024x1024.jpg\" alt=\"\" width=\"512\" height=\"512\" \/><\/figure>\r\n<\/div>\r\n\r\n\r\n\r\n<p>Ya lo has comprobado. Tenemos art\u00edculos para todos los gustos. Muchos m\u00e1s de los que acabas de ver, adem\u00e1s. Ahora, elige tu preferido y p\u00eddelo. Para verlos todos, puedes visitar el cat\u00e1logo de nuestra <a href=\"https:\/\/farolesdeforja.es\/tienda\/\"><strong>tienda online<\/strong><\/a>.<\/p>\r\n","protected":false},"excerpt":{"rendered":"<p>Pas\u00f3 la Navidad. El dinero dejado en regalos y eventos festivos han provocado que m\u00e1s de una persona tenga un agujero en el bolsillo. Y esto se har\u00e1 notar durante el mes que tenemos por delante. Como consecuencia, los comercios se resienten. En las tiendas de forja en Sevilla tambi\u00e9n lo notamos. Pero queremos comunicarte [&hellip;]<\/p>\n","protected":false},"author":1,"featured_media":3905,"comment_status":"open","ping_status":"open","sticky":false,"template":"","format":"standard","meta":{"inline_featured_image":false,"_uag_custom_page_level_css":"","site-sidebar-layout":"default","site-content-layout":"","ast-site-content-layout":"default","site-content-style":"default","site-sidebar-style":"default","ast-global-header-display":"","ast-banner-title-visibility":"","ast-main-header-display":"","ast-hfb-above-header-display":"","ast-hfb-below-header-display":"","ast-hfb-mobile-header-display":"","site-post-title":"","ast-breadcrumbs-content":"","ast-featured-img":"","footer-sml-layout":"","ast-disable-related-posts":"","theme-transparent-header-meta":"","adv-header-id-meta":"","stick-header-meta":"","header-above-stick-meta":"","header-main-stick-meta":"","header-below-stick-meta":"","astra-migrate-meta-layouts":"default","ast-page-background-enabled":"default","ast-page-background-meta":{"desktop":{"background-color":"var(--ast-global-color-4)","background-image":"","background-repeat":"repeat","background-position":"center center","background-size":"auto","background-attachment":"scroll","background-type":"","background-media":"","overlay-type":"","overlay-color":"","overlay-opacity":"","overlay-gradient":""},"tablet":{"background-color":"","background-image":"","background-repeat":"repeat","background-position":"center center","background-size":"auto","background-attachment":"scroll","background-type":"","background-media":"","overlay-type":"","overlay-color":"","overlay-opacity":"","overlay-gradient":""},"mobile":{"background-color":"","background-image":"","background-repeat":"repeat","background-position":"center center","background-size":"auto","background-attachment":"scroll","background-type":"","background-media":"","overlay-type":"","overlay-color":"","overlay-opacity":"","overlay-gradient":""}},"ast-content-background-meta":{"desktop":{"background-color":"var(--ast-global-color-5)","background-image":"","background-repeat":"repeat","background-position":"center center","background-size":"auto","background-attachment":"scroll","background-type":"","background-media":"","overlay-type":"","overlay-color":"","overlay-opacity":"","overlay-gradient":""},"tablet":{"background-color":"var(--ast-global-color-5)","background-image":"","background-repeat":"repeat","background-position":"center center","background-size":"auto","background-attachment":"scroll","background-type":"","background-media":"","overlay-type":"","overlay-color":"","overlay-opacity":"","overlay-gradient":""},"mobile":{"background-color":"var(--ast-global-color-5)","background-image":"","background-repeat":"repeat","background-position":"center center","background-size":"auto","background-attachment":"scroll","background-type":"","background-media":"","overlay-type":"","overlay-color":"","overlay-opacity":"","overlay-gradient":""}},"footnotes":""},"categories":[226],"tags":[146,147,144,148,149,145],"class_list":["post-3897","post","type-post","status-publish","format-standard","has-post-thumbnail","hentry","category-artesania-salcedo","tag-artesania-de-forja","tag-farol-con-soporte","tag-faroles-economicos","tag-lampara-de-pie","tag-lampara-de-sobremesa","tag-lamparas-economicas"],"yoast_head":"<!-- This site is optimized with the Yoast SEO plugin v27.4 - https:\/\/yoast.com\/product\/yoast-seo-wordpress\/ -->\n<title>Faroles econ\u00f3micos para la cuesta de enero | Artesan\u00eda Salcedo<\/title>\n<meta name=\"description\" content=\"Nuestro cat\u00e1logo tiene una variedad con precios y dise\u00f1os adecuados seg\u00fan el p\u00fablico. Consulta nuestra selecci\u00f3n de faroles econ\u00f3micos.\" \/>\n<meta name=\"robots\" content=\"index, follow, max-snippet:-1, max-image-preview:large, max-video-preview:-1\" \/>\n<link rel=\"canonical\" href=\"https:\/\/farolesdeforja.es\/en\/faroles-economicos-para-cuesta-enero\/\" \/>\n<meta property=\"og:locale\" content=\"en_US\" \/>\n<meta property=\"og:type\" content=\"article\" \/>\n<meta property=\"og:title\" content=\"Faroles econ\u00f3micos para la cuesta de enero | Artesan\u00eda Salcedo\" \/>\n<meta property=\"og:description\" content=\"Nuestro cat\u00e1logo tiene una variedad con precios y dise\u00f1os adecuados seg\u00fan el p\u00fablico. Consulta nuestra selecci\u00f3n de faroles econ\u00f3micos.\" \/>\n<meta property=\"og:url\" content=\"https:\/\/farolesdeforja.es\/en\/faroles-economicos-para-cuesta-enero\/\" \/>\n<meta property=\"og:site_name\" content=\"Faroles de forja y Mobiliario de forja art\u00edstica | Artesan\u00eda Salcedo Sevilla\" \/>\n<meta property=\"article:publisher\" content=\"https:\/\/www.facebook.com\/salcedosevilla\" \/>\n<meta property=\"article:published_time\" content=\"2019-01-11T10:55:27+00:00\" \/>\n<meta property=\"article:modified_time\" content=\"2024-02-06T07:35:10+00:00\" \/>\n<meta property=\"og:image\" content=\"https:\/\/farolesdeforja.es\/wp-content\/uploads\/2019\/01\/pizzas-on-us-this-valentines.png\" \/>\n\t<meta property=\"og:image:width\" content=\"820\" \/>\n\t<meta property=\"og:image:height\" content=\"312\" \/>\n\t<meta property=\"og:image:type\" content=\"image\/png\" \/>\n<meta name=\"author\" content=\"Salcedo artesan\u00eda\" \/>\n<meta name=\"twitter:card\" content=\"summary_large_image\" \/>\n<meta name=\"twitter:label1\" content=\"Written by\" \/>\n\t<meta name=\"twitter:data1\" content=\"Salcedo artesan\u00eda\" \/>\n\t<meta name=\"twitter:label2\" content=\"Est. reading time\" \/>\n\t<meta name=\"twitter:data2\" content=\"4 minutes\" \/>\n<script type=\"application\/ld+json\" class=\"yoast-schema-graph\">{\"@context\":\"https:\\\/\\\/schema.org\",\"@graph\":[{\"@type\":\"Article\",\"@id\":\"https:\\\/\\\/farolesdeforja.es\\\/en\\\/faroles-economicos-para-cuesta-enero\\\/#article\",\"isPartOf\":{\"@id\":\"https:\\\/\\\/farolesdeforja.es\\\/en\\\/faroles-economicos-para-cuesta-enero\\\/\"},\"author\":{\"name\":\"Salcedo artesan\u00eda\",\"@id\":\"https:\\\/\\\/farolesdeforja.es\\\/en\\\/#\\\/schema\\\/person\\\/185596d815bcbc7cda6427e9ad4b8b6f\"},\"headline\":\"Faroles econ\u00f3micos para hacer frente a la cuesta de enero\",\"datePublished\":\"2019-01-11T10:55:27+00:00\",\"dateModified\":\"2024-02-06T07:35:10+00:00\",\"mainEntityOfPage\":{\"@id\":\"https:\\\/\\\/farolesdeforja.es\\\/en\\\/faroles-economicos-para-cuesta-enero\\\/\"},\"wordCount\":551,\"commentCount\":0,\"publisher\":{\"@id\":\"https:\\\/\\\/farolesdeforja.es\\\/en\\\/#organization\"},\"image\":{\"@id\":\"https:\\\/\\\/farolesdeforja.es\\\/en\\\/faroles-economicos-para-cuesta-enero\\\/#primaryimage\"},\"thumbnailUrl\":\"https:\\\/\\\/farolesdeforja.es\\\/wp-content\\\/uploads\\\/2019\\\/01\\\/pizzas-on-us-this-valentines.png\",\"keywords\":[\"artesan\u00eda de forja\",\"farol con soporte\",\"faroles econ\u00f3micos\",\"l\u00e1mpara de pie\",\"l\u00e1mpara de sobremesa\",\"l\u00e1mparas econ\u00f3micas\"],\"articleSection\":[\"Artesan\u00eda Salcedo\"],\"inLanguage\":\"en-US\"},{\"@type\":\"WebPage\",\"@id\":\"https:\\\/\\\/farolesdeforja.es\\\/en\\\/faroles-economicos-para-cuesta-enero\\\/\",\"url\":\"https:\\\/\\\/farolesdeforja.es\\\/en\\\/faroles-economicos-para-cuesta-enero\\\/\",\"name\":\"Faroles econ\u00f3micos para la cuesta de enero | Artesan\u00eda Salcedo\",\"isPartOf\":{\"@id\":\"https:\\\/\\\/farolesdeforja.es\\\/en\\\/#website\"},\"primaryImageOfPage\":{\"@id\":\"https:\\\/\\\/farolesdeforja.es\\\/en\\\/faroles-economicos-para-cuesta-enero\\\/#primaryimage\"},\"image\":{\"@id\":\"https:\\\/\\\/farolesdeforja.es\\\/en\\\/faroles-economicos-para-cuesta-enero\\\/#primaryimage\"},\"thumbnailUrl\":\"https:\\\/\\\/farolesdeforja.es\\\/wp-content\\\/uploads\\\/2019\\\/01\\\/pizzas-on-us-this-valentines.png\",\"datePublished\":\"2019-01-11T10:55:27+00:00\",\"dateModified\":\"2024-02-06T07:35:10+00:00\",\"description\":\"Nuestro cat\u00e1logo tiene una variedad con precios y dise\u00f1os adecuados seg\u00fan el p\u00fablico. Consulta nuestra selecci\u00f3n de faroles econ\u00f3micos.\",\"breadcrumb\":{\"@id\":\"https:\\\/\\\/farolesdeforja.es\\\/en\\\/faroles-economicos-para-cuesta-enero\\\/#breadcrumb\"},\"inLanguage\":\"en-US\",\"potentialAction\":[{\"@type\":\"ReadAction\",\"target\":[\"https:\\\/\\\/farolesdeforja.es\\\/en\\\/faroles-economicos-para-cuesta-enero\\\/\"]}]},{\"@type\":\"ImageObject\",\"inLanguage\":\"en-US\",\"@id\":\"https:\\\/\\\/farolesdeforja.es\\\/en\\\/faroles-economicos-para-cuesta-enero\\\/#primaryimage\",\"url\":\"https:\\\/\\\/farolesdeforja.es\\\/wp-content\\\/uploads\\\/2019\\\/01\\\/pizzas-on-us-this-valentines.png\",\"contentUrl\":\"https:\\\/\\\/farolesdeforja.es\\\/wp-content\\\/uploads\\\/2019\\\/01\\\/pizzas-on-us-this-valentines.png\",\"width\":820,\"height\":312,\"caption\":\"Faroles econ\u00f3micos\"},{\"@type\":\"BreadcrumbList\",\"@id\":\"https:\\\/\\\/farolesdeforja.es\\\/en\\\/faroles-economicos-para-cuesta-enero\\\/#breadcrumb\",\"itemListElement\":[{\"@type\":\"ListItem\",\"position\":1,\"name\":\"Inicio\",\"item\":\"https:\\\/\\\/farolesdeforja.es\\\/en\\\/\"},{\"@type\":\"ListItem\",\"position\":2,\"name\":\"Faroles econ\u00f3micos para hacer frente a la cuesta de enero\"}]},{\"@type\":\"WebSite\",\"@id\":\"https:\\\/\\\/farolesdeforja.es\\\/en\\\/#website\",\"url\":\"https:\\\/\\\/farolesdeforja.es\\\/en\\\/\",\"name\":\"Faroles de forja y Mobiliario de forja art\u00edstica | Artesan\u00eda Salcedo Sevilla\",\"description\":\"Faroles de forja y mobiliario fabricados de forma artesanal desde 1971. Artesan\u00eda Salcedo es referente en forja art\u00edstica en Sevilla. Compra online de faroles de forja y env\u00edo GRATIS en casi todos los art\u00edculos \u00a1Personalizamos cualquier pieza!\",\"publisher\":{\"@id\":\"https:\\\/\\\/farolesdeforja.es\\\/en\\\/#organization\"},\"alternateName\":\"Salcedo Sevilla\",\"potentialAction\":[{\"@type\":\"SearchAction\",\"target\":{\"@type\":\"EntryPoint\",\"urlTemplate\":\"https:\\\/\\\/farolesdeforja.es\\\/en\\\/?s={search_term_string}\"},\"query-input\":{\"@type\":\"PropertyValueSpecification\",\"valueRequired\":true,\"valueName\":\"search_term_string\"}}],\"inLanguage\":\"en-US\"},{\"@type\":\"Organization\",\"@id\":\"https:\\\/\\\/farolesdeforja.es\\\/en\\\/#organization\",\"name\":\"Salcedo Sevilla\",\"url\":\"https:\\\/\\\/farolesdeforja.es\\\/en\\\/\",\"logo\":{\"@type\":\"ImageObject\",\"inLanguage\":\"en-US\",\"@id\":\"https:\\\/\\\/farolesdeforja.es\\\/en\\\/#\\\/schema\\\/logo\\\/image\\\/\",\"url\":\"https:\\\/\\\/farolesdeforja.es\\\/wp-content\\\/uploads\\\/2018\\\/04\\\/cropped-favicon.png\",\"contentUrl\":\"https:\\\/\\\/farolesdeforja.es\\\/wp-content\\\/uploads\\\/2018\\\/04\\\/cropped-favicon.png\",\"width\":512,\"height\":512,\"caption\":\"Salcedo Sevilla\"},\"image\":{\"@id\":\"https:\\\/\\\/farolesdeforja.es\\\/en\\\/#\\\/schema\\\/logo\\\/image\\\/\"},\"sameAs\":[\"https:\\\/\\\/www.facebook.com\\\/salcedosevilla\",\"https:\\\/\\\/www.instagram.com\\\/farolesdeforja\\\/\",\"https:\\\/\\\/www.pinterest.com\\\/Farolesdeforja\\\/\"]},{\"@type\":\"Person\",\"@id\":\"https:\\\/\\\/farolesdeforja.es\\\/en\\\/#\\\/schema\\\/person\\\/185596d815bcbc7cda6427e9ad4b8b6f\",\"name\":\"Salcedo artesan\u00eda\",\"image\":{\"@type\":\"ImageObject\",\"inLanguage\":\"en-US\",\"@id\":\"https:\\\/\\\/secure.gravatar.com\\\/avatar\\\/af0373de48c8f9f53bceda0eebe2f6e70f9d33d141bdb4966578d880b0105244?s=96&d=mm&r=g\",\"url\":\"https:\\\/\\\/secure.gravatar.com\\\/avatar\\\/af0373de48c8f9f53bceda0eebe2f6e70f9d33d141bdb4966578d880b0105244?s=96&d=mm&r=g\",\"contentUrl\":\"https:\\\/\\\/secure.gravatar.com\\\/avatar\\\/af0373de48c8f9f53bceda0eebe2f6e70f9d33d141bdb4966578d880b0105244?s=96&d=mm&r=g\",\"caption\":\"Salcedo artesan\u00eda\"}}]}<\/script>\n<!-- \/ Yoast SEO plugin. -->","yoast_head_json":{"title":"Faroles econ\u00f3micos para la cuesta de enero | Artesan\u00eda Salcedo","description":"Nuestro cat\u00e1logo tiene una variedad con precios y dise\u00f1os adecuados seg\u00fan el p\u00fablico. Consulta nuestra selecci\u00f3n de faroles econ\u00f3micos.","robots":{"index":"index","follow":"follow","max-snippet":"max-snippet:-1","max-image-preview":"max-image-preview:large","max-video-preview":"max-video-preview:-1"},"canonical":"https:\/\/farolesdeforja.es\/en\/faroles-economicos-para-cuesta-enero\/","og_locale":"en_US","og_type":"article","og_title":"Faroles econ\u00f3micos para la cuesta de enero | Artesan\u00eda Salcedo","og_description":"Nuestro cat\u00e1logo tiene una variedad con precios y dise\u00f1os adecuados seg\u00fan el p\u00fablico. Consulta nuestra selecci\u00f3n de faroles econ\u00f3micos.","og_url":"https:\/\/farolesdeforja.es\/en\/faroles-economicos-para-cuesta-enero\/","og_site_name":"Faroles de forja y Mobiliario de forja art\u00edstica | Artesan\u00eda Salcedo Sevilla","article_publisher":"https:\/\/www.facebook.com\/salcedosevilla","article_published_time":"2019-01-11T10:55:27+00:00","article_modified_time":"2024-02-06T07:35:10+00:00","og_image":[{"width":820,"height":312,"url":"https:\/\/farolesdeforja.es\/wp-content\/uploads\/2019\/01\/pizzas-on-us-this-valentines.png","type":"image\/png"}],"author":"Salcedo artesan\u00eda","twitter_card":"summary_large_image","twitter_misc":{"Written by":"Salcedo artesan\u00eda","Est. reading time":"4 minutes"},"schema":{"@context":"https:\/\/schema.org","@graph":[{"@type":"Article","@id":"https:\/\/farolesdeforja.es\/en\/faroles-economicos-para-cuesta-enero\/#article","isPartOf":{"@id":"https:\/\/farolesdeforja.es\/en\/faroles-economicos-para-cuesta-enero\/"},"author":{"name":"Salcedo artesan\u00eda","@id":"https:\/\/farolesdeforja.es\/en\/#\/schema\/person\/185596d815bcbc7cda6427e9ad4b8b6f"},"headline":"Faroles econ\u00f3micos para hacer frente a la cuesta de enero","datePublished":"2019-01-11T10:55:27+00:00","dateModified":"2024-02-06T07:35:10+00:00","mainEntityOfPage":{"@id":"https:\/\/farolesdeforja.es\/en\/faroles-economicos-para-cuesta-enero\/"},"wordCount":551,"commentCount":0,"publisher":{"@id":"https:\/\/farolesdeforja.es\/en\/#organization"},"image":{"@id":"https:\/\/farolesdeforja.es\/en\/faroles-economicos-para-cuesta-enero\/#primaryimage"},"thumbnailUrl":"https:\/\/farolesdeforja.es\/wp-content\/uploads\/2019\/01\/pizzas-on-us-this-valentines.png","keywords":["artesan\u00eda de forja","farol con soporte","faroles econ\u00f3micos","l\u00e1mpara de pie","l\u00e1mpara de sobremesa","l\u00e1mparas econ\u00f3micas"],"articleSection":["Artesan\u00eda Salcedo"],"inLanguage":"en-US"},{"@type":"WebPage","@id":"https:\/\/farolesdeforja.es\/en\/faroles-economicos-para-cuesta-enero\/","url":"https:\/\/farolesdeforja.es\/en\/faroles-economicos-para-cuesta-enero\/","name":"Faroles econ\u00f3micos para la cuesta de enero | Artesan\u00eda Salcedo","isPartOf":{"@id":"https:\/\/farolesdeforja.es\/en\/#website"},"primaryImageOfPage":{"@id":"https:\/\/farolesdeforja.es\/en\/faroles-economicos-para-cuesta-enero\/#primaryimage"},"image":{"@id":"https:\/\/farolesdeforja.es\/en\/faroles-economicos-para-cuesta-enero\/#primaryimage"},"thumbnailUrl":"https:\/\/farolesdeforja.es\/wp-content\/uploads\/2019\/01\/pizzas-on-us-this-valentines.png","datePublished":"2019-01-11T10:55:27+00:00","dateModified":"2024-02-06T07:35:10+00:00","description":"Nuestro cat\u00e1logo tiene una variedad con precios y dise\u00f1os adecuados seg\u00fan el p\u00fablico. Consulta nuestra selecci\u00f3n de faroles econ\u00f3micos.","breadcrumb":{"@id":"https:\/\/farolesdeforja.es\/en\/faroles-economicos-para-cuesta-enero\/#breadcrumb"},"inLanguage":"en-US","potentialAction":[{"@type":"ReadAction","target":["https:\/\/farolesdeforja.es\/en\/faroles-economicos-para-cuesta-enero\/"]}]},{"@type":"ImageObject","inLanguage":"en-US","@id":"https:\/\/farolesdeforja.es\/en\/faroles-economicos-para-cuesta-enero\/#primaryimage","url":"https:\/\/farolesdeforja.es\/wp-content\/uploads\/2019\/01\/pizzas-on-us-this-valentines.png","contentUrl":"https:\/\/farolesdeforja.es\/wp-content\/uploads\/2019\/01\/pizzas-on-us-this-valentines.png","width":820,"height":312,"caption":"Faroles econ\u00f3micos"},{"@type":"BreadcrumbList","@id":"https:\/\/farolesdeforja.es\/en\/faroles-economicos-para-cuesta-enero\/#breadcrumb","itemListElement":[{"@type":"ListItem","position":1,"name":"Inicio","item":"https:\/\/farolesdeforja.es\/en\/"},{"@type":"ListItem","position":2,"name":"Faroles econ\u00f3micos para hacer frente a la cuesta de enero"}]},{"@type":"WebSite","@id":"https:\/\/farolesdeforja.es\/en\/#website","url":"https:\/\/farolesdeforja.es\/en\/","name":"Faroles de forja y Mobiliario de forja art\u00edstica | Artesan\u00eda Salcedo Sevilla","description":"Faroles de forja y mobiliario fabricados de forma artesanal desde 1971. Artesan\u00eda Salcedo es referente en forja art\u00edstica en Sevilla. Compra online de faroles de forja y env\u00edo GRATIS en casi todos los art\u00edculos \u00a1Personalizamos cualquier pieza!","publisher":{"@id":"https:\/\/farolesdeforja.es\/en\/#organization"},"alternateName":"Salcedo Sevilla","potentialAction":[{"@type":"SearchAction","target":{"@type":"EntryPoint","urlTemplate":"https:\/\/farolesdeforja.es\/en\/?s={search_term_string}"},"query-input":{"@type":"PropertyValueSpecification","valueRequired":true,"valueName":"search_term_string"}}],"inLanguage":"en-US"},{"@type":"Organization","@id":"https:\/\/farolesdeforja.es\/en\/#organization","name":"Salcedo Sevilla","url":"https:\/\/farolesdeforja.es\/en\/","logo":{"@type":"ImageObject","inLanguage":"en-US","@id":"https:\/\/farolesdeforja.es\/en\/#\/schema\/logo\/image\/","url":"https:\/\/farolesdeforja.es\/wp-content\/uploads\/2018\/04\/cropped-favicon.png","contentUrl":"https:\/\/farolesdeforja.es\/wp-content\/uploads\/2018\/04\/cropped-favicon.png","width":512,"height":512,"caption":"Salcedo Sevilla"},"image":{"@id":"https:\/\/farolesdeforja.es\/en\/#\/schema\/logo\/image\/"},"sameAs":["https:\/\/www.facebook.com\/salcedosevilla","https:\/\/www.instagram.com\/farolesdeforja\/","https:\/\/www.pinterest.com\/Farolesdeforja\/"]},{"@type":"Person","@id":"https:\/\/farolesdeforja.es\/en\/#\/schema\/person\/185596d815bcbc7cda6427e9ad4b8b6f","name":"Salcedo artesan\u00eda","image":{"@type":"ImageObject","inLanguage":"en-US","@id":"https:\/\/secure.gravatar.com\/avatar\/af0373de48c8f9f53bceda0eebe2f6e70f9d33d141bdb4966578d880b0105244?s=96&d=mm&r=g","url":"https:\/\/secure.gravatar.com\/avatar\/af0373de48c8f9f53bceda0eebe2f6e70f9d33d141bdb4966578d880b0105244?s=96&d=mm&r=g","contentUrl":"https:\/\/secure.gravatar.com\/avatar\/af0373de48c8f9f53bceda0eebe2f6e70f9d33d141bdb4966578d880b0105244?s=96&d=mm&r=g","caption":"Salcedo artesan\u00eda"}}]}},"uagb_featured_image_src":{"full":["https:\/\/farolesdeforja.es\/wp-content\/uploads\/2019\/01\/pizzas-on-us-this-valentines.png",820,312,false],"thumbnail":["https:\/\/farolesdeforja.es\/wp-content\/uploads\/2019\/01\/pizzas-on-us-this-valentines-150x150.png",150,150,true],"medium":["https:\/\/farolesdeforja.es\/wp-content\/uploads\/2019\/01\/pizzas-on-us-this-valentines-300x114.png",300,114,true],"medium_large":["https:\/\/farolesdeforja.es\/wp-content\/uploads\/2019\/01\/pizzas-on-us-this-valentines-768x292.png",768,292,true],"large":["https:\/\/farolesdeforja.es\/wp-content\/uploads\/2019\/01\/pizzas-on-us-this-valentines.png",820,312,false],"1536x1536":["https:\/\/farolesdeforja.es\/wp-content\/uploads\/2019\/01\/pizzas-on-us-this-valentines.png",820,312,false],"2048x2048":["https:\/\/farolesdeforja.es\/wp-content\/uploads\/2019\/01\/pizzas-on-us-this-valentines.png",820,312,false],"bdpp-medium":["https:\/\/farolesdeforja.es\/wp-content\/uploads\/2019\/01\/pizzas-on-us-this-valentines.png",640,244,false],"woocommerce_thumbnail":["https:\/\/farolesdeforja.es\/wp-content\/uploads\/2019\/01\/pizzas-on-us-this-valentines-300x300.png",300,300,true],"woocommerce_single":["https:\/\/farolesdeforja.es\/wp-content\/uploads\/2019\/01\/pizzas-on-us-this-valentines-600x228.png",600,228,true],"woocommerce_gallery_thumbnail":["https:\/\/farolesdeforja.es\/wp-content\/uploads\/2019\/01\/pizzas-on-us-this-valentines-100x100.png",100,100,true]},"uagb_author_info":{"display_name":"Salcedo artesan\u00eda","author_link":"https:\/\/farolesdeforja.es\/en\/author\/businessgo\/"},"uagb_comment_info":0,"uagb_excerpt":"Pas\u00f3 la Navidad. El dinero dejado en regalos y eventos festivos han provocado que m\u00e1s de una persona tenga un agujero en el bolsillo. Y esto se har\u00e1 notar durante el mes que tenemos por delante. Como consecuencia, los comercios se resienten. En las tiendas de forja en Sevilla tambi\u00e9n lo notamos. Pero queremos comunicarte&hellip;","_links":{"self":[{"href":"https:\/\/farolesdeforja.es\/en\/wp-json\/wp\/v2\/posts\/3897","targetHints":{"allow":["GET"]}}],"collection":[{"href":"https:\/\/farolesdeforja.es\/en\/wp-json\/wp\/v2\/posts"}],"about":[{"href":"https:\/\/farolesdeforja.es\/en\/wp-json\/wp\/v2\/types\/post"}],"author":[{"embeddable":true,"href":"https:\/\/farolesdeforja.es\/en\/wp-json\/wp\/v2\/users\/1"}],"replies":[{"embeddable":true,"href":"https:\/\/farolesdeforja.es\/en\/wp-json\/wp\/v2\/comments?post=3897"}],"version-history":[{"count":0,"href":"https:\/\/farolesdeforja.es\/en\/wp-json\/wp\/v2\/posts\/3897\/revisions"}],"wp:featuredmedia":[{"embeddable":true,"href":"https:\/\/farolesdeforja.es\/en\/wp-json\/wp\/v2\/media\/3905"}],"wp:attachment":[{"href":"https:\/\/farolesdeforja.es\/en\/wp-json\/wp\/v2\/media?parent=3897"}],"wp:term":[{"taxonomy":"category","embeddable":true,"href":"https:\/\/farolesdeforja.es\/en\/wp-json\/wp\/v2\/categories?post=3897"},{"taxonomy":"post_tag","embeddable":true,"href":"https:\/\/farolesdeforja.es\/en\/wp-json\/wp\/v2\/tags?post=3897"}],"curies":[{"name":"wp","href":"https:\/\/api.w.org\/{rel}","templated":true}]}}