{"id":3870,"date":"2018-12-19T09:39:41","date_gmt":"2018-12-19T08:39:41","guid":{"rendered":"https:\/\/farolesdeforja.es\/?p=3870"},"modified":"2024-02-06T08:48:21","modified_gmt":"2024-02-06T07:48:21","slug":"sevilla-en-navidad","status":"publish","type":"post","link":"https:\/\/farolesdeforja.es\/en\/sevilla-en-navidad\/","title":{"rendered":"Sevilla en Navidad"},"content":{"rendered":"<p>El periodo navide\u00f1o es una \u00e9poca que invita a la ilusi\u00f3n y a recuperar nuestras costumbres m\u00e1s tradicionales. Sevilla en Navidad se llena de esplendor en sus calles, olor a casta\u00f1as asadas, belenes y decoraci\u00f3n. Vamos a realizar un <strong>recorrido a trav\u00e9s de las fiestas navide\u00f1as sevillanas<\/strong> y su idiosincrasia. No querr\u00e1s perd\u00e9rtelas.<\/p>\n<p>&nbsp;<\/p>\n<div id=\"ez-toc-container\" class=\"ez-toc-v2_0_82_2 counter-hierarchy ez-toc-counter ez-toc-grey ez-toc-container-direction\">\n<p class=\"ez-toc-title\" style=\"cursor:inherit\">\u00cdndice del contenidos<\/p>\n<label for=\"ez-toc-cssicon-toggle-item-69f4c00fbbc42\" class=\"ez-toc-cssicon-toggle-label\"><span class=\"\"><span class=\"eztoc-hide\" style=\"display:none;\">Toggle<\/span><span class=\"ez-toc-icon-toggle-span\"><svg style=\"fill: #999;color:#999\" xmlns=\"http:\/\/www.w3.org\/2000\/svg\" class=\"list-377408\" width=\"20px\" height=\"20px\" viewBox=\"0 0 24 24\" fill=\"none\"><path d=\"M6 6H4v2h2V6zm14 0H8v2h12V6zM4 11h2v2H4v-2zm16 0H8v2h12v-2zM4 16h2v2H4v-2zm16 0H8v2h12v-2z\" fill=\"currentColor\"><\/path><\/svg><svg style=\"fill: #999;color:#999\" class=\"arrow-unsorted-368013\" xmlns=\"http:\/\/www.w3.org\/2000\/svg\" width=\"10px\" height=\"10px\" viewBox=\"0 0 24 24\" version=\"1.2\" baseProfile=\"tiny\"><path d=\"M18.2 9.3l-6.2-6.3-6.2 6.3c-.2.2-.3.4-.3.7s.1.5.3.7c.2.2.4.3.7.3h11c.3 0 .5-.1.7-.3.2-.2.3-.5.3-.7s-.1-.5-.3-.7zM5.8 14.7l6.2 6.3 6.2-6.3c.2-.2.3-.5.3-.7s-.1-.5-.3-.7c-.2-.2-.4-.3-.7-.3h-11c-.3 0-.5.1-.7.3-.2.2-.3.5-.3.7s.1.5.3.7z\"\/><\/svg><\/span><\/span><\/label><input type=\"checkbox\"  id=\"ez-toc-cssicon-toggle-item-69f4c00fbbc42\"  aria-label=\"Toggle\" \/><nav><ul class='ez-toc-list ez-toc-list-level-1 ' ><li class='ez-toc-page-1 ez-toc-heading-level-2'><a class=\"ez-toc-link ez-toc-heading-1\" href=\"https:\/\/farolesdeforja.es\/en\/sevilla-en-navidad\/#Iluminacion_y_actividades_durante_la_Navidad\" >Iluminaci\u00f3n y actividades durante la Navidad<\/a><\/li><li class='ez-toc-page-1 ez-toc-heading-level-2'><a class=\"ez-toc-link ez-toc-heading-2\" href=\"https:\/\/farolesdeforja.es\/en\/sevilla-en-navidad\/#Nochebuena_25_de_diciembre_y_fin_de_ano\" >Nochebuena, 25 de diciembre y fin de a\u00f1o<\/a><\/li><li class='ez-toc-page-1 ez-toc-heading-level-2'><a class=\"ez-toc-link ez-toc-heading-3\" href=\"https:\/\/farolesdeforja.es\/en\/sevilla-en-navidad\/#Cabalgata_de_Reyes_Magos\" >Cabalgata de Reyes Magos<\/a><\/li><\/ul><\/nav><\/div>\n<h2><span class=\"ez-toc-section\" id=\"Iluminacion_y_actividades_durante_la_Navidad\"><\/span>Iluminaci\u00f3n y actividades durante la Navidad<span class=\"ez-toc-section-end\"><\/span><\/h2>\n<p>El tradicional alumbrado de las calles de la ciudad dio el pistoletazo de salida a la actividad de Sevilla en Navidad. Como cada a\u00f1o cuando se aproximan estas fechas, miles de luces con motivos navide\u00f1os se iluminaron al un\u00edsono para dar la bienvenida a esta entra\u00f1able \u00e9poca del calendario.<\/p>\n<p>En esta ocasi\u00f3n, el Ayuntamiento de Sevilla ha invertido una mayor cantidad de recursos que otros a\u00f1os. El objetivo es que este alumbrado, de tipo LED, llegue a barrios de la ciudad situados m\u00e1s lejos del casco hist\u00f3rico. Por eso, <strong>se ha realizado un esfuerzo en iluminar hasta 277 calles de la capital hispalense<\/strong>. Se prev\u00e9 que el consumo total de energ\u00eda de estas luces ascienda a los 119.860 kilovatios. Este se suma a la iluminaci\u00f3n que aportan los <a href=\"https:\/\/farolesdeforja.es\/tienda\/\">faroles artesanales<\/a> del centro de la ciudad, presente durante todo el a\u00f1o<\/p>\n<p>Adem\u00e1s de su espectacular iluminaci\u00f3n navide\u00f1a, <strong>Sevilla en Navidad cuenta con una amplia oferta cultural y de ocio<\/strong>. Bajo el paraguas del programa \u201cAlumbra. Itinerarios de luz y cultura en Sevilla por Navidad\u201d, el Ayuntamiento organiza diferentes actividades l\u00fadico-culturales en zonas emblem\u00e1ticas de la ciudad para todos los p\u00fablicos. Como teatros, conciertos, exposiciones y talleres destinados a los m\u00e1s peque\u00f1os.<\/p>\n<p>A lo largo de la Avenida de la Constituci\u00f3n tiene lugar, como siempre, el tradicional mercadillo de belenes y artesan\u00eda t\u00edpica navide\u00f1a. Y es que los productos artesanales, como los <a href=\"https:\/\/farolesdeforja.es\/\">faroles de forja<\/a>, est\u00e1n muy presentes en la navidad sevillana. Los transe\u00fantes tambi\u00e9n podr\u00e1n disfrutar de las actuaciones improvisadas por todo el centro de los coros de campanilleros.<\/p>\n<p>&nbsp;<\/p>\n<h2><span class=\"ez-toc-section\" id=\"Nochebuena_25_de_diciembre_y_fin_de_ano\"><\/span>Nochebuena, 25 de diciembre y fin de a\u00f1o<span class=\"ez-toc-section-end\"><\/span><\/h2>\n<p>La cena de Nochebuena es uno de los momentos m\u00e1s se\u00f1alados de las fiestas. Muchas familias se re\u00fanen al completo con motivo de esta festividad, por lo que se trata de un d\u00eda de mucho movimiento en la estaci\u00f3n de Santa Justa y el aeropuerto de San Pablo. <strong>Cada vez m\u00e1s familias apuestan por hacer reservas en restaurantes<\/strong> de la ciudad donde llevar a cabo esta reuni\u00f3n especial. Previamente a la cena, la gente sale a las calles a disfrutar del encanto de los bares del centro de Sevilla. Esto es algo que se repite al d\u00eda siguiente con motivo de la comida de Navidad.<\/p>\n<p>En Nochevieja, <strong>puedes acercarte a la Plaza Nueva, frente al Ayuntamiento, para tomar las tradicionales uvas<\/strong> de una manera diferente. El a\u00f1o nuevo es anunciado con fuegos artificiales y con mucha vida en las calles sevillanas.<\/p>\n<p>&nbsp;<\/p>\n<h2><span class=\"ez-toc-section\" id=\"Cabalgata_de_Reyes_Magos\"><\/span>Cabalgata de Reyes Magos<span class=\"ez-toc-section-end\"><\/span><\/h2>\n<p>Como colof\u00f3n a las actividades que tienen lugar en Sevilla en Navidad, llega el momento m\u00e1s esperado por los ni\u00f1os y ni\u00f1as. SS.MM. <strong>Los Reyes Magos de Oriente se embarcan en la tradicional Cabalgata<\/strong> para repartir ilusi\u00f3n y atender los deseos de los peque\u00f1os. Este acontecimiento, declarado Fiesta de Inter\u00e9s Tur\u00edstico de Andaluc\u00eda, est\u00e1 organizado por el Ateneo de Sevilla.<\/p>\n<p>Si a\u00fan no has escrito tu carta o quieres sorprender a tus allegados, est\u00e1s a tiempo de hacer algo diferente. <strong>En Artesan\u00eda Salcedo contamos con productos de gran belleza a un precio m\u00e1s que asequible<\/strong>, como los siguientes:<\/p>\n<ul>\n<li><strong>Aplique de farol \u201cAlguada\u201d<\/strong>. Este aplique es ideal para interior y posee un estilo geom\u00e9trico con una bonita cristalera con los colores azul, rojo verde y amarillo. <a href=\"https:\/\/farolesdeforja.es\/tienda\/faroles\/apliques-de-farol\/aplique-farol-alguada-2\/\">Ver en tienda<\/a>.<\/li>\n<\/ul>\n<p><img loading=\"lazy\" decoding=\"async\" class=\"size-medium wp-image-1856 aligncenter\" src=\"https:\/\/farolesdeforja.es\/wp-content\/uploads\/2018\/06\/aplique-alguada-1xe27-2-300x300.jpg\" alt=\"aplique de farol color\" width=\"300\" height=\"300\" srcset=\"https:\/\/farolesdeforja.es\/wp-content\/uploads\/2018\/06\/aplique-alguada-1xe27-2-300x300.jpg 300w, https:\/\/farolesdeforja.es\/wp-content\/uploads\/2018\/06\/aplique-alguada-1xe27-2-150x150.jpg 150w, https:\/\/farolesdeforja.es\/wp-content\/uploads\/2018\/06\/aplique-alguada-1xe27-2-768x768.jpg 768w, https:\/\/farolesdeforja.es\/wp-content\/uploads\/2018\/06\/aplique-alguada-1xe27-2-600x600.jpg 600w, https:\/\/farolesdeforja.es\/wp-content\/uploads\/2018\/06\/aplique-alguada-1xe27-2-100x100.jpg 100w, https:\/\/farolesdeforja.es\/wp-content\/uploads\/2018\/06\/aplique-alguada-1xe27-2-266x266.jpg 266w, https:\/\/farolesdeforja.es\/wp-content\/uploads\/2018\/06\/aplique-alguada-1xe27-2.jpg 800w\" sizes=\"auto, (max-width: 300px) 100vw, 300px\" \/><\/p>\n<ul>\n<li><strong>L\u00e1mpara de pared \u201cEspigas\u201d<\/strong>. Una l\u00e1mpara elegante y discreta con motivos campestres perfecta para salones o habitaciones. Tiene dos brazos rematados por dos velas el\u00e9ctricas. <a href=\"https:\/\/farolesdeforja.es\/tienda\/lamparas\/lamparas-de-pared\/lampara-de-pared-espigas\/\">Ver en tienda<\/a>.<\/li>\n<\/ul>\n<p><img loading=\"lazy\" decoding=\"async\" class=\"size-medium wp-image-3045 aligncenter\" src=\"https:\/\/farolesdeforja.es\/wp-content\/uploads\/2018\/07\/g_003520141125-65710-300x300.jpg\" alt=\"l\u00e1mpara para casa\" width=\"300\" height=\"300\" srcset=\"https:\/\/farolesdeforja.es\/wp-content\/uploads\/2018\/07\/g_003520141125-65710-300x300.jpg 300w, https:\/\/farolesdeforja.es\/wp-content\/uploads\/2018\/07\/g_003520141125-65710-150x150.jpg 150w, https:\/\/farolesdeforja.es\/wp-content\/uploads\/2018\/07\/g_003520141125-65710-768x768.jpg 768w, https:\/\/farolesdeforja.es\/wp-content\/uploads\/2018\/07\/g_003520141125-65710-1024x1024.jpg 1024w, https:\/\/farolesdeforja.es\/wp-content\/uploads\/2018\/07\/g_003520141125-65710-20x20.jpg 20w, https:\/\/farolesdeforja.es\/wp-content\/uploads\/2018\/07\/g_003520141125-65710-600x600.jpg 600w, https:\/\/farolesdeforja.es\/wp-content\/uploads\/2018\/07\/g_003520141125-65710-100x100.jpg 100w, https:\/\/farolesdeforja.es\/wp-content\/uploads\/2018\/07\/g_003520141125-65710-266x266.jpg 266w, https:\/\/farolesdeforja.es\/wp-content\/uploads\/2018\/07\/g_003520141125-65710-32x32.jpg 32w, https:\/\/farolesdeforja.es\/wp-content\/uploads\/2018\/07\/g_003520141125-65710.jpg 800w\" sizes=\"auto, (max-width: 300px) 100vw, 300px\" \/><\/p>\n<ul>\n<li><strong>Aplique de farol \u201cMercado\u201d<\/strong>. Una gran opci\u00f3n en faroles de aplique de forja. En color verde y disponible en varios tama\u00f1os. <a href=\"https:\/\/farolesdeforja.es\/tienda\/faroles\/apliques-de-farol\/aplique-con-escudo-mercado\/\" target=\"_blank\" rel=\"noopener\">Ver en tienda<\/a>.<\/li>\n<\/ul>\n<p><img loading=\"lazy\" decoding=\"async\" class=\"size-medium wp-image-3528 aligncenter\" src=\"https:\/\/farolesdeforja.es\/wp-content\/uploads\/2018\/11\/farolmercado-300x300.jpg\" alt=\"aplique de farol mercado\" width=\"300\" height=\"300\" srcset=\"https:\/\/farolesdeforja.es\/wp-content\/uploads\/2018\/11\/farolmercado-300x300.jpg 300w, https:\/\/farolesdeforja.es\/wp-content\/uploads\/2018\/11\/farolmercado-150x150.jpg 150w, https:\/\/farolesdeforja.es\/wp-content\/uploads\/2018\/11\/farolmercado-768x768.jpg 768w, https:\/\/farolesdeforja.es\/wp-content\/uploads\/2018\/11\/farolmercado-600x600.jpg 600w, https:\/\/farolesdeforja.es\/wp-content\/uploads\/2018\/11\/farolmercado-100x100.jpg 100w, https:\/\/farolesdeforja.es\/wp-content\/uploads\/2018\/11\/farolmercado.jpg 800w\" sizes=\"auto, (max-width: 300px) 100vw, 300px\" \/><\/p>\n<p>Os animamos a regalar estos preciosos faroles y, por supuesto, a disfrutar de estas fant\u00e1sticas fiestas. Evitando siempre los excesos y poniendo especial atenci\u00f3n en los m\u00e1s peque\u00f1os de la casa. <strong>\u00a1Feliz Navidad en Sevilla!<\/strong><\/p>\n","protected":false},"excerpt":{"rendered":"<p>El periodo navide\u00f1o es una \u00e9poca que invita a la ilusi\u00f3n y a recuperar nuestras costumbres m\u00e1s tradicionales. Sevilla en Navidad se llena de esplendor en sus calles, olor a casta\u00f1as asadas, belenes y decoraci\u00f3n. Vamos a realizar un recorrido a trav\u00e9s de las fiestas navide\u00f1as sevillanas y su idiosincrasia. No querr\u00e1s perd\u00e9rtelas. &nbsp; Iluminaci\u00f3n [&hellip;]<\/p>\n","protected":false},"author":1,"featured_media":3877,"comment_status":"open","ping_status":"open","sticky":false,"template":"","format":"standard","meta":{"inline_featured_image":false,"_uag_custom_page_level_css":"","site-sidebar-layout":"default","site-content-layout":"","ast-site-content-layout":"default","site-content-style":"default","site-sidebar-style":"default","ast-global-header-display":"","ast-banner-title-visibility":"","ast-main-header-display":"","ast-hfb-above-header-display":"","ast-hfb-below-header-display":"","ast-hfb-mobile-header-display":"","site-post-title":"","ast-breadcrumbs-content":"","ast-featured-img":"","footer-sml-layout":"","ast-disable-related-posts":"","theme-transparent-header-meta":"","adv-header-id-meta":"","stick-header-meta":"","header-above-stick-meta":"","header-main-stick-meta":"","header-below-stick-meta":"","astra-migrate-meta-layouts":"default","ast-page-background-enabled":"default","ast-page-background-meta":{"desktop":{"background-color":"var(--ast-global-color-4)","background-image":"","background-repeat":"repeat","background-position":"center center","background-size":"auto","background-attachment":"scroll","background-type":"","background-media":"","overlay-type":"","overlay-color":"","overlay-opacity":"","overlay-gradient":""},"tablet":{"background-color":"","background-image":"","background-repeat":"repeat","background-position":"center center","background-size":"auto","background-attachment":"scroll","background-type":"","background-media":"","overlay-type":"","overlay-color":"","overlay-opacity":"","overlay-gradient":""},"mobile":{"background-color":"","background-image":"","background-repeat":"repeat","background-position":"center center","background-size":"auto","background-attachment":"scroll","background-type":"","background-media":"","overlay-type":"","overlay-color":"","overlay-opacity":"","overlay-gradient":""}},"ast-content-background-meta":{"desktop":{"background-color":"var(--ast-global-color-5)","background-image":"","background-repeat":"repeat","background-position":"center center","background-size":"auto","background-attachment":"scroll","background-type":"","background-media":"","overlay-type":"","overlay-color":"","overlay-opacity":"","overlay-gradient":""},"tablet":{"background-color":"var(--ast-global-color-5)","background-image":"","background-repeat":"repeat","background-position":"center center","background-size":"auto","background-attachment":"scroll","background-type":"","background-media":"","overlay-type":"","overlay-color":"","overlay-opacity":"","overlay-gradient":""},"mobile":{"background-color":"var(--ast-global-color-5)","background-image":"","background-repeat":"repeat","background-position":"center center","background-size":"auto","background-attachment":"scroll","background-type":"","background-media":"","overlay-type":"","overlay-color":"","overlay-opacity":"","overlay-gradient":""}},"footnotes":""},"categories":[113],"tags":[99,141,143,142,140],"class_list":["post-3870","post","type-post","status-publish","format-standard","has-post-thumbnail","hentry","category-salcedo-en","tag-faroles-de-forja","tag-navidad-en-sevilla","tag-regalos","tag-salcedo-en-navidad","tag-sevilla-en-navidad"],"yoast_head":"<!-- This site is optimized with the Yoast SEO plugin v27.4 - https:\/\/yoast.com\/product\/yoast-seo-wordpress\/ -->\n<title>Sevilla en Navidad | Faroles de forja y Mobiliario de forja art\u00edstica | Artesan\u00eda Salcedo Sevilla<\/title>\n<meta name=\"description\" content=\"Os hablamos sobre c\u00f3mo se vive la Navidad en Sevilla. Repasamos las actividades durante el periodo navide\u00f1o y sus encantos.\" \/>\n<meta name=\"robots\" content=\"index, follow, max-snippet:-1, max-image-preview:large, max-video-preview:-1\" \/>\n<link rel=\"canonical\" href=\"https:\/\/farolesdeforja.es\/en\/sevilla-en-navidad\/\" \/>\n<meta property=\"og:locale\" content=\"en_US\" \/>\n<meta property=\"og:type\" content=\"article\" \/>\n<meta property=\"og:title\" content=\"Sevilla en Navidad | Faroles de forja y Mobiliario de forja art\u00edstica | Artesan\u00eda Salcedo Sevilla\" \/>\n<meta property=\"og:description\" content=\"Os hablamos sobre c\u00f3mo se vive la Navidad en Sevilla. Repasamos las actividades durante el periodo navide\u00f1o y sus encantos.\" \/>\n<meta property=\"og:url\" content=\"https:\/\/farolesdeforja.es\/en\/sevilla-en-navidad\/\" \/>\n<meta property=\"og:site_name\" content=\"Faroles de forja y Mobiliario de forja art\u00edstica | Artesan\u00eda Salcedo Sevilla\" \/>\n<meta property=\"article:publisher\" content=\"https:\/\/www.facebook.com\/salcedosevilla\" \/>\n<meta property=\"article:published_time\" content=\"2018-12-19T08:39:41+00:00\" \/>\n<meta property=\"article:modified_time\" content=\"2024-02-06T07:48:21+00:00\" \/>\n<meta property=\"og:image\" content=\"https:\/\/farolesdeforja.es\/wp-content\/uploads\/2018\/12\/night-photograph-654919_1920.jpg\" \/>\n\t<meta property=\"og:image:width\" content=\"1920\" \/>\n\t<meta property=\"og:image:height\" content=\"1271\" \/>\n\t<meta property=\"og:image:type\" content=\"image\/jpeg\" \/>\n<meta name=\"author\" content=\"Salcedo artesan\u00eda\" \/>\n<meta name=\"twitter:card\" content=\"summary_large_image\" \/>\n<meta name=\"twitter:label1\" content=\"Written by\" \/>\n\t<meta name=\"twitter:data1\" content=\"Salcedo artesan\u00eda\" \/>\n\t<meta name=\"twitter:label2\" content=\"Est. reading time\" \/>\n\t<meta name=\"twitter:data2\" content=\"4 minutes\" \/>\n<script type=\"application\/ld+json\" class=\"yoast-schema-graph\">{\"@context\":\"https:\\\/\\\/schema.org\",\"@graph\":[{\"@type\":\"Article\",\"@id\":\"https:\\\/\\\/farolesdeforja.es\\\/en\\\/sevilla-en-navidad\\\/#article\",\"isPartOf\":{\"@id\":\"https:\\\/\\\/farolesdeforja.es\\\/en\\\/sevilla-en-navidad\\\/\"},\"author\":{\"name\":\"Salcedo artesan\u00eda\",\"@id\":\"https:\\\/\\\/farolesdeforja.es\\\/en\\\/#\\\/schema\\\/person\\\/185596d815bcbc7cda6427e9ad4b8b6f\"},\"headline\":\"Sevilla en Navidad\",\"datePublished\":\"2018-12-19T08:39:41+00:00\",\"dateModified\":\"2024-02-06T07:48:21+00:00\",\"mainEntityOfPage\":{\"@id\":\"https:\\\/\\\/farolesdeforja.es\\\/en\\\/sevilla-en-navidad\\\/\"},\"wordCount\":759,\"commentCount\":0,\"publisher\":{\"@id\":\"https:\\\/\\\/farolesdeforja.es\\\/en\\\/#organization\"},\"image\":{\"@id\":\"https:\\\/\\\/farolesdeforja.es\\\/en\\\/sevilla-en-navidad\\\/#primaryimage\"},\"thumbnailUrl\":\"https:\\\/\\\/farolesdeforja.es\\\/wp-content\\\/uploads\\\/2018\\\/12\\\/night-photograph-654919_1920.jpg\",\"keywords\":[\"faroles de forja\",\"Navidad en Sevilla\",\"Regalos\",\"Salcedo en Navidad\",\"Sevilla en Navidad\"],\"articleSection\":[\"Salcedo en...\"],\"inLanguage\":\"en-US\"},{\"@type\":\"WebPage\",\"@id\":\"https:\\\/\\\/farolesdeforja.es\\\/en\\\/sevilla-en-navidad\\\/\",\"url\":\"https:\\\/\\\/farolesdeforja.es\\\/en\\\/sevilla-en-navidad\\\/\",\"name\":\"Sevilla en Navidad | Faroles de forja y Mobiliario de forja art\u00edstica | Artesan\u00eda Salcedo Sevilla\",\"isPartOf\":{\"@id\":\"https:\\\/\\\/farolesdeforja.es\\\/en\\\/#website\"},\"primaryImageOfPage\":{\"@id\":\"https:\\\/\\\/farolesdeforja.es\\\/en\\\/sevilla-en-navidad\\\/#primaryimage\"},\"image\":{\"@id\":\"https:\\\/\\\/farolesdeforja.es\\\/en\\\/sevilla-en-navidad\\\/#primaryimage\"},\"thumbnailUrl\":\"https:\\\/\\\/farolesdeforja.es\\\/wp-content\\\/uploads\\\/2018\\\/12\\\/night-photograph-654919_1920.jpg\",\"datePublished\":\"2018-12-19T08:39:41+00:00\",\"dateModified\":\"2024-02-06T07:48:21+00:00\",\"description\":\"Os hablamos sobre c\u00f3mo se vive la Navidad en Sevilla. Repasamos las actividades durante el periodo navide\u00f1o y sus encantos.\",\"breadcrumb\":{\"@id\":\"https:\\\/\\\/farolesdeforja.es\\\/en\\\/sevilla-en-navidad\\\/#breadcrumb\"},\"inLanguage\":\"en-US\",\"potentialAction\":[{\"@type\":\"ReadAction\",\"target\":[\"https:\\\/\\\/farolesdeforja.es\\\/en\\\/sevilla-en-navidad\\\/\"]}]},{\"@type\":\"ImageObject\",\"inLanguage\":\"en-US\",\"@id\":\"https:\\\/\\\/farolesdeforja.es\\\/en\\\/sevilla-en-navidad\\\/#primaryimage\",\"url\":\"https:\\\/\\\/farolesdeforja.es\\\/wp-content\\\/uploads\\\/2018\\\/12\\\/night-photograph-654919_1920.jpg\",\"contentUrl\":\"https:\\\/\\\/farolesdeforja.es\\\/wp-content\\\/uploads\\\/2018\\\/12\\\/night-photograph-654919_1920.jpg\",\"width\":1920,\"height\":1271,\"caption\":\"Navidad en Sevilla\"},{\"@type\":\"BreadcrumbList\",\"@id\":\"https:\\\/\\\/farolesdeforja.es\\\/en\\\/sevilla-en-navidad\\\/#breadcrumb\",\"itemListElement\":[{\"@type\":\"ListItem\",\"position\":1,\"name\":\"Inicio\",\"item\":\"https:\\\/\\\/farolesdeforja.es\\\/en\\\/\"},{\"@type\":\"ListItem\",\"position\":2,\"name\":\"Sevilla en Navidad\"}]},{\"@type\":\"WebSite\",\"@id\":\"https:\\\/\\\/farolesdeforja.es\\\/en\\\/#website\",\"url\":\"https:\\\/\\\/farolesdeforja.es\\\/en\\\/\",\"name\":\"Faroles de forja y Mobiliario de forja art\u00edstica | Artesan\u00eda Salcedo Sevilla\",\"description\":\"Faroles de forja y mobiliario fabricados de forma artesanal desde 1971. Artesan\u00eda Salcedo es referente en forja art\u00edstica en Sevilla. Compra online de faroles de forja y env\u00edo GRATIS en casi todos los art\u00edculos \u00a1Personalizamos cualquier pieza!\",\"publisher\":{\"@id\":\"https:\\\/\\\/farolesdeforja.es\\\/en\\\/#organization\"},\"alternateName\":\"Salcedo Sevilla\",\"potentialAction\":[{\"@type\":\"SearchAction\",\"target\":{\"@type\":\"EntryPoint\",\"urlTemplate\":\"https:\\\/\\\/farolesdeforja.es\\\/en\\\/?s={search_term_string}\"},\"query-input\":{\"@type\":\"PropertyValueSpecification\",\"valueRequired\":true,\"valueName\":\"search_term_string\"}}],\"inLanguage\":\"en-US\"},{\"@type\":\"Organization\",\"@id\":\"https:\\\/\\\/farolesdeforja.es\\\/en\\\/#organization\",\"name\":\"Salcedo Sevilla\",\"url\":\"https:\\\/\\\/farolesdeforja.es\\\/en\\\/\",\"logo\":{\"@type\":\"ImageObject\",\"inLanguage\":\"en-US\",\"@id\":\"https:\\\/\\\/farolesdeforja.es\\\/en\\\/#\\\/schema\\\/logo\\\/image\\\/\",\"url\":\"https:\\\/\\\/farolesdeforja.es\\\/wp-content\\\/uploads\\\/2018\\\/04\\\/cropped-favicon.png\",\"contentUrl\":\"https:\\\/\\\/farolesdeforja.es\\\/wp-content\\\/uploads\\\/2018\\\/04\\\/cropped-favicon.png\",\"width\":512,\"height\":512,\"caption\":\"Salcedo Sevilla\"},\"image\":{\"@id\":\"https:\\\/\\\/farolesdeforja.es\\\/en\\\/#\\\/schema\\\/logo\\\/image\\\/\"},\"sameAs\":[\"https:\\\/\\\/www.facebook.com\\\/salcedosevilla\",\"https:\\\/\\\/www.instagram.com\\\/farolesdeforja\\\/\",\"https:\\\/\\\/www.pinterest.com\\\/Farolesdeforja\\\/\"]},{\"@type\":\"Person\",\"@id\":\"https:\\\/\\\/farolesdeforja.es\\\/en\\\/#\\\/schema\\\/person\\\/185596d815bcbc7cda6427e9ad4b8b6f\",\"name\":\"Salcedo artesan\u00eda\",\"image\":{\"@type\":\"ImageObject\",\"inLanguage\":\"en-US\",\"@id\":\"https:\\\/\\\/secure.gravatar.com\\\/avatar\\\/af0373de48c8f9f53bceda0eebe2f6e70f9d33d141bdb4966578d880b0105244?s=96&d=mm&r=g\",\"url\":\"https:\\\/\\\/secure.gravatar.com\\\/avatar\\\/af0373de48c8f9f53bceda0eebe2f6e70f9d33d141bdb4966578d880b0105244?s=96&d=mm&r=g\",\"contentUrl\":\"https:\\\/\\\/secure.gravatar.com\\\/avatar\\\/af0373de48c8f9f53bceda0eebe2f6e70f9d33d141bdb4966578d880b0105244?s=96&d=mm&r=g\",\"caption\":\"Salcedo artesan\u00eda\"}}]}<\/script>\n<!-- \/ Yoast SEO plugin. -->","yoast_head_json":{"title":"Sevilla en Navidad | Faroles de forja y Mobiliario de forja art\u00edstica | Artesan\u00eda Salcedo Sevilla","description":"Os hablamos sobre c\u00f3mo se vive la Navidad en Sevilla. Repasamos las actividades durante el periodo navide\u00f1o y sus encantos.","robots":{"index":"index","follow":"follow","max-snippet":"max-snippet:-1","max-image-preview":"max-image-preview:large","max-video-preview":"max-video-preview:-1"},"canonical":"https:\/\/farolesdeforja.es\/en\/sevilla-en-navidad\/","og_locale":"en_US","og_type":"article","og_title":"Sevilla en Navidad | Faroles de forja y Mobiliario de forja art\u00edstica | Artesan\u00eda Salcedo Sevilla","og_description":"Os hablamos sobre c\u00f3mo se vive la Navidad en Sevilla. Repasamos las actividades durante el periodo navide\u00f1o y sus encantos.","og_url":"https:\/\/farolesdeforja.es\/en\/sevilla-en-navidad\/","og_site_name":"Faroles de forja y Mobiliario de forja art\u00edstica | Artesan\u00eda Salcedo Sevilla","article_publisher":"https:\/\/www.facebook.com\/salcedosevilla","article_published_time":"2018-12-19T08:39:41+00:00","article_modified_time":"2024-02-06T07:48:21+00:00","og_image":[{"width":1920,"height":1271,"url":"https:\/\/farolesdeforja.es\/wp-content\/uploads\/2018\/12\/night-photograph-654919_1920.jpg","type":"image\/jpeg"}],"author":"Salcedo artesan\u00eda","twitter_card":"summary_large_image","twitter_misc":{"Written by":"Salcedo artesan\u00eda","Est. reading time":"4 minutes"},"schema":{"@context":"https:\/\/schema.org","@graph":[{"@type":"Article","@id":"https:\/\/farolesdeforja.es\/en\/sevilla-en-navidad\/#article","isPartOf":{"@id":"https:\/\/farolesdeforja.es\/en\/sevilla-en-navidad\/"},"author":{"name":"Salcedo artesan\u00eda","@id":"https:\/\/farolesdeforja.es\/en\/#\/schema\/person\/185596d815bcbc7cda6427e9ad4b8b6f"},"headline":"Sevilla en Navidad","datePublished":"2018-12-19T08:39:41+00:00","dateModified":"2024-02-06T07:48:21+00:00","mainEntityOfPage":{"@id":"https:\/\/farolesdeforja.es\/en\/sevilla-en-navidad\/"},"wordCount":759,"commentCount":0,"publisher":{"@id":"https:\/\/farolesdeforja.es\/en\/#organization"},"image":{"@id":"https:\/\/farolesdeforja.es\/en\/sevilla-en-navidad\/#primaryimage"},"thumbnailUrl":"https:\/\/farolesdeforja.es\/wp-content\/uploads\/2018\/12\/night-photograph-654919_1920.jpg","keywords":["faroles de forja","Navidad en Sevilla","Regalos","Salcedo en Navidad","Sevilla en Navidad"],"articleSection":["Salcedo en..."],"inLanguage":"en-US"},{"@type":"WebPage","@id":"https:\/\/farolesdeforja.es\/en\/sevilla-en-navidad\/","url":"https:\/\/farolesdeforja.es\/en\/sevilla-en-navidad\/","name":"Sevilla en Navidad | Faroles de forja y Mobiliario de forja art\u00edstica | Artesan\u00eda Salcedo Sevilla","isPartOf":{"@id":"https:\/\/farolesdeforja.es\/en\/#website"},"primaryImageOfPage":{"@id":"https:\/\/farolesdeforja.es\/en\/sevilla-en-navidad\/#primaryimage"},"image":{"@id":"https:\/\/farolesdeforja.es\/en\/sevilla-en-navidad\/#primaryimage"},"thumbnailUrl":"https:\/\/farolesdeforja.es\/wp-content\/uploads\/2018\/12\/night-photograph-654919_1920.jpg","datePublished":"2018-12-19T08:39:41+00:00","dateModified":"2024-02-06T07:48:21+00:00","description":"Os hablamos sobre c\u00f3mo se vive la Navidad en Sevilla. Repasamos las actividades durante el periodo navide\u00f1o y sus encantos.","breadcrumb":{"@id":"https:\/\/farolesdeforja.es\/en\/sevilla-en-navidad\/#breadcrumb"},"inLanguage":"en-US","potentialAction":[{"@type":"ReadAction","target":["https:\/\/farolesdeforja.es\/en\/sevilla-en-navidad\/"]}]},{"@type":"ImageObject","inLanguage":"en-US","@id":"https:\/\/farolesdeforja.es\/en\/sevilla-en-navidad\/#primaryimage","url":"https:\/\/farolesdeforja.es\/wp-content\/uploads\/2018\/12\/night-photograph-654919_1920.jpg","contentUrl":"https:\/\/farolesdeforja.es\/wp-content\/uploads\/2018\/12\/night-photograph-654919_1920.jpg","width":1920,"height":1271,"caption":"Navidad en Sevilla"},{"@type":"BreadcrumbList","@id":"https:\/\/farolesdeforja.es\/en\/sevilla-en-navidad\/#breadcrumb","itemListElement":[{"@type":"ListItem","position":1,"name":"Inicio","item":"https:\/\/farolesdeforja.es\/en\/"},{"@type":"ListItem","position":2,"name":"Sevilla en Navidad"}]},{"@type":"WebSite","@id":"https:\/\/farolesdeforja.es\/en\/#website","url":"https:\/\/farolesdeforja.es\/en\/","name":"Faroles de forja y Mobiliario de forja art\u00edstica | Artesan\u00eda Salcedo Sevilla","description":"Faroles de forja y mobiliario fabricados de forma artesanal desde 1971. Artesan\u00eda Salcedo es referente en forja art\u00edstica en Sevilla. Compra online de faroles de forja y env\u00edo GRATIS en casi todos los art\u00edculos \u00a1Personalizamos cualquier pieza!","publisher":{"@id":"https:\/\/farolesdeforja.es\/en\/#organization"},"alternateName":"Salcedo Sevilla","potentialAction":[{"@type":"SearchAction","target":{"@type":"EntryPoint","urlTemplate":"https:\/\/farolesdeforja.es\/en\/?s={search_term_string}"},"query-input":{"@type":"PropertyValueSpecification","valueRequired":true,"valueName":"search_term_string"}}],"inLanguage":"en-US"},{"@type":"Organization","@id":"https:\/\/farolesdeforja.es\/en\/#organization","name":"Salcedo Sevilla","url":"https:\/\/farolesdeforja.es\/en\/","logo":{"@type":"ImageObject","inLanguage":"en-US","@id":"https:\/\/farolesdeforja.es\/en\/#\/schema\/logo\/image\/","url":"https:\/\/farolesdeforja.es\/wp-content\/uploads\/2018\/04\/cropped-favicon.png","contentUrl":"https:\/\/farolesdeforja.es\/wp-content\/uploads\/2018\/04\/cropped-favicon.png","width":512,"height":512,"caption":"Salcedo Sevilla"},"image":{"@id":"https:\/\/farolesdeforja.es\/en\/#\/schema\/logo\/image\/"},"sameAs":["https:\/\/www.facebook.com\/salcedosevilla","https:\/\/www.instagram.com\/farolesdeforja\/","https:\/\/www.pinterest.com\/Farolesdeforja\/"]},{"@type":"Person","@id":"https:\/\/farolesdeforja.es\/en\/#\/schema\/person\/185596d815bcbc7cda6427e9ad4b8b6f","name":"Salcedo artesan\u00eda","image":{"@type":"ImageObject","inLanguage":"en-US","@id":"https:\/\/secure.gravatar.com\/avatar\/af0373de48c8f9f53bceda0eebe2f6e70f9d33d141bdb4966578d880b0105244?s=96&d=mm&r=g","url":"https:\/\/secure.gravatar.com\/avatar\/af0373de48c8f9f53bceda0eebe2f6e70f9d33d141bdb4966578d880b0105244?s=96&d=mm&r=g","contentUrl":"https:\/\/secure.gravatar.com\/avatar\/af0373de48c8f9f53bceda0eebe2f6e70f9d33d141bdb4966578d880b0105244?s=96&d=mm&r=g","caption":"Salcedo artesan\u00eda"}}]}},"uagb_featured_image_src":{"full":["https:\/\/farolesdeforja.es\/wp-content\/uploads\/2018\/12\/night-photograph-654919_1920.jpg",1920,1271,false],"thumbnail":["https:\/\/farolesdeforja.es\/wp-content\/uploads\/2018\/12\/night-photograph-654919_1920-150x150.jpg",150,150,true],"medium":["https:\/\/farolesdeforja.es\/wp-content\/uploads\/2018\/12\/night-photograph-654919_1920-300x199.jpg",300,199,true],"medium_large":["https:\/\/farolesdeforja.es\/wp-content\/uploads\/2018\/12\/night-photograph-654919_1920-768x508.jpg",768,508,true],"large":["https:\/\/farolesdeforja.es\/wp-content\/uploads\/2018\/12\/night-photograph-654919_1920-1024x678.jpg",1024,678,true],"1536x1536":["https:\/\/farolesdeforja.es\/wp-content\/uploads\/2018\/12\/night-photograph-654919_1920.jpg",1536,1017,false],"2048x2048":["https:\/\/farolesdeforja.es\/wp-content\/uploads\/2018\/12\/night-photograph-654919_1920.jpg",1920,1271,false],"bdpp-medium":["https:\/\/farolesdeforja.es\/wp-content\/uploads\/2018\/12\/night-photograph-654919_1920.jpg",640,424,false],"woocommerce_thumbnail":["https:\/\/farolesdeforja.es\/wp-content\/uploads\/2018\/12\/night-photograph-654919_1920-300x300.jpg",300,300,true],"woocommerce_single":["https:\/\/farolesdeforja.es\/wp-content\/uploads\/2018\/12\/night-photograph-654919_1920-600x397.jpg",600,397,true],"woocommerce_gallery_thumbnail":["https:\/\/farolesdeforja.es\/wp-content\/uploads\/2018\/12\/night-photograph-654919_1920-100x100.jpg",100,100,true]},"uagb_author_info":{"display_name":"Salcedo artesan\u00eda","author_link":"https:\/\/farolesdeforja.es\/en\/author\/businessgo\/"},"uagb_comment_info":0,"uagb_excerpt":"El periodo navide\u00f1o es una \u00e9poca que invita a la ilusi\u00f3n y a recuperar nuestras costumbres m\u00e1s tradicionales. Sevilla en Navidad se llena de esplendor en sus calles, olor a casta\u00f1as asadas, belenes y decoraci\u00f3n. Vamos a realizar un recorrido a trav\u00e9s de las fiestas navide\u00f1as sevillanas y su idiosincrasia. No querr\u00e1s perd\u00e9rtelas. &nbsp; Iluminaci\u00f3n&hellip;","_links":{"self":[{"href":"https:\/\/farolesdeforja.es\/en\/wp-json\/wp\/v2\/posts\/3870","targetHints":{"allow":["GET"]}}],"collection":[{"href":"https:\/\/farolesdeforja.es\/en\/wp-json\/wp\/v2\/posts"}],"about":[{"href":"https:\/\/farolesdeforja.es\/en\/wp-json\/wp\/v2\/types\/post"}],"author":[{"embeddable":true,"href":"https:\/\/farolesdeforja.es\/en\/wp-json\/wp\/v2\/users\/1"}],"replies":[{"embeddable":true,"href":"https:\/\/farolesdeforja.es\/en\/wp-json\/wp\/v2\/comments?post=3870"}],"version-history":[{"count":0,"href":"https:\/\/farolesdeforja.es\/en\/wp-json\/wp\/v2\/posts\/3870\/revisions"}],"wp:featuredmedia":[{"embeddable":true,"href":"https:\/\/farolesdeforja.es\/en\/wp-json\/wp\/v2\/media\/3877"}],"wp:attachment":[{"href":"https:\/\/farolesdeforja.es\/en\/wp-json\/wp\/v2\/media?parent=3870"}],"wp:term":[{"taxonomy":"category","embeddable":true,"href":"https:\/\/farolesdeforja.es\/en\/wp-json\/wp\/v2\/categories?post=3870"},{"taxonomy":"post_tag","embeddable":true,"href":"https:\/\/farolesdeforja.es\/en\/wp-json\/wp\/v2\/tags?post=3870"}],"curies":[{"name":"wp","href":"https:\/\/api.w.org\/{rel}","templated":true}]}}