{"id":3832,"date":"2018-11-30T09:00:05","date_gmt":"2018-11-30T08:00:05","guid":{"rendered":"https:\/\/farolesdeforja.es\/?p=3832"},"modified":"2024-02-05T17:17:35","modified_gmt":"2024-02-05T16:17:35","slug":"buscando-las-obras-de-murillo","status":"publish","type":"post","link":"https:\/\/farolesdeforja.es\/en\/buscando-las-obras-de-murillo\/","title":{"rendered":"Buscando las obras de Murillo"},"content":{"rendered":"<p>Durante estos d\u00edas, Sevilla se ha engalanado. Pero no hablamos de la Navidad. Nos referimos a la <strong>primera exposici\u00f3n antol\u00f3gica dedicada al genial Bartolom\u00e9 Esteban Murillo<\/strong>. Esta muestra estar\u00e1 en el Museo de Bellas Artes de Sevilla hasta el 17 de marzo de 2019. En ella se re\u00fanen obras de Murillo que habitualmente se encuentran repartidas por todo el mundo. Ser\u00e1 el colof\u00f3n a multitud de actos, exposiciones conciertos, etc. que se han celebrado para conmemorar el 400 aniversario del nacimiento del pintor.<\/p>\n<p>Aparte de esta exposici\u00f3n, varios rincones de la ciudad est\u00e1n siendo los puntos claves de la efem\u00e9ride. Estos lugares guardan relaci\u00f3n con la vida y obra del artista. Y como no pod\u00eda ser de otra forma, <strong>Artesan\u00eda Salcedo<\/strong> est\u00e1 presente en algunos de ellos con sus faroles de forja.<\/p>\n<div id=\"ez-toc-container\" class=\"ez-toc-v2_0_82_2 counter-hierarchy ez-toc-counter ez-toc-grey ez-toc-container-direction\">\n<p class=\"ez-toc-title\" style=\"cursor:inherit\">\u00cdndice del contenidos<\/p>\n<label for=\"ez-toc-cssicon-toggle-item-69f4aebe8319b\" class=\"ez-toc-cssicon-toggle-label\"><span class=\"\"><span class=\"eztoc-hide\" style=\"display:none;\">Toggle<\/span><span class=\"ez-toc-icon-toggle-span\"><svg style=\"fill: #999;color:#999\" xmlns=\"http:\/\/www.w3.org\/2000\/svg\" class=\"list-377408\" width=\"20px\" height=\"20px\" viewBox=\"0 0 24 24\" fill=\"none\"><path d=\"M6 6H4v2h2V6zm14 0H8v2h12V6zM4 11h2v2H4v-2zm16 0H8v2h12v-2zM4 16h2v2H4v-2zm16 0H8v2h12v-2z\" fill=\"currentColor\"><\/path><\/svg><svg style=\"fill: #999;color:#999\" class=\"arrow-unsorted-368013\" xmlns=\"http:\/\/www.w3.org\/2000\/svg\" width=\"10px\" height=\"10px\" viewBox=\"0 0 24 24\" version=\"1.2\" baseProfile=\"tiny\"><path d=\"M18.2 9.3l-6.2-6.3-6.2 6.3c-.2.2-.3.4-.3.7s.1.5.3.7c.2.2.4.3.7.3h11c.3 0 .5-.1.7-.3.2-.2.3-.5.3-.7s-.1-.5-.3-.7zM5.8 14.7l6.2 6.3 6.2-6.3c.2-.2.3-.5.3-.7s-.1-.5-.3-.7c-.2-.2-.4-.3-.7-.3h-11c-.3 0-.5.1-.7.3-.2.2-.3.5-.3.7s.1.5.3.7z\"\/><\/svg><\/span><\/span><\/label><input type=\"checkbox\"  id=\"ez-toc-cssicon-toggle-item-69f4aebe8319b\"  aria-label=\"Toggle\" \/><nav><ul class='ez-toc-list ez-toc-list-level-1 ' ><li class='ez-toc-page-1 ez-toc-heading-level-2'><a class=\"ez-toc-link ez-toc-heading-1\" href=\"https:\/\/farolesdeforja.es\/en\/buscando-las-obras-de-murillo\/#El_Museo_de_Bellas_Artes_eje_central_para_las_obras_de_Murillo\" >El Museo de Bellas Artes, eje central para las obras de Murillo<\/a><\/li><li class='ez-toc-page-1 ez-toc-heading-level-2'><a class=\"ez-toc-link ez-toc-heading-2\" href=\"https:\/\/farolesdeforja.es\/en\/buscando-las-obras-de-murillo\/#Barrio_de_Santa_Cruz_y_alrededores\" >Barrio de Santa Cruz y alrededores<\/a><\/li><li class='ez-toc-page-1 ez-toc-heading-level-2'><a class=\"ez-toc-link ez-toc-heading-3\" href=\"https:\/\/farolesdeforja.es\/en\/buscando-las-obras-de-murillo\/#Las_obras_de_Murillo_en_los_palacios\" >Las obras de Murillo en los palacios<\/a><\/li><\/ul><\/nav><\/div>\n<h2><span class=\"ez-toc-section\" id=\"El_Museo_de_Bellas_Artes_eje_central_para_las_obras_de_Murillo\"><\/span>El Museo de Bellas Artes, eje central para las obras de Murillo<span class=\"ez-toc-section-end\"><\/span><\/h2>\n<figure id=\"attachment_3838\" aria-describedby=\"caption-attachment-3838\" style=\"width: 300px\" class=\"wp-caption alignright\"><img loading=\"lazy\" decoding=\"async\" class=\"size-medium wp-image-3838\" src=\"https:\/\/farolesdeforja.es\/wp-content\/uploads\/2018\/11\/capilla-del-museo-sevilla-300x225.jpg\" alt=\"Capilla de la Hermandad del Museo\" width=\"300\" height=\"225\" srcset=\"https:\/\/farolesdeforja.es\/wp-content\/uploads\/2018\/11\/capilla-del-museo-sevilla-300x225.jpg 300w, https:\/\/farolesdeforja.es\/wp-content\/uploads\/2018\/11\/capilla-del-museo-sevilla-768x576.jpg 768w, https:\/\/farolesdeforja.es\/wp-content\/uploads\/2018\/11\/capilla-del-museo-sevilla-600x450.jpg 600w, https:\/\/farolesdeforja.es\/wp-content\/uploads\/2018\/11\/capilla-del-museo-sevilla.jpg 800w\" sizes=\"auto, (max-width: 300px) 100vw, 300px\" \/><figcaption id=\"caption-attachment-3838\" class=\"wp-caption-text\">Capilla de la Expiraci\u00f3n. El Museo<\/figcaption><\/figure>\n<p>La primera parada de &#8220;la ruta Murillo de Salcedo&#8221; es el propio <strong>Museo de Bellas Artes<\/strong>. Aunque en realidad vamos a hablar de su capilla anexa. La sede de la <strong>Hermandad del Museo<\/strong>, que sale cada Lunes Santo por unas puertas iluminadas por faroles con soporte de nuestros talleres. Tambi\u00e9n podemos verlos en el azulejo con las im\u00e1genes de los Titulares.<\/p>\n<p>La Capilla de la Expiraci\u00f3n fue construida durante la reconstrucci\u00f3n del Convento de la Merced Calzada, hoy Museo. En dicho convento se encontraba el cuadro\u00a0<em>Resurrecci\u00f3n de Cristo<\/em>. El templo donde reside la cofrad\u00eda del Museo ha albergado estos meses una reproducci\u00f3n del mismo. El original se encuentra actualmente en la <strong>Real Academia San Fernando de Madrid<\/strong>. Y all\u00ed tambi\u00e9n hay artesan\u00eda de forja creada en Salcedo. Todo est\u00e1 conectado&#8230;<\/p>\n<p>Antiguamente, la capilla estaba conectada con la iglesia conventual, hoy desacralizada y convertida en la sala dedicada al arte Barroco. Por tanto, la sala donde se encuentran las obras de Murillo. Entre las m\u00e1s famosas encontramos a la\u00a0<em>Inmaculada Concepci\u00f3n Colosal, Santas Justa y Rufina,\u00a0<\/em>la\u00a0<em>Virgen de la servilleta<\/em> o\u00a0<em>San F\u00e9lix de Cantalicio con el Ni\u00f1o<\/em>.<\/p>\n<h2><span class=\"ez-toc-section\" id=\"Barrio_de_Santa_Cruz_y_alrededores\"><\/span>Barrio de Santa Cruz y alrededores<span class=\"ez-toc-section-end\"><\/span><\/h2>\n<figure id=\"attachment_3839\" aria-describedby=\"caption-attachment-3839\" style=\"width: 200px\" class=\"wp-caption alignleft\"><img loading=\"lazy\" decoding=\"async\" class=\"size-medium wp-image-3839\" src=\"https:\/\/farolesdeforja.es\/wp-content\/uploads\/2018\/11\/hospital-venerables-sacerdotes-200x300.jpg\" alt=\"Farol de hierro Venerables\" width=\"200\" height=\"300\" srcset=\"https:\/\/farolesdeforja.es\/wp-content\/uploads\/2018\/11\/hospital-venerables-sacerdotes-200x300.jpg 200w, https:\/\/farolesdeforja.es\/wp-content\/uploads\/2018\/11\/hospital-venerables-sacerdotes.jpg 399w\" sizes=\"auto, (max-width: 200px) 100vw, 200px\" \/><figcaption id=\"caption-attachment-3839\" class=\"wp-caption-text\">Hospital de los Venerables<\/figcaption><\/figure>\n<p>La figura de <strong>Bartolom\u00e9 Esteban Murillo<\/strong> estar\u00e1 ligada por siempre al <strong>barrio de Santa Cruz<\/strong>. All\u00ed vivi\u00f3 y trabaj\u00f3 durante sus a\u00f1os dorados, en una casa que hoy recuerda al pintor que desde all\u00ed observ\u00f3 a la Sevilla de su tiempo.\u00a0Adem\u00e1s, sus restos descansan en alg\u00fan lugar de la plaza de Santa Cruz, pues all\u00ed estaba la iglesia hom\u00f3nima donde fue enterrado.<\/p>\n<p>En el coraz\u00f3n del barrio encontramos el <strong>Hospital de los Venerables<\/strong>. El origen de su construcci\u00f3n fue la de contar con un hospicio donde dar cobijo y cuidar a sacerdotes ancianos. El can\u00f3nigo Justino de Neve fue el promotor del proyecto. Su amistad con el pintor llev\u00f3 al artista a pintar varios cuadros para este lugar. De hecho, fue el propio Justino de Neve quien don\u00f3 varias de las<strong> obras de Murillo<\/strong>, como <em>San Pedro Penitente de los Venerables<\/em>. Tambi\u00e9n habr\u00eda que destacar la<em> Inmaculada Concepci\u00f3n de los Venerables<\/em>. Considerada una de las mejores Inmaculadas del pintor, fue expoliada por el mariscal Soult durante la invasi\u00f3n francesa. Hoy en d\u00eda se encuentra en el Museo del Prado.<\/p>\n<p>El Hospital de los Venerables es otro punto de Sevilla que nos une con Murillo. En el patio central, en torno al cual se distribuyen las estancias, cuelga de sus techos el\u00a0<strong><a href=\"https:\/\/farolesdeforja.es\/tienda\/faroles\/faroles-de-techo\/farol-venerables-2\/\">farol de hierro &#8220;Venerables&#8221;<\/a><\/strong>. Una prueba de nuestra vinculaci\u00f3n con Sevilla y su historia.<\/p>\n<p>A la salida del barrio de Santa Cruz, el <strong><a href=\"https:\/\/farolesdeforja.es\/alcazar-de-sevilla-apliques-forja\/\">Real Alc\u00e1zar<\/a><\/strong> es otra parada obligatoria para conocer el legado de Murillo. Nunca pint\u00f3 para este emblem\u00e1tico lugar, pero actualmente alberga el cuadro\u00a0<em>San Francisco Solano y el toro<\/em>.<\/p>\n<p>Adem\u00e1s, el conjunto fue la sede del llamado &#8220;Museo Napole\u00f3nico&#8221;. Creado por el mariscal Soult durante la invasi\u00f3n francesa, guard\u00f3 all\u00ed las obras que expropi\u00f3. Entre ellas hab\u00eda 45 cuadros de Murillo.<\/p>\n<h2><span class=\"ez-toc-section\" id=\"Las_obras_de_Murillo_en_los_palacios\"><\/span>Las obras de Murillo en los palacios<span class=\"ez-toc-section-end\"><\/span><\/h2>\n<figure id=\"attachment_3840\" aria-describedby=\"caption-attachment-3840\" style=\"width: 225px\" class=\"wp-caption alignright\"><img loading=\"lazy\" decoding=\"async\" class=\"size-medium wp-image-3840\" src=\"https:\/\/farolesdeforja.es\/wp-content\/uploads\/2018\/11\/faroles-casa-pilatos-225x300.jpeg\" alt=\"Faroles de la Casa Pilatos\" width=\"225\" height=\"300\" srcset=\"https:\/\/farolesdeforja.es\/wp-content\/uploads\/2018\/11\/faroles-casa-pilatos-225x300.jpeg 225w, https:\/\/farolesdeforja.es\/wp-content\/uploads\/2018\/11\/faroles-casa-pilatos-768x1024.jpeg 768w, https:\/\/farolesdeforja.es\/wp-content\/uploads\/2018\/11\/faroles-casa-pilatos-600x800.jpeg 600w, https:\/\/farolesdeforja.es\/wp-content\/uploads\/2018\/11\/faroles-casa-pilatos.jpeg 1200w\" sizes=\"auto, (max-width: 225px) 100vw, 225px\" \/><figcaption id=\"caption-attachment-3840\" class=\"wp-caption-text\">Salcedo en la Casa Pilatos<\/figcaption><\/figure>\n<p>Las casas-palacios son edificios muy caracter\u00edsticos de la arquitectura sevillana. Por eso, un personaje tan emblem\u00e1tico como Murillo deb\u00eda tener su presencia entre los muros de los m\u00e1s famosos.<\/p>\n<p>Este es el caso del<strong><a href=\"https:\/\/farolesdeforja.es\/visitar-el-palacio-de-las-duenas-faroles-salcedo\/\"> Palacio de las Due\u00f1as<\/a><\/strong>, lugar que acoge numerosas obras de arte. Para el A\u00f1o Murillo no pod\u00eda ser menos y ha recibido varias reproducciones del pintor. Adem\u00e1s, tambi\u00e9n ha contado con un original que pertenece a la Casa de Alba,\u00a0<em>Retrato de don Juan Antonio de Miranda y Ram\u00edrez de Vergara.<\/em><\/p>\n<p>Acabamos nuestro productivo itinerario en otro majestuosos palacio, la <strong>Casa de Pilatos<\/strong>. Sus dependencias han acogido una interesante muestra de reproducciones de obras de Murillo. La exposici\u00f3n ha querido explicar la iconograf\u00eda que hizo famoso al artista: las distintas representaciones de la Inmaculada Concepci\u00f3n.<\/p>\n<p>Dos nobles edificios donde Artesan\u00eda Salcedo tiene su sello. El A\u00f1o Murillo ha servido para encontrar otros puntos en com\u00fan entre nuestra tienda y el pintor sevillano, que nos ha dejado un legado que podemos admirar en todo el mundo. Durante estos meses, muchos de sus cuadros volver\u00e1n a casa para ser contemplados por los visitantes del Museo de Bellas Artes.<\/p>\n","protected":false},"excerpt":{"rendered":"<p>Durante estos d\u00edas, Sevilla se ha engalanado. Pero no hablamos de la Navidad. Nos referimos a la primera exposici\u00f3n antol\u00f3gica dedicada al genial Bartolom\u00e9 Esteban Murillo. Esta muestra estar\u00e1 en el Museo de Bellas Artes de Sevilla hasta el 17 de marzo de 2019. En ella se re\u00fanen obras de Murillo que habitualmente se encuentran [&hellip;]<\/p>\n","protected":false},"author":1,"featured_media":3837,"comment_status":"open","ping_status":"open","sticky":false,"template":"","format":"standard","meta":{"inline_featured_image":false,"_uag_custom_page_level_css":"","site-sidebar-layout":"default","site-content-layout":"","ast-site-content-layout":"default","site-content-style":"default","site-sidebar-style":"default","ast-global-header-display":"","ast-banner-title-visibility":"","ast-main-header-display":"","ast-hfb-above-header-display":"","ast-hfb-below-header-display":"","ast-hfb-mobile-header-display":"","site-post-title":"","ast-breadcrumbs-content":"","ast-featured-img":"","footer-sml-layout":"","ast-disable-related-posts":"","theme-transparent-header-meta":"","adv-header-id-meta":"","stick-header-meta":"","header-above-stick-meta":"","header-main-stick-meta":"","header-below-stick-meta":"","astra-migrate-meta-layouts":"default","ast-page-background-enabled":"default","ast-page-background-meta":{"desktop":{"background-color":"var(--ast-global-color-4)","background-image":"","background-repeat":"repeat","background-position":"center center","background-size":"auto","background-attachment":"scroll","background-type":"","background-media":"","overlay-type":"","overlay-color":"","overlay-opacity":"","overlay-gradient":""},"tablet":{"background-color":"","background-image":"","background-repeat":"repeat","background-position":"center center","background-size":"auto","background-attachment":"scroll","background-type":"","background-media":"","overlay-type":"","overlay-color":"","overlay-opacity":"","overlay-gradient":""},"mobile":{"background-color":"","background-image":"","background-repeat":"repeat","background-position":"center center","background-size":"auto","background-attachment":"scroll","background-type":"","background-media":"","overlay-type":"","overlay-color":"","overlay-opacity":"","overlay-gradient":""}},"ast-content-background-meta":{"desktop":{"background-color":"var(--ast-global-color-5)","background-image":"","background-repeat":"repeat","background-position":"center center","background-size":"auto","background-attachment":"scroll","background-type":"","background-media":"","overlay-type":"","overlay-color":"","overlay-opacity":"","overlay-gradient":""},"tablet":{"background-color":"var(--ast-global-color-5)","background-image":"","background-repeat":"repeat","background-position":"center center","background-size":"auto","background-attachment":"scroll","background-type":"","background-media":"","overlay-type":"","overlay-color":"","overlay-opacity":"","overlay-gradient":""},"mobile":{"background-color":"var(--ast-global-color-5)","background-image":"","background-repeat":"repeat","background-position":"center center","background-size":"auto","background-attachment":"scroll","background-type":"","background-media":"","overlay-type":"","overlay-color":"","overlay-opacity":"","overlay-gradient":""}},"footnotes":""},"categories":[101,113],"tags":[137,100,139,99,138,91],"class_list":["post-3832","post","type-post","status-publish","format-standard","has-post-thumbnail","hentry","category-forja-artistica","category-salcedo-en","tag-ano-murillo","tag-artesania-salcedo","tag-bartolome-esteban-murillo","tag-faroles-de-forja","tag-pintura","tag-sevilla"],"yoast_head":"<!-- This site is optimized with the Yoast SEO plugin v27.4 - https:\/\/yoast.com\/product\/yoast-seo-wordpress\/ -->\n<title>Buscando las obras de Murillo | Faroles de forja y Mobiliario de forja art\u00edstica | Artesan\u00eda Salcedo Sevilla<\/title>\n<meta name=\"description\" content=\"A trav\u00e9s de lugares donde encontramos faroles de Artesan\u00eda Salcedo, hacemos un recorrido para encontrar destacadas obras de Murillo.\" \/>\n<meta name=\"robots\" content=\"index, follow, max-snippet:-1, max-image-preview:large, max-video-preview:-1\" \/>\n<link rel=\"canonical\" href=\"https:\/\/farolesdeforja.es\/en\/buscando-las-obras-de-murillo\/\" \/>\n<meta property=\"og:locale\" content=\"en_US\" \/>\n<meta property=\"og:type\" content=\"article\" \/>\n<meta property=\"og:title\" content=\"Buscando las obras de Murillo | Faroles de forja y Mobiliario de forja art\u00edstica | Artesan\u00eda Salcedo Sevilla\" \/>\n<meta property=\"og:description\" content=\"A trav\u00e9s de lugares donde encontramos faroles de Artesan\u00eda Salcedo, hacemos un recorrido para encontrar destacadas obras de Murillo.\" \/>\n<meta property=\"og:url\" content=\"https:\/\/farolesdeforja.es\/en\/buscando-las-obras-de-murillo\/\" \/>\n<meta property=\"og:site_name\" content=\"Faroles de forja y Mobiliario de forja art\u00edstica | Artesan\u00eda Salcedo Sevilla\" \/>\n<meta property=\"article:publisher\" content=\"https:\/\/www.facebook.com\/salcedosevilla\" \/>\n<meta property=\"article:published_time\" content=\"2018-11-30T08:00:05+00:00\" \/>\n<meta property=\"article:modified_time\" content=\"2024-02-05T16:17:35+00:00\" \/>\n<meta property=\"og:image\" content=\"https:\/\/farolesdeforja.es\/wp-content\/uploads\/2018\/11\/buscando-las-obras-de-murillo-1.jpg\" \/>\n\t<meta property=\"og:image:width\" content=\"831\" \/>\n\t<meta property=\"og:image:height\" content=\"665\" \/>\n\t<meta property=\"og:image:type\" content=\"image\/jpeg\" \/>\n<meta name=\"author\" content=\"Salcedo artesan\u00eda\" \/>\n<meta name=\"twitter:card\" content=\"summary_large_image\" \/>\n<meta name=\"twitter:label1\" content=\"Written by\" \/>\n\t<meta name=\"twitter:data1\" content=\"Salcedo artesan\u00eda\" \/>\n\t<meta name=\"twitter:label2\" content=\"Est. reading time\" \/>\n\t<meta name=\"twitter:data2\" content=\"5 minutes\" \/>\n<script type=\"application\/ld+json\" class=\"yoast-schema-graph\">{\"@context\":\"https:\\\/\\\/schema.org\",\"@graph\":[{\"@type\":\"Article\",\"@id\":\"https:\\\/\\\/farolesdeforja.es\\\/en\\\/buscando-las-obras-de-murillo\\\/#article\",\"isPartOf\":{\"@id\":\"https:\\\/\\\/farolesdeforja.es\\\/en\\\/buscando-las-obras-de-murillo\\\/\"},\"author\":{\"name\":\"Salcedo artesan\u00eda\",\"@id\":\"https:\\\/\\\/farolesdeforja.es\\\/en\\\/#\\\/schema\\\/person\\\/185596d815bcbc7cda6427e9ad4b8b6f\"},\"headline\":\"Buscando las obras de Murillo\",\"datePublished\":\"2018-11-30T08:00:05+00:00\",\"dateModified\":\"2024-02-05T16:17:35+00:00\",\"mainEntityOfPage\":{\"@id\":\"https:\\\/\\\/farolesdeforja.es\\\/en\\\/buscando-las-obras-de-murillo\\\/\"},\"wordCount\":930,\"commentCount\":0,\"publisher\":{\"@id\":\"https:\\\/\\\/farolesdeforja.es\\\/en\\\/#organization\"},\"image\":{\"@id\":\"https:\\\/\\\/farolesdeforja.es\\\/en\\\/buscando-las-obras-de-murillo\\\/#primaryimage\"},\"thumbnailUrl\":\"https:\\\/\\\/farolesdeforja.es\\\/wp-content\\\/uploads\\\/2018\\\/11\\\/buscando-las-obras-de-murillo-1.jpg\",\"keywords\":[\"a\u00f1o murillo\",\"artesan\u00eda salcedo\",\"bartolom\u00e9 esteban murillo\",\"faroles de forja\",\"pintura\",\"sevilla\"],\"articleSection\":[\"Forja art\u00edstica\",\"Salcedo en...\"],\"inLanguage\":\"en-US\"},{\"@type\":\"WebPage\",\"@id\":\"https:\\\/\\\/farolesdeforja.es\\\/en\\\/buscando-las-obras-de-murillo\\\/\",\"url\":\"https:\\\/\\\/farolesdeforja.es\\\/en\\\/buscando-las-obras-de-murillo\\\/\",\"name\":\"Buscando las obras de Murillo | Faroles de forja y Mobiliario de forja art\u00edstica | Artesan\u00eda Salcedo Sevilla\",\"isPartOf\":{\"@id\":\"https:\\\/\\\/farolesdeforja.es\\\/en\\\/#website\"},\"primaryImageOfPage\":{\"@id\":\"https:\\\/\\\/farolesdeforja.es\\\/en\\\/buscando-las-obras-de-murillo\\\/#primaryimage\"},\"image\":{\"@id\":\"https:\\\/\\\/farolesdeforja.es\\\/en\\\/buscando-las-obras-de-murillo\\\/#primaryimage\"},\"thumbnailUrl\":\"https:\\\/\\\/farolesdeforja.es\\\/wp-content\\\/uploads\\\/2018\\\/11\\\/buscando-las-obras-de-murillo-1.jpg\",\"datePublished\":\"2018-11-30T08:00:05+00:00\",\"dateModified\":\"2024-02-05T16:17:35+00:00\",\"description\":\"A trav\u00e9s de lugares donde encontramos faroles de Artesan\u00eda Salcedo, hacemos un recorrido para encontrar destacadas obras de Murillo.\",\"breadcrumb\":{\"@id\":\"https:\\\/\\\/farolesdeforja.es\\\/en\\\/buscando-las-obras-de-murillo\\\/#breadcrumb\"},\"inLanguage\":\"en-US\",\"potentialAction\":[{\"@type\":\"ReadAction\",\"target\":[\"https:\\\/\\\/farolesdeforja.es\\\/en\\\/buscando-las-obras-de-murillo\\\/\"]}]},{\"@type\":\"ImageObject\",\"inLanguage\":\"en-US\",\"@id\":\"https:\\\/\\\/farolesdeforja.es\\\/en\\\/buscando-las-obras-de-murillo\\\/#primaryimage\",\"url\":\"https:\\\/\\\/farolesdeforja.es\\\/wp-content\\\/uploads\\\/2018\\\/11\\\/buscando-las-obras-de-murillo-1.jpg\",\"contentUrl\":\"https:\\\/\\\/farolesdeforja.es\\\/wp-content\\\/uploads\\\/2018\\\/11\\\/buscando-las-obras-de-murillo-1.jpg\",\"width\":831,\"height\":665,\"caption\":\"Obras de Murillo\"},{\"@type\":\"BreadcrumbList\",\"@id\":\"https:\\\/\\\/farolesdeforja.es\\\/en\\\/buscando-las-obras-de-murillo\\\/#breadcrumb\",\"itemListElement\":[{\"@type\":\"ListItem\",\"position\":1,\"name\":\"Inicio\",\"item\":\"https:\\\/\\\/farolesdeforja.es\\\/en\\\/\"},{\"@type\":\"ListItem\",\"position\":2,\"name\":\"Buscando las obras de Murillo\"}]},{\"@type\":\"WebSite\",\"@id\":\"https:\\\/\\\/farolesdeforja.es\\\/en\\\/#website\",\"url\":\"https:\\\/\\\/farolesdeforja.es\\\/en\\\/\",\"name\":\"Faroles de forja y Mobiliario de forja art\u00edstica | Artesan\u00eda Salcedo Sevilla\",\"description\":\"Faroles de forja y mobiliario fabricados de forma artesanal desde 1971. Artesan\u00eda Salcedo es referente en forja art\u00edstica en Sevilla. Compra online de faroles de forja y env\u00edo GRATIS en casi todos los art\u00edculos \u00a1Personalizamos cualquier pieza!\",\"publisher\":{\"@id\":\"https:\\\/\\\/farolesdeforja.es\\\/en\\\/#organization\"},\"alternateName\":\"Salcedo Sevilla\",\"potentialAction\":[{\"@type\":\"SearchAction\",\"target\":{\"@type\":\"EntryPoint\",\"urlTemplate\":\"https:\\\/\\\/farolesdeforja.es\\\/en\\\/?s={search_term_string}\"},\"query-input\":{\"@type\":\"PropertyValueSpecification\",\"valueRequired\":true,\"valueName\":\"search_term_string\"}}],\"inLanguage\":\"en-US\"},{\"@type\":\"Organization\",\"@id\":\"https:\\\/\\\/farolesdeforja.es\\\/en\\\/#organization\",\"name\":\"Salcedo Sevilla\",\"url\":\"https:\\\/\\\/farolesdeforja.es\\\/en\\\/\",\"logo\":{\"@type\":\"ImageObject\",\"inLanguage\":\"en-US\",\"@id\":\"https:\\\/\\\/farolesdeforja.es\\\/en\\\/#\\\/schema\\\/logo\\\/image\\\/\",\"url\":\"https:\\\/\\\/farolesdeforja.es\\\/wp-content\\\/uploads\\\/2018\\\/04\\\/cropped-favicon.png\",\"contentUrl\":\"https:\\\/\\\/farolesdeforja.es\\\/wp-content\\\/uploads\\\/2018\\\/04\\\/cropped-favicon.png\",\"width\":512,\"height\":512,\"caption\":\"Salcedo Sevilla\"},\"image\":{\"@id\":\"https:\\\/\\\/farolesdeforja.es\\\/en\\\/#\\\/schema\\\/logo\\\/image\\\/\"},\"sameAs\":[\"https:\\\/\\\/www.facebook.com\\\/salcedosevilla\",\"https:\\\/\\\/www.instagram.com\\\/farolesdeforja\\\/\",\"https:\\\/\\\/www.pinterest.com\\\/Farolesdeforja\\\/\"]},{\"@type\":\"Person\",\"@id\":\"https:\\\/\\\/farolesdeforja.es\\\/en\\\/#\\\/schema\\\/person\\\/185596d815bcbc7cda6427e9ad4b8b6f\",\"name\":\"Salcedo artesan\u00eda\",\"image\":{\"@type\":\"ImageObject\",\"inLanguage\":\"en-US\",\"@id\":\"https:\\\/\\\/secure.gravatar.com\\\/avatar\\\/af0373de48c8f9f53bceda0eebe2f6e70f9d33d141bdb4966578d880b0105244?s=96&d=mm&r=g\",\"url\":\"https:\\\/\\\/secure.gravatar.com\\\/avatar\\\/af0373de48c8f9f53bceda0eebe2f6e70f9d33d141bdb4966578d880b0105244?s=96&d=mm&r=g\",\"contentUrl\":\"https:\\\/\\\/secure.gravatar.com\\\/avatar\\\/af0373de48c8f9f53bceda0eebe2f6e70f9d33d141bdb4966578d880b0105244?s=96&d=mm&r=g\",\"caption\":\"Salcedo artesan\u00eda\"}}]}<\/script>\n<!-- \/ Yoast SEO plugin. -->","yoast_head_json":{"title":"Buscando las obras de Murillo | Faroles de forja y Mobiliario de forja art\u00edstica | Artesan\u00eda Salcedo Sevilla","description":"A trav\u00e9s de lugares donde encontramos faroles de Artesan\u00eda Salcedo, hacemos un recorrido para encontrar destacadas obras de Murillo.","robots":{"index":"index","follow":"follow","max-snippet":"max-snippet:-1","max-image-preview":"max-image-preview:large","max-video-preview":"max-video-preview:-1"},"canonical":"https:\/\/farolesdeforja.es\/en\/buscando-las-obras-de-murillo\/","og_locale":"en_US","og_type":"article","og_title":"Buscando las obras de Murillo | Faroles de forja y Mobiliario de forja art\u00edstica | Artesan\u00eda Salcedo Sevilla","og_description":"A trav\u00e9s de lugares donde encontramos faroles de Artesan\u00eda Salcedo, hacemos un recorrido para encontrar destacadas obras de Murillo.","og_url":"https:\/\/farolesdeforja.es\/en\/buscando-las-obras-de-murillo\/","og_site_name":"Faroles de forja y Mobiliario de forja art\u00edstica | Artesan\u00eda Salcedo Sevilla","article_publisher":"https:\/\/www.facebook.com\/salcedosevilla","article_published_time":"2018-11-30T08:00:05+00:00","article_modified_time":"2024-02-05T16:17:35+00:00","og_image":[{"width":831,"height":665,"url":"https:\/\/farolesdeforja.es\/wp-content\/uploads\/2018\/11\/buscando-las-obras-de-murillo-1.jpg","type":"image\/jpeg"}],"author":"Salcedo artesan\u00eda","twitter_card":"summary_large_image","twitter_misc":{"Written by":"Salcedo artesan\u00eda","Est. reading time":"5 minutes"},"schema":{"@context":"https:\/\/schema.org","@graph":[{"@type":"Article","@id":"https:\/\/farolesdeforja.es\/en\/buscando-las-obras-de-murillo\/#article","isPartOf":{"@id":"https:\/\/farolesdeforja.es\/en\/buscando-las-obras-de-murillo\/"},"author":{"name":"Salcedo artesan\u00eda","@id":"https:\/\/farolesdeforja.es\/en\/#\/schema\/person\/185596d815bcbc7cda6427e9ad4b8b6f"},"headline":"Buscando las obras de Murillo","datePublished":"2018-11-30T08:00:05+00:00","dateModified":"2024-02-05T16:17:35+00:00","mainEntityOfPage":{"@id":"https:\/\/farolesdeforja.es\/en\/buscando-las-obras-de-murillo\/"},"wordCount":930,"commentCount":0,"publisher":{"@id":"https:\/\/farolesdeforja.es\/en\/#organization"},"image":{"@id":"https:\/\/farolesdeforja.es\/en\/buscando-las-obras-de-murillo\/#primaryimage"},"thumbnailUrl":"https:\/\/farolesdeforja.es\/wp-content\/uploads\/2018\/11\/buscando-las-obras-de-murillo-1.jpg","keywords":["a\u00f1o murillo","artesan\u00eda salcedo","bartolom\u00e9 esteban murillo","faroles de forja","pintura","sevilla"],"articleSection":["Forja art\u00edstica","Salcedo en..."],"inLanguage":"en-US"},{"@type":"WebPage","@id":"https:\/\/farolesdeforja.es\/en\/buscando-las-obras-de-murillo\/","url":"https:\/\/farolesdeforja.es\/en\/buscando-las-obras-de-murillo\/","name":"Buscando las obras de Murillo | Faroles de forja y Mobiliario de forja art\u00edstica | Artesan\u00eda Salcedo Sevilla","isPartOf":{"@id":"https:\/\/farolesdeforja.es\/en\/#website"},"primaryImageOfPage":{"@id":"https:\/\/farolesdeforja.es\/en\/buscando-las-obras-de-murillo\/#primaryimage"},"image":{"@id":"https:\/\/farolesdeforja.es\/en\/buscando-las-obras-de-murillo\/#primaryimage"},"thumbnailUrl":"https:\/\/farolesdeforja.es\/wp-content\/uploads\/2018\/11\/buscando-las-obras-de-murillo-1.jpg","datePublished":"2018-11-30T08:00:05+00:00","dateModified":"2024-02-05T16:17:35+00:00","description":"A trav\u00e9s de lugares donde encontramos faroles de Artesan\u00eda Salcedo, hacemos un recorrido para encontrar destacadas obras de Murillo.","breadcrumb":{"@id":"https:\/\/farolesdeforja.es\/en\/buscando-las-obras-de-murillo\/#breadcrumb"},"inLanguage":"en-US","potentialAction":[{"@type":"ReadAction","target":["https:\/\/farolesdeforja.es\/en\/buscando-las-obras-de-murillo\/"]}]},{"@type":"ImageObject","inLanguage":"en-US","@id":"https:\/\/farolesdeforja.es\/en\/buscando-las-obras-de-murillo\/#primaryimage","url":"https:\/\/farolesdeforja.es\/wp-content\/uploads\/2018\/11\/buscando-las-obras-de-murillo-1.jpg","contentUrl":"https:\/\/farolesdeforja.es\/wp-content\/uploads\/2018\/11\/buscando-las-obras-de-murillo-1.jpg","width":831,"height":665,"caption":"Obras de Murillo"},{"@type":"BreadcrumbList","@id":"https:\/\/farolesdeforja.es\/en\/buscando-las-obras-de-murillo\/#breadcrumb","itemListElement":[{"@type":"ListItem","position":1,"name":"Inicio","item":"https:\/\/farolesdeforja.es\/en\/"},{"@type":"ListItem","position":2,"name":"Buscando las obras de Murillo"}]},{"@type":"WebSite","@id":"https:\/\/farolesdeforja.es\/en\/#website","url":"https:\/\/farolesdeforja.es\/en\/","name":"Faroles de forja y Mobiliario de forja art\u00edstica | Artesan\u00eda Salcedo Sevilla","description":"Faroles de forja y mobiliario fabricados de forma artesanal desde 1971. Artesan\u00eda Salcedo es referente en forja art\u00edstica en Sevilla. Compra online de faroles de forja y env\u00edo GRATIS en casi todos los art\u00edculos \u00a1Personalizamos cualquier pieza!","publisher":{"@id":"https:\/\/farolesdeforja.es\/en\/#organization"},"alternateName":"Salcedo Sevilla","potentialAction":[{"@type":"SearchAction","target":{"@type":"EntryPoint","urlTemplate":"https:\/\/farolesdeforja.es\/en\/?s={search_term_string}"},"query-input":{"@type":"PropertyValueSpecification","valueRequired":true,"valueName":"search_term_string"}}],"inLanguage":"en-US"},{"@type":"Organization","@id":"https:\/\/farolesdeforja.es\/en\/#organization","name":"Salcedo Sevilla","url":"https:\/\/farolesdeforja.es\/en\/","logo":{"@type":"ImageObject","inLanguage":"en-US","@id":"https:\/\/farolesdeforja.es\/en\/#\/schema\/logo\/image\/","url":"https:\/\/farolesdeforja.es\/wp-content\/uploads\/2018\/04\/cropped-favicon.png","contentUrl":"https:\/\/farolesdeforja.es\/wp-content\/uploads\/2018\/04\/cropped-favicon.png","width":512,"height":512,"caption":"Salcedo Sevilla"},"image":{"@id":"https:\/\/farolesdeforja.es\/en\/#\/schema\/logo\/image\/"},"sameAs":["https:\/\/www.facebook.com\/salcedosevilla","https:\/\/www.instagram.com\/farolesdeforja\/","https:\/\/www.pinterest.com\/Farolesdeforja\/"]},{"@type":"Person","@id":"https:\/\/farolesdeforja.es\/en\/#\/schema\/person\/185596d815bcbc7cda6427e9ad4b8b6f","name":"Salcedo artesan\u00eda","image":{"@type":"ImageObject","inLanguage":"en-US","@id":"https:\/\/secure.gravatar.com\/avatar\/af0373de48c8f9f53bceda0eebe2f6e70f9d33d141bdb4966578d880b0105244?s=96&d=mm&r=g","url":"https:\/\/secure.gravatar.com\/avatar\/af0373de48c8f9f53bceda0eebe2f6e70f9d33d141bdb4966578d880b0105244?s=96&d=mm&r=g","contentUrl":"https:\/\/secure.gravatar.com\/avatar\/af0373de48c8f9f53bceda0eebe2f6e70f9d33d141bdb4966578d880b0105244?s=96&d=mm&r=g","caption":"Salcedo artesan\u00eda"}}]}},"uagb_featured_image_src":{"full":["https:\/\/farolesdeforja.es\/wp-content\/uploads\/2018\/11\/buscando-las-obras-de-murillo-1.jpg",831,665,false],"thumbnail":["https:\/\/farolesdeforja.es\/wp-content\/uploads\/2018\/11\/buscando-las-obras-de-murillo-1-150x150.jpg",150,150,true],"medium":["https:\/\/farolesdeforja.es\/wp-content\/uploads\/2018\/11\/buscando-las-obras-de-murillo-1-300x240.jpg",300,240,true],"medium_large":["https:\/\/farolesdeforja.es\/wp-content\/uploads\/2018\/11\/buscando-las-obras-de-murillo-1-768x615.jpg",768,615,true],"large":["https:\/\/farolesdeforja.es\/wp-content\/uploads\/2018\/11\/buscando-las-obras-de-murillo-1.jpg",831,665,false],"1536x1536":["https:\/\/farolesdeforja.es\/wp-content\/uploads\/2018\/11\/buscando-las-obras-de-murillo-1.jpg",831,665,false],"2048x2048":["https:\/\/farolesdeforja.es\/wp-content\/uploads\/2018\/11\/buscando-las-obras-de-murillo-1.jpg",831,665,false],"bdpp-medium":["https:\/\/farolesdeforja.es\/wp-content\/uploads\/2018\/11\/buscando-las-obras-de-murillo-1.jpg",600,480,false],"woocommerce_thumbnail":["https:\/\/farolesdeforja.es\/wp-content\/uploads\/2018\/11\/buscando-las-obras-de-murillo-1-300x300.jpg",300,300,true],"woocommerce_single":["https:\/\/farolesdeforja.es\/wp-content\/uploads\/2018\/11\/buscando-las-obras-de-murillo-1-600x480.jpg",600,480,true],"woocommerce_gallery_thumbnail":["https:\/\/farolesdeforja.es\/wp-content\/uploads\/2018\/11\/buscando-las-obras-de-murillo-1-100x100.jpg",100,100,true]},"uagb_author_info":{"display_name":"Salcedo artesan\u00eda","author_link":"https:\/\/farolesdeforja.es\/en\/author\/businessgo\/"},"uagb_comment_info":0,"uagb_excerpt":"Durante estos d\u00edas, Sevilla se ha engalanado. Pero no hablamos de la Navidad. Nos referimos a la primera exposici\u00f3n antol\u00f3gica dedicada al genial Bartolom\u00e9 Esteban Murillo. Esta muestra estar\u00e1 en el Museo de Bellas Artes de Sevilla hasta el 17 de marzo de 2019. En ella se re\u00fanen obras de Murillo que habitualmente se encuentran&hellip;","_links":{"self":[{"href":"https:\/\/farolesdeforja.es\/en\/wp-json\/wp\/v2\/posts\/3832","targetHints":{"allow":["GET"]}}],"collection":[{"href":"https:\/\/farolesdeforja.es\/en\/wp-json\/wp\/v2\/posts"}],"about":[{"href":"https:\/\/farolesdeforja.es\/en\/wp-json\/wp\/v2\/types\/post"}],"author":[{"embeddable":true,"href":"https:\/\/farolesdeforja.es\/en\/wp-json\/wp\/v2\/users\/1"}],"replies":[{"embeddable":true,"href":"https:\/\/farolesdeforja.es\/en\/wp-json\/wp\/v2\/comments?post=3832"}],"version-history":[{"count":0,"href":"https:\/\/farolesdeforja.es\/en\/wp-json\/wp\/v2\/posts\/3832\/revisions"}],"wp:featuredmedia":[{"embeddable":true,"href":"https:\/\/farolesdeforja.es\/en\/wp-json\/wp\/v2\/media\/3837"}],"wp:attachment":[{"href":"https:\/\/farolesdeforja.es\/en\/wp-json\/wp\/v2\/media?parent=3832"}],"wp:term":[{"taxonomy":"category","embeddable":true,"href":"https:\/\/farolesdeforja.es\/en\/wp-json\/wp\/v2\/categories?post=3832"},{"taxonomy":"post_tag","embeddable":true,"href":"https:\/\/farolesdeforja.es\/en\/wp-json\/wp\/v2\/tags?post=3832"}],"curies":[{"name":"wp","href":"https:\/\/api.w.org\/{rel}","templated":true}]}}