{"id":3392,"date":"2018-10-31T12:33:23","date_gmt":"2018-10-31T11:33:23","guid":{"rendered":"https:\/\/farolesdeforja.es\/?p=3392"},"modified":"2024-02-06T08:52:06","modified_gmt":"2024-02-06T07:52:06","slug":"visitar-el-palacio-de-las-duenas-faroles-salcedo","status":"publish","type":"post","link":"https:\/\/farolesdeforja.es\/en\/visitar-el-palacio-de-las-duenas-faroles-salcedo\/","title":{"rendered":"Visitar el Palacio de las Due\u00f1as y sus faroles Salcedo"},"content":{"rendered":"<p><strong>Artesan\u00eda Salcedo<\/strong> est\u00e1 muy vinculada a la vida de Sevilla. Nuestros <strong><a href=\"https:\/\/farolesdeforja.es\/\">faroles de forja<\/a><\/strong>\u00a0llenan los rincones m\u00e1s emblem\u00e1ticos de la ciudad donde tienen lugar nuestras ra\u00edces. Por ejemplo, <strong>visitar el Palacio de las Due\u00f1as<\/strong> significa encontrar nuestro sello en sus patios. De esta forma, somos parte de la historia de un edificio muy querido y apreciado por los sevillanos.<\/p>\n<p>Su origen data de finales del siglo XV y principios del XVI.\u00a0 Por otro lado, su nombre lo tom\u00f3 del desaparecido monasterio de Santa Mar\u00eda de las Due\u00f1as, que se encontraba en el solar colindante al palacio. Sin embargo, en sus comienzos era conocido como la <strong>casa-palacio de los Pineda<\/strong>.<\/p>\n<p>Los Pineda, se\u00f1ores de Casa Bermeja, eran una de las familias m\u00e1s influyentes en <strong>Sevilla<\/strong>. A\u00fan as\u00ed, solo uno de ellos lleg\u00f3 a ser propietario del palacio, seg\u00fan la leyenda. Esta cuenta que <strong>Pedro de Pineda<\/strong> fue apresado por los musulmanes y su familia tuvo que vender el inmueble a <strong>Catalina de Ribera<\/strong>. La fundadora del Hospital de las Cinco Llagas adquiri\u00f3 Due\u00f1as para dej\u00e1rselo en herencia a su segundo hijo. Este hecho influir\u00eda en las semejanzas que guarda con la Casa Pilatos, pues pertenec\u00eda tambi\u00e9n a esta noble andaluza y lo leg\u00f3 a su primog\u00e9nito.<\/p>\n<figure id=\"attachment_3401\" aria-describedby=\"caption-attachment-3401\" style=\"width: 225px\" class=\"wp-caption alignright\"><img loading=\"lazy\" decoding=\"async\" class=\"size-medium wp-image-3401\" src=\"https:\/\/farolesdeforja.es\/wp-content\/uploads\/2018\/10\/farol-techo-erizo-225x300.jpeg\" alt=\"Farol Erizo en el Sal\u00f3n de los Carteles\" width=\"225\" height=\"300\" srcset=\"https:\/\/farolesdeforja.es\/wp-content\/uploads\/2018\/10\/farol-techo-erizo-225x300.jpeg 225w, https:\/\/farolesdeforja.es\/wp-content\/uploads\/2018\/10\/farol-techo-erizo-768x1024.jpeg 768w, https:\/\/farolesdeforja.es\/wp-content\/uploads\/2018\/10\/farol-techo-erizo-600x800.jpeg 600w, https:\/\/farolesdeforja.es\/wp-content\/uploads\/2018\/10\/farol-techo-erizo.jpeg 1200w\" sizes=\"auto, (max-width: 225px) 100vw, 225px\" \/><figcaption id=\"caption-attachment-3401\" class=\"wp-caption-text\">Farol de techo &#8220;Erizo&#8221;<\/figcaption><\/figure>\n<p>En 1612, una sobrina de Catalina de Ribera contrae matrimonio con el sexto duque de Alba y aporta el palacio a los bienes maritales. Desde entonces y hasta nuestros d\u00edas, ha pertenecido a la <strong>Casa de Alba<\/strong>. <strong>Cayetana Fitz-James Stuart<\/strong> ha sido la \u00faltima inquilina. Su hijo Carlos, actual duque de Alba, ha dado la oportunidad de visitar el Palacio de las Due\u00f1as a todos los sevillanos y turistas desde el a\u00f1o 2016.<\/p>\n<div id=\"ez-toc-container\" class=\"ez-toc-v2_0_82_2 counter-hierarchy ez-toc-counter ez-toc-grey ez-toc-container-direction\">\n<p class=\"ez-toc-title\" style=\"cursor:inherit\">\u00cdndice del contenidos<\/p>\n<label for=\"ez-toc-cssicon-toggle-item-69f4a13635958\" class=\"ez-toc-cssicon-toggle-label\"><span class=\"\"><span class=\"eztoc-hide\" style=\"display:none;\">Toggle<\/span><span class=\"ez-toc-icon-toggle-span\"><svg style=\"fill: #999;color:#999\" xmlns=\"http:\/\/www.w3.org\/2000\/svg\" class=\"list-377408\" width=\"20px\" height=\"20px\" viewBox=\"0 0 24 24\" fill=\"none\"><path d=\"M6 6H4v2h2V6zm14 0H8v2h12V6zM4 11h2v2H4v-2zm16 0H8v2h12v-2zM4 16h2v2H4v-2zm16 0H8v2h12v-2z\" fill=\"currentColor\"><\/path><\/svg><svg style=\"fill: #999;color:#999\" class=\"arrow-unsorted-368013\" xmlns=\"http:\/\/www.w3.org\/2000\/svg\" width=\"10px\" height=\"10px\" viewBox=\"0 0 24 24\" version=\"1.2\" baseProfile=\"tiny\"><path d=\"M18.2 9.3l-6.2-6.3-6.2 6.3c-.2.2-.3.4-.3.7s.1.5.3.7c.2.2.4.3.7.3h11c.3 0 .5-.1.7-.3.2-.2.3-.5.3-.7s-.1-.5-.3-.7zM5.8 14.7l6.2 6.3 6.2-6.3c.2-.2.3-.5.3-.7s-.1-.5-.3-.7c-.2-.2-.4-.3-.7-.3h-11c-.3 0-.5.1-.7.3-.2.2-.3.5-.3.7s.1.5.3.7z\"\/><\/svg><\/span><\/span><\/label><input type=\"checkbox\"  id=\"ez-toc-cssicon-toggle-item-69f4a13635958\"  aria-label=\"Toggle\" \/><nav><ul class='ez-toc-list ez-toc-list-level-1 ' ><li class='ez-toc-page-1 ez-toc-heading-level-2'><a class=\"ez-toc-link ez-toc-heading-1\" href=\"https:\/\/farolesdeforja.es\/en\/visitar-el-palacio-de-las-duenas-faroles-salcedo\/#Un_lugar_para_perderse_por_sus_patios_y_jardines\" >Un lugar para perderse por sus patios y jardines<\/a><\/li><li class='ez-toc-page-1 ez-toc-heading-level-2'><a class=\"ez-toc-link ez-toc-heading-2\" href=\"https:\/\/farolesdeforja.es\/en\/visitar-el-palacio-de-las-duenas-faroles-salcedo\/#%E2%80%9CUn_huerto_claro_donde_madura_el_limonero%E2%80%9D\" >&#8220;Un huerto claro donde madura el limonero&#8221;<\/a><\/li><li class='ez-toc-page-1 ez-toc-heading-level-2'><a class=\"ez-toc-link ez-toc-heading-3\" href=\"https:\/\/farolesdeforja.es\/en\/visitar-el-palacio-de-las-duenas-faroles-salcedo\/#La_completa_coleccion_de_obras_de_arte\" >La completa colecci\u00f3n de obras de arte<\/a><\/li><\/ul><\/nav><\/div>\n<h2><span class=\"ez-toc-section\" id=\"Un_lugar_para_perderse_por_sus_patios_y_jardines\"><\/span>Un lugar para perderse por sus patios y jardines<span class=\"ez-toc-section-end\"><\/span><\/h2>\n<p>El jard\u00edn de la entrada es el m\u00e1s conocido por todos. Todas las personas que pasan por la puerta exterior del palacio pueden disfrutar desde fuera de su asombrosa <strong>fachada plagada de buganvillas<\/strong>. Rosales, naranjos y limoneros son otro tipo de plantas que destacan entre la vegetaci\u00f3n. Sin duda, un conjunto de flores y plantas que demuestran el <strong>estilo sevillano<\/strong> que caracteriza a la construcci\u00f3n.<\/p>\n<p>En el patio principal de Due\u00f1as, o patio de Las Palmeras, comenzamos a encontrar el sello de Salcedo Sevilla. Nuestro <strong><a href=\"https:\/\/farolesdeforja.es\/tienda\/faroles\/faroles-de-techo\/farol-de-techo-rosario-cupin\/\">modelo &#8220;Rosario Cupin&#8221;<\/a><\/strong> destaca por su abundancia en las instalaciones. \u00bfOs suena? Es el farol de techo que tambi\u00e9n aparece en la <strong><a href=\"https:\/\/farolesdeforja.es\/serie-la-otra-mirada\/\">serie <em>La Otra Mirada<\/em><\/a><\/strong>.<\/p>\n<p>Ya en la entrada del edificio, encontramos las caballerizas. Estas son de las m\u00e1s antiguas de la ciudad, pues existen desde el siglo XV. Como curiosidad, se dice que sus columnas pueden provenir de unos ba\u00f1os \u00e1rabes que se encontraban all\u00ed. Otro dato llamativo es que en estas caballerizas solo se han usado mulas alazanas, pues se consideraba que los caballos estaban reservados para la realeza.<\/p>\n<h2><span class=\"ez-toc-section\" id=\"%E2%80%9CUn_huerto_claro_donde_madura_el_limonero%E2%80%9D\"><\/span>&#8220;Un huerto claro donde madura el limonero&#8221;<span class=\"ez-toc-section-end\"><\/span><\/h2>\n<figure id=\"attachment_3402\" aria-describedby=\"caption-attachment-3402\" style=\"width: 225px\" class=\"wp-caption alignleft\"><img loading=\"lazy\" decoding=\"async\" class=\"size-medium wp-image-3402\" src=\"https:\/\/farolesdeforja.es\/wp-content\/uploads\/2018\/10\/whatsapp-image-2018-10-30-at-10.43.02-225x300.jpeg\" alt=\"Faroles Rosario Cupin y Calatrava, en la placa dedicada a Antonio Machado\" width=\"225\" height=\"300\" srcset=\"https:\/\/farolesdeforja.es\/wp-content\/uploads\/2018\/10\/whatsapp-image-2018-10-30-at-10.43.02-225x300.jpeg 225w, https:\/\/farolesdeforja.es\/wp-content\/uploads\/2018\/10\/whatsapp-image-2018-10-30-at-10.43.02-768x1024.jpeg 768w, https:\/\/farolesdeforja.es\/wp-content\/uploads\/2018\/10\/whatsapp-image-2018-10-30-at-10.43.02-600x800.jpeg 600w, https:\/\/farolesdeforja.es\/wp-content\/uploads\/2018\/10\/whatsapp-image-2018-10-30-at-10.43.02.jpeg 1200w\" sizes=\"auto, (max-width: 225px) 100vw, 225px\" \/><figcaption id=\"caption-attachment-3402\" class=\"wp-caption-text\">Faroles &#8220;Rosario Cupin&#8221; y &#8220;Calatrava&#8221;<\/figcaption><\/figure>\n<p>Tal es la belleza que caracteriza al palacio, que ha servido de inspiraci\u00f3n a grandes poetas de la ciudad. Sobre todo para el gran <strong>Antonio Machado<\/strong>, que naci\u00f3 y vivi\u00f3 sus primeros a\u00f1os de vida entre sus paredes y jardines.<\/p>\n<p>Este nexo entre Machado y Due\u00f1as se debi\u00f3 a que su padre era por entonces el administrador de la finca. Un lugar que tra\u00eda la inspiraci\u00f3n al insigne poeta para hablar de sus memorias de ni\u00f1o: &#8220;<i><b>Mi infancia son recuerdos de un patio de Sevilla y de un huerto claro donde madura el limonero&#8221;.<\/b><\/i><\/p>\n<p>Aquel\u00a0<em>Jard\u00edn del Limonero\u00a0<\/em>sigue intacto a d\u00eda de hoy para <strong>disfrute de aquellos que quieran visitar el Palacio de las Due\u00f1as<\/strong>. Un monumento en la entrada y un azulejo presidido por el <strong><a href=\"https:\/\/farolesdeforja.es\/tienda\/faroles\/faroles-de-techo\/farol-calatrava\/\">farol &#8220;Calatrava&#8221;<\/a> <\/strong>de Salcedo Sevilla son el resto de vestigios que rememoran el paso de Antonio Machado por este lugar.<\/p>\n<h2><span class=\"ez-toc-section\" id=\"La_completa_coleccion_de_obras_de_arte\"><\/span>La completa colecci\u00f3n de obras de arte<span class=\"ez-toc-section-end\"><\/span><\/h2>\n<p>Recorriendo sus salones y escaleras, podemos encontrar una <strong>pieza \u00fanica<\/strong> de Artesan\u00eda Salcedo, el <strong>farol de techo &#8220;G\u00f3ngora&#8221;<\/strong>. Este modelo, basado en uno que se encuentra en la Plaza de Espa\u00f1a, destaca por su exclusividad y por fabricarse con materiales poco comunes. Por este motivo no existen muchos as\u00ed.<\/p>\n<p>De esta forma, nuestros faroles iluminan la extensa colecci\u00f3n de obras de arte, abarcando numerosos estilos art\u00edsticos: cl\u00e1sico, renacentista, barroco, moderno&#8230;<\/p>\n<figure id=\"attachment_3403\" aria-describedby=\"caption-attachment-3403\" style=\"width: 225px\" class=\"wp-caption alignright\"><img loading=\"lazy\" decoding=\"async\" class=\"size-medium wp-image-3403\" src=\"https:\/\/farolesdeforja.es\/wp-content\/uploads\/2018\/10\/farol-gongora-225x300.jpeg\" alt=\"Farol de techo G\u00f3ngora en el Palacio de las Due\u00f1as\" width=\"225\" height=\"300\" srcset=\"https:\/\/farolesdeforja.es\/wp-content\/uploads\/2018\/10\/farol-gongora-225x300.jpeg 225w, https:\/\/farolesdeforja.es\/wp-content\/uploads\/2018\/10\/farol-gongora-768x1024.jpeg 768w, https:\/\/farolesdeforja.es\/wp-content\/uploads\/2018\/10\/farol-gongora-600x800.jpeg 600w, https:\/\/farolesdeforja.es\/wp-content\/uploads\/2018\/10\/farol-gongora.jpeg 1200w\" sizes=\"auto, (max-width: 225px) 100vw, 225px\" \/><figcaption id=\"caption-attachment-3403\" class=\"wp-caption-text\">Farol &#8220;G\u00f3ngora&#8221;<\/figcaption><\/figure>\n<p>Entre todas ellas habr\u00eda que destacar las <strong>esculturas de Mariano Benlliure<\/strong>, as\u00ed como los <strong>cuadros de Jos\u00e9 de Ribera y Luca Giordano<\/strong>. El sal\u00f3n largo, lugar de celebraciones de los Alba, est\u00e1 presidido por una de las joyas art\u00edsticas que pueden admirar todos los que quieran visitar el Palacio de las Due\u00f1as. Nos referimos al enorme <strong>tapiz de Willen de Pannemaker<\/strong>, uno de los mejores del mundo. Est\u00e1 fabricado en hilo de plata, oro, seda y lana.<\/p>\n<p>A los sevillanos les resultar\u00e1 curioso el llamado\u00a0<em>Sal\u00f3n de los Carteles. D<\/em>ebe su nombre a que sus paredes est\u00e1n ocupadas por carteles antiguos de las <strong>Fiestas de la Primavera de Sevilla<\/strong>. Resulta todo un espect\u00e1culo de color para la vista, mezclando numerosos tipos de dise\u00f1os gr\u00e1ficos de finales del siglo XIX y principios del XX. Y para rematar, nuestro <strong><a href=\"https:\/\/farolesdeforja.es\/tienda\/faroles\/faroles-de-techo\/farol-estrella-erizo\/\" target=\"_blank\" rel=\"noopener\">farol de techo &#8220;Erizo&#8221;<\/a> <\/strong>forma parte de este sal\u00f3n tan costumbrista.<\/p>\n<p>Sin lugar a dudas, el\u00a0<strong>Palacio de las Due\u00f1as<\/strong>\u00a0<strong>es un tesoro en el centro de Sevilla<\/strong> que es digno de conocer. Si vais, fijaros en todas las maravillas que ofrece. Entre ellas, los <strong>faroles de forja de Artesan\u00eda Salcedo<\/strong>.<\/p>\n","protected":false},"excerpt":{"rendered":"<p>Artesan\u00eda Salcedo est\u00e1 muy vinculada a la vida de Sevilla. Nuestros faroles de forja\u00a0llenan los rincones m\u00e1s emblem\u00e1ticos de la ciudad donde tienen lugar nuestras ra\u00edces. Por ejemplo, visitar el Palacio de las Due\u00f1as significa encontrar nuestro sello en sus patios. De esta forma, somos parte de la historia de un edificio muy querido y [&hellip;]<\/p>\n","protected":false},"author":1,"featured_media":3399,"comment_status":"open","ping_status":"open","sticky":false,"template":"","format":"standard","meta":{"inline_featured_image":false,"_uag_custom_page_level_css":"","site-sidebar-layout":"default","site-content-layout":"","ast-site-content-layout":"default","site-content-style":"default","site-sidebar-style":"default","ast-global-header-display":"","ast-banner-title-visibility":"","ast-main-header-display":"","ast-hfb-above-header-display":"","ast-hfb-below-header-display":"","ast-hfb-mobile-header-display":"","site-post-title":"","ast-breadcrumbs-content":"","ast-featured-img":"","footer-sml-layout":"","ast-disable-related-posts":"","theme-transparent-header-meta":"","adv-header-id-meta":"","stick-header-meta":"","header-above-stick-meta":"","header-main-stick-meta":"","header-below-stick-meta":"","astra-migrate-meta-layouts":"default","ast-page-background-enabled":"default","ast-page-background-meta":{"desktop":{"background-color":"var(--ast-global-color-4)","background-image":"","background-repeat":"repeat","background-position":"center center","background-size":"auto","background-attachment":"scroll","background-type":"","background-media":"","overlay-type":"","overlay-color":"","overlay-opacity":"","overlay-gradient":""},"tablet":{"background-color":"","background-image":"","background-repeat":"repeat","background-position":"center center","background-size":"auto","background-attachment":"scroll","background-type":"","background-media":"","overlay-type":"","overlay-color":"","overlay-opacity":"","overlay-gradient":""},"mobile":{"background-color":"","background-image":"","background-repeat":"repeat","background-position":"center center","background-size":"auto","background-attachment":"scroll","background-type":"","background-media":"","overlay-type":"","overlay-color":"","overlay-opacity":"","overlay-gradient":""}},"ast-content-background-meta":{"desktop":{"background-color":"var(--ast-global-color-5)","background-image":"","background-repeat":"repeat","background-position":"center center","background-size":"auto","background-attachment":"scroll","background-type":"","background-media":"","overlay-type":"","overlay-color":"","overlay-opacity":"","overlay-gradient":""},"tablet":{"background-color":"var(--ast-global-color-5)","background-image":"","background-repeat":"repeat","background-position":"center center","background-size":"auto","background-attachment":"scroll","background-type":"","background-media":"","overlay-type":"","overlay-color":"","overlay-opacity":"","overlay-gradient":""},"mobile":{"background-color":"var(--ast-global-color-5)","background-image":"","background-repeat":"repeat","background-position":"center center","background-size":"auto","background-attachment":"scroll","background-type":"","background-media":"","overlay-type":"","overlay-color":"","overlay-opacity":"","overlay-gradient":""}},"footnotes":""},"categories":[113],"tags":[100,135,99,134],"class_list":["post-3392","post","type-post","status-publish","format-standard","has-post-thumbnail","hentry","category-salcedo-en","tag-artesania-salcedo","tag-farol-de-techo","tag-faroles-de-forja","tag-palacio-de-las-duenas"],"yoast_head":"<!-- This site is optimized with the Yoast SEO plugin v27.4 - https:\/\/yoast.com\/product\/yoast-seo-wordpress\/ -->\n<title>Visitar el Palacio de las Due\u00f1as y sus faroles Salcedo | Faroles de forja y Mobiliario de forja art\u00edstica | Artesan\u00eda Salcedo Sevilla<\/title>\n<meta name=\"description\" content=\"Visitar el Palacio de las Due\u00f1as es conocer la historia de Sevilla. Los faroles de forja de Artesan\u00eda Salcedo forman parte de la misma.\" \/>\n<meta name=\"robots\" content=\"index, follow, max-snippet:-1, max-image-preview:large, max-video-preview:-1\" \/>\n<link rel=\"canonical\" href=\"https:\/\/farolesdeforja.es\/en\/visitar-el-palacio-de-las-duenas-faroles-salcedo\/\" \/>\n<meta property=\"og:locale\" content=\"en_US\" \/>\n<meta property=\"og:type\" content=\"article\" \/>\n<meta property=\"og:title\" content=\"Visitar el Palacio de las Due\u00f1as y sus faroles Salcedo | Faroles de forja y Mobiliario de forja art\u00edstica | Artesan\u00eda Salcedo Sevilla\" \/>\n<meta property=\"og:description\" content=\"Visitar el Palacio de las Due\u00f1as es conocer la historia de Sevilla. Los faroles de forja de Artesan\u00eda Salcedo forman parte de la misma.\" \/>\n<meta property=\"og:url\" content=\"https:\/\/farolesdeforja.es\/en\/visitar-el-palacio-de-las-duenas-faroles-salcedo\/\" \/>\n<meta property=\"og:site_name\" content=\"Faroles de forja y Mobiliario de forja art\u00edstica | Artesan\u00eda Salcedo Sevilla\" \/>\n<meta property=\"article:publisher\" content=\"https:\/\/www.facebook.com\/salcedosevilla\" \/>\n<meta property=\"article:published_time\" content=\"2018-10-31T11:33:23+00:00\" \/>\n<meta property=\"article:modified_time\" content=\"2024-02-06T07:52:06+00:00\" \/>\n<meta property=\"og:image\" content=\"https:\/\/farolesdeforja.es\/wp-content\/uploads\/2018\/10\/visitar-el-palacio-de-las-dueas.jpg\" \/>\n\t<meta property=\"og:image:width\" content=\"1600\" \/>\n\t<meta property=\"og:image:height\" content=\"996\" \/>\n\t<meta property=\"og:image:type\" content=\"image\/jpeg\" \/>\n<meta name=\"author\" content=\"Salcedo artesan\u00eda\" \/>\n<meta name=\"twitter:card\" content=\"summary_large_image\" \/>\n<meta name=\"twitter:label1\" content=\"Written by\" \/>\n\t<meta name=\"twitter:data1\" content=\"Salcedo artesan\u00eda\" \/>\n\t<meta name=\"twitter:label2\" content=\"Est. reading time\" \/>\n\t<meta name=\"twitter:data2\" content=\"5 minutes\" \/>\n<script type=\"application\/ld+json\" class=\"yoast-schema-graph\">{\"@context\":\"https:\\\/\\\/schema.org\",\"@graph\":[{\"@type\":\"Article\",\"@id\":\"https:\\\/\\\/farolesdeforja.es\\\/en\\\/visitar-el-palacio-de-las-duenas-faroles-salcedo\\\/#article\",\"isPartOf\":{\"@id\":\"https:\\\/\\\/farolesdeforja.es\\\/en\\\/visitar-el-palacio-de-las-duenas-faroles-salcedo\\\/\"},\"author\":{\"name\":\"Salcedo artesan\u00eda\",\"@id\":\"https:\\\/\\\/farolesdeforja.es\\\/en\\\/#\\\/schema\\\/person\\\/185596d815bcbc7cda6427e9ad4b8b6f\"},\"headline\":\"Visitar el Palacio de las Due\u00f1as y sus faroles Salcedo\",\"datePublished\":\"2018-10-31T11:33:23+00:00\",\"dateModified\":\"2024-02-06T07:52:06+00:00\",\"mainEntityOfPage\":{\"@id\":\"https:\\\/\\\/farolesdeforja.es\\\/en\\\/visitar-el-palacio-de-las-duenas-faroles-salcedo\\\/\"},\"wordCount\":982,\"commentCount\":0,\"publisher\":{\"@id\":\"https:\\\/\\\/farolesdeforja.es\\\/en\\\/#organization\"},\"image\":{\"@id\":\"https:\\\/\\\/farolesdeforja.es\\\/en\\\/visitar-el-palacio-de-las-duenas-faroles-salcedo\\\/#primaryimage\"},\"thumbnailUrl\":\"https:\\\/\\\/farolesdeforja.es\\\/wp-content\\\/uploads\\\/2018\\\/10\\\/visitar-el-palacio-de-las-dueas.jpg\",\"keywords\":[\"artesan\u00eda salcedo\",\"farol de techo\",\"faroles de forja\",\"palacio de las due\u00f1as\"],\"articleSection\":[\"Salcedo en...\"],\"inLanguage\":\"en-US\"},{\"@type\":\"WebPage\",\"@id\":\"https:\\\/\\\/farolesdeforja.es\\\/en\\\/visitar-el-palacio-de-las-duenas-faroles-salcedo\\\/\",\"url\":\"https:\\\/\\\/farolesdeforja.es\\\/en\\\/visitar-el-palacio-de-las-duenas-faroles-salcedo\\\/\",\"name\":\"Visitar el Palacio de las Due\u00f1as y sus faroles Salcedo | Faroles de forja y Mobiliario de forja art\u00edstica | Artesan\u00eda Salcedo Sevilla\",\"isPartOf\":{\"@id\":\"https:\\\/\\\/farolesdeforja.es\\\/en\\\/#website\"},\"primaryImageOfPage\":{\"@id\":\"https:\\\/\\\/farolesdeforja.es\\\/en\\\/visitar-el-palacio-de-las-duenas-faroles-salcedo\\\/#primaryimage\"},\"image\":{\"@id\":\"https:\\\/\\\/farolesdeforja.es\\\/en\\\/visitar-el-palacio-de-las-duenas-faroles-salcedo\\\/#primaryimage\"},\"thumbnailUrl\":\"https:\\\/\\\/farolesdeforja.es\\\/wp-content\\\/uploads\\\/2018\\\/10\\\/visitar-el-palacio-de-las-dueas.jpg\",\"datePublished\":\"2018-10-31T11:33:23+00:00\",\"dateModified\":\"2024-02-06T07:52:06+00:00\",\"description\":\"Visitar el Palacio de las Due\u00f1as es conocer la historia de Sevilla. Los faroles de forja de Artesan\u00eda Salcedo forman parte de la misma.\",\"breadcrumb\":{\"@id\":\"https:\\\/\\\/farolesdeforja.es\\\/en\\\/visitar-el-palacio-de-las-duenas-faroles-salcedo\\\/#breadcrumb\"},\"inLanguage\":\"en-US\",\"potentialAction\":[{\"@type\":\"ReadAction\",\"target\":[\"https:\\\/\\\/farolesdeforja.es\\\/en\\\/visitar-el-palacio-de-las-duenas-faroles-salcedo\\\/\"]}]},{\"@type\":\"ImageObject\",\"inLanguage\":\"en-US\",\"@id\":\"https:\\\/\\\/farolesdeforja.es\\\/en\\\/visitar-el-palacio-de-las-duenas-faroles-salcedo\\\/#primaryimage\",\"url\":\"https:\\\/\\\/farolesdeforja.es\\\/wp-content\\\/uploads\\\/2018\\\/10\\\/visitar-el-palacio-de-las-dueas.jpg\",\"contentUrl\":\"https:\\\/\\\/farolesdeforja.es\\\/wp-content\\\/uploads\\\/2018\\\/10\\\/visitar-el-palacio-de-las-dueas.jpg\",\"width\":1600,\"height\":996,\"caption\":\"Faroles de forja Palacio de las Due\u00f1as\"},{\"@type\":\"BreadcrumbList\",\"@id\":\"https:\\\/\\\/farolesdeforja.es\\\/en\\\/visitar-el-palacio-de-las-duenas-faroles-salcedo\\\/#breadcrumb\",\"itemListElement\":[{\"@type\":\"ListItem\",\"position\":1,\"name\":\"Inicio\",\"item\":\"https:\\\/\\\/farolesdeforja.es\\\/en\\\/\"},{\"@type\":\"ListItem\",\"position\":2,\"name\":\"Visitar el Palacio de las Due\u00f1as y sus faroles Salcedo\"}]},{\"@type\":\"WebSite\",\"@id\":\"https:\\\/\\\/farolesdeforja.es\\\/en\\\/#website\",\"url\":\"https:\\\/\\\/farolesdeforja.es\\\/en\\\/\",\"name\":\"Faroles de forja y Mobiliario de forja art\u00edstica | Artesan\u00eda Salcedo Sevilla\",\"description\":\"Faroles de forja y mobiliario fabricados de forma artesanal desde 1971. Artesan\u00eda Salcedo es referente en forja art\u00edstica en Sevilla. Compra online de faroles de forja y env\u00edo GRATIS en casi todos los art\u00edculos \u00a1Personalizamos cualquier pieza!\",\"publisher\":{\"@id\":\"https:\\\/\\\/farolesdeforja.es\\\/en\\\/#organization\"},\"alternateName\":\"Salcedo Sevilla\",\"potentialAction\":[{\"@type\":\"SearchAction\",\"target\":{\"@type\":\"EntryPoint\",\"urlTemplate\":\"https:\\\/\\\/farolesdeforja.es\\\/en\\\/?s={search_term_string}\"},\"query-input\":{\"@type\":\"PropertyValueSpecification\",\"valueRequired\":true,\"valueName\":\"search_term_string\"}}],\"inLanguage\":\"en-US\"},{\"@type\":\"Organization\",\"@id\":\"https:\\\/\\\/farolesdeforja.es\\\/en\\\/#organization\",\"name\":\"Salcedo Sevilla\",\"url\":\"https:\\\/\\\/farolesdeforja.es\\\/en\\\/\",\"logo\":{\"@type\":\"ImageObject\",\"inLanguage\":\"en-US\",\"@id\":\"https:\\\/\\\/farolesdeforja.es\\\/en\\\/#\\\/schema\\\/logo\\\/image\\\/\",\"url\":\"https:\\\/\\\/farolesdeforja.es\\\/wp-content\\\/uploads\\\/2018\\\/04\\\/cropped-favicon.png\",\"contentUrl\":\"https:\\\/\\\/farolesdeforja.es\\\/wp-content\\\/uploads\\\/2018\\\/04\\\/cropped-favicon.png\",\"width\":512,\"height\":512,\"caption\":\"Salcedo Sevilla\"},\"image\":{\"@id\":\"https:\\\/\\\/farolesdeforja.es\\\/en\\\/#\\\/schema\\\/logo\\\/image\\\/\"},\"sameAs\":[\"https:\\\/\\\/www.facebook.com\\\/salcedosevilla\",\"https:\\\/\\\/www.instagram.com\\\/farolesdeforja\\\/\",\"https:\\\/\\\/www.pinterest.com\\\/Farolesdeforja\\\/\"]},{\"@type\":\"Person\",\"@id\":\"https:\\\/\\\/farolesdeforja.es\\\/en\\\/#\\\/schema\\\/person\\\/185596d815bcbc7cda6427e9ad4b8b6f\",\"name\":\"Salcedo artesan\u00eda\",\"image\":{\"@type\":\"ImageObject\",\"inLanguage\":\"en-US\",\"@id\":\"https:\\\/\\\/secure.gravatar.com\\\/avatar\\\/af0373de48c8f9f53bceda0eebe2f6e70f9d33d141bdb4966578d880b0105244?s=96&d=mm&r=g\",\"url\":\"https:\\\/\\\/secure.gravatar.com\\\/avatar\\\/af0373de48c8f9f53bceda0eebe2f6e70f9d33d141bdb4966578d880b0105244?s=96&d=mm&r=g\",\"contentUrl\":\"https:\\\/\\\/secure.gravatar.com\\\/avatar\\\/af0373de48c8f9f53bceda0eebe2f6e70f9d33d141bdb4966578d880b0105244?s=96&d=mm&r=g\",\"caption\":\"Salcedo artesan\u00eda\"}}]}<\/script>\n<!-- \/ Yoast SEO plugin. -->","yoast_head_json":{"title":"Visitar el Palacio de las Due\u00f1as y sus faroles Salcedo | Faroles de forja y Mobiliario de forja art\u00edstica | Artesan\u00eda Salcedo Sevilla","description":"Visitar el Palacio de las Due\u00f1as es conocer la historia de Sevilla. Los faroles de forja de Artesan\u00eda Salcedo forman parte de la misma.","robots":{"index":"index","follow":"follow","max-snippet":"max-snippet:-1","max-image-preview":"max-image-preview:large","max-video-preview":"max-video-preview:-1"},"canonical":"https:\/\/farolesdeforja.es\/en\/visitar-el-palacio-de-las-duenas-faroles-salcedo\/","og_locale":"en_US","og_type":"article","og_title":"Visitar el Palacio de las Due\u00f1as y sus faroles Salcedo | Faroles de forja y Mobiliario de forja art\u00edstica | Artesan\u00eda Salcedo Sevilla","og_description":"Visitar el Palacio de las Due\u00f1as es conocer la historia de Sevilla. Los faroles de forja de Artesan\u00eda Salcedo forman parte de la misma.","og_url":"https:\/\/farolesdeforja.es\/en\/visitar-el-palacio-de-las-duenas-faroles-salcedo\/","og_site_name":"Faroles de forja y Mobiliario de forja art\u00edstica | Artesan\u00eda Salcedo Sevilla","article_publisher":"https:\/\/www.facebook.com\/salcedosevilla","article_published_time":"2018-10-31T11:33:23+00:00","article_modified_time":"2024-02-06T07:52:06+00:00","og_image":[{"width":1600,"height":996,"url":"https:\/\/farolesdeforja.es\/wp-content\/uploads\/2018\/10\/visitar-el-palacio-de-las-dueas.jpg","type":"image\/jpeg"}],"author":"Salcedo artesan\u00eda","twitter_card":"summary_large_image","twitter_misc":{"Written by":"Salcedo artesan\u00eda","Est. reading time":"5 minutes"},"schema":{"@context":"https:\/\/schema.org","@graph":[{"@type":"Article","@id":"https:\/\/farolesdeforja.es\/en\/visitar-el-palacio-de-las-duenas-faroles-salcedo\/#article","isPartOf":{"@id":"https:\/\/farolesdeforja.es\/en\/visitar-el-palacio-de-las-duenas-faroles-salcedo\/"},"author":{"name":"Salcedo artesan\u00eda","@id":"https:\/\/farolesdeforja.es\/en\/#\/schema\/person\/185596d815bcbc7cda6427e9ad4b8b6f"},"headline":"Visitar el Palacio de las Due\u00f1as y sus faroles Salcedo","datePublished":"2018-10-31T11:33:23+00:00","dateModified":"2024-02-06T07:52:06+00:00","mainEntityOfPage":{"@id":"https:\/\/farolesdeforja.es\/en\/visitar-el-palacio-de-las-duenas-faroles-salcedo\/"},"wordCount":982,"commentCount":0,"publisher":{"@id":"https:\/\/farolesdeforja.es\/en\/#organization"},"image":{"@id":"https:\/\/farolesdeforja.es\/en\/visitar-el-palacio-de-las-duenas-faroles-salcedo\/#primaryimage"},"thumbnailUrl":"https:\/\/farolesdeforja.es\/wp-content\/uploads\/2018\/10\/visitar-el-palacio-de-las-dueas.jpg","keywords":["artesan\u00eda salcedo","farol de techo","faroles de forja","palacio de las due\u00f1as"],"articleSection":["Salcedo en..."],"inLanguage":"en-US"},{"@type":"WebPage","@id":"https:\/\/farolesdeforja.es\/en\/visitar-el-palacio-de-las-duenas-faroles-salcedo\/","url":"https:\/\/farolesdeforja.es\/en\/visitar-el-palacio-de-las-duenas-faroles-salcedo\/","name":"Visitar el Palacio de las Due\u00f1as y sus faroles Salcedo | Faroles de forja y Mobiliario de forja art\u00edstica | Artesan\u00eda Salcedo Sevilla","isPartOf":{"@id":"https:\/\/farolesdeforja.es\/en\/#website"},"primaryImageOfPage":{"@id":"https:\/\/farolesdeforja.es\/en\/visitar-el-palacio-de-las-duenas-faroles-salcedo\/#primaryimage"},"image":{"@id":"https:\/\/farolesdeforja.es\/en\/visitar-el-palacio-de-las-duenas-faroles-salcedo\/#primaryimage"},"thumbnailUrl":"https:\/\/farolesdeforja.es\/wp-content\/uploads\/2018\/10\/visitar-el-palacio-de-las-dueas.jpg","datePublished":"2018-10-31T11:33:23+00:00","dateModified":"2024-02-06T07:52:06+00:00","description":"Visitar el Palacio de las Due\u00f1as es conocer la historia de Sevilla. Los faroles de forja de Artesan\u00eda Salcedo forman parte de la misma.","breadcrumb":{"@id":"https:\/\/farolesdeforja.es\/en\/visitar-el-palacio-de-las-duenas-faroles-salcedo\/#breadcrumb"},"inLanguage":"en-US","potentialAction":[{"@type":"ReadAction","target":["https:\/\/farolesdeforja.es\/en\/visitar-el-palacio-de-las-duenas-faroles-salcedo\/"]}]},{"@type":"ImageObject","inLanguage":"en-US","@id":"https:\/\/farolesdeforja.es\/en\/visitar-el-palacio-de-las-duenas-faroles-salcedo\/#primaryimage","url":"https:\/\/farolesdeforja.es\/wp-content\/uploads\/2018\/10\/visitar-el-palacio-de-las-dueas.jpg","contentUrl":"https:\/\/farolesdeforja.es\/wp-content\/uploads\/2018\/10\/visitar-el-palacio-de-las-dueas.jpg","width":1600,"height":996,"caption":"Faroles de forja Palacio de las Due\u00f1as"},{"@type":"BreadcrumbList","@id":"https:\/\/farolesdeforja.es\/en\/visitar-el-palacio-de-las-duenas-faroles-salcedo\/#breadcrumb","itemListElement":[{"@type":"ListItem","position":1,"name":"Inicio","item":"https:\/\/farolesdeforja.es\/en\/"},{"@type":"ListItem","position":2,"name":"Visitar el Palacio de las Due\u00f1as y sus faroles Salcedo"}]},{"@type":"WebSite","@id":"https:\/\/farolesdeforja.es\/en\/#website","url":"https:\/\/farolesdeforja.es\/en\/","name":"Faroles de forja y Mobiliario de forja art\u00edstica | Artesan\u00eda Salcedo Sevilla","description":"Faroles de forja y mobiliario fabricados de forma artesanal desde 1971. Artesan\u00eda Salcedo es referente en forja art\u00edstica en Sevilla. Compra online de faroles de forja y env\u00edo GRATIS en casi todos los art\u00edculos \u00a1Personalizamos cualquier pieza!","publisher":{"@id":"https:\/\/farolesdeforja.es\/en\/#organization"},"alternateName":"Salcedo Sevilla","potentialAction":[{"@type":"SearchAction","target":{"@type":"EntryPoint","urlTemplate":"https:\/\/farolesdeforja.es\/en\/?s={search_term_string}"},"query-input":{"@type":"PropertyValueSpecification","valueRequired":true,"valueName":"search_term_string"}}],"inLanguage":"en-US"},{"@type":"Organization","@id":"https:\/\/farolesdeforja.es\/en\/#organization","name":"Salcedo Sevilla","url":"https:\/\/farolesdeforja.es\/en\/","logo":{"@type":"ImageObject","inLanguage":"en-US","@id":"https:\/\/farolesdeforja.es\/en\/#\/schema\/logo\/image\/","url":"https:\/\/farolesdeforja.es\/wp-content\/uploads\/2018\/04\/cropped-favicon.png","contentUrl":"https:\/\/farolesdeforja.es\/wp-content\/uploads\/2018\/04\/cropped-favicon.png","width":512,"height":512,"caption":"Salcedo Sevilla"},"image":{"@id":"https:\/\/farolesdeforja.es\/en\/#\/schema\/logo\/image\/"},"sameAs":["https:\/\/www.facebook.com\/salcedosevilla","https:\/\/www.instagram.com\/farolesdeforja\/","https:\/\/www.pinterest.com\/Farolesdeforja\/"]},{"@type":"Person","@id":"https:\/\/farolesdeforja.es\/en\/#\/schema\/person\/185596d815bcbc7cda6427e9ad4b8b6f","name":"Salcedo artesan\u00eda","image":{"@type":"ImageObject","inLanguage":"en-US","@id":"https:\/\/secure.gravatar.com\/avatar\/af0373de48c8f9f53bceda0eebe2f6e70f9d33d141bdb4966578d880b0105244?s=96&d=mm&r=g","url":"https:\/\/secure.gravatar.com\/avatar\/af0373de48c8f9f53bceda0eebe2f6e70f9d33d141bdb4966578d880b0105244?s=96&d=mm&r=g","contentUrl":"https:\/\/secure.gravatar.com\/avatar\/af0373de48c8f9f53bceda0eebe2f6e70f9d33d141bdb4966578d880b0105244?s=96&d=mm&r=g","caption":"Salcedo artesan\u00eda"}}]}},"uagb_featured_image_src":{"full":["https:\/\/farolesdeforja.es\/wp-content\/uploads\/2018\/10\/visitar-el-palacio-de-las-dueas.jpg",1600,996,false],"thumbnail":["https:\/\/farolesdeforja.es\/wp-content\/uploads\/2018\/10\/visitar-el-palacio-de-las-dueas-150x150.jpg",150,150,true],"medium":["https:\/\/farolesdeforja.es\/wp-content\/uploads\/2018\/10\/visitar-el-palacio-de-las-dueas-300x187.jpg",300,187,true],"medium_large":["https:\/\/farolesdeforja.es\/wp-content\/uploads\/2018\/10\/visitar-el-palacio-de-las-dueas-768x478.jpg",768,478,true],"large":["https:\/\/farolesdeforja.es\/wp-content\/uploads\/2018\/10\/visitar-el-palacio-de-las-dueas-1024x637.jpg",1024,637,true],"1536x1536":["https:\/\/farolesdeforja.es\/wp-content\/uploads\/2018\/10\/visitar-el-palacio-de-las-dueas.jpg",1536,956,false],"2048x2048":["https:\/\/farolesdeforja.es\/wp-content\/uploads\/2018\/10\/visitar-el-palacio-de-las-dueas.jpg",1600,996,false],"bdpp-medium":["https:\/\/farolesdeforja.es\/wp-content\/uploads\/2018\/10\/visitar-el-palacio-de-las-dueas.jpg",640,398,false],"woocommerce_thumbnail":["https:\/\/farolesdeforja.es\/wp-content\/uploads\/2018\/10\/visitar-el-palacio-de-las-dueas-300x300.jpg",300,300,true],"woocommerce_single":["https:\/\/farolesdeforja.es\/wp-content\/uploads\/2018\/10\/visitar-el-palacio-de-las-dueas-600x374.jpg",600,374,true],"woocommerce_gallery_thumbnail":["https:\/\/farolesdeforja.es\/wp-content\/uploads\/2018\/10\/visitar-el-palacio-de-las-dueas-100x100.jpg",100,100,true]},"uagb_author_info":{"display_name":"Salcedo artesan\u00eda","author_link":"https:\/\/farolesdeforja.es\/en\/author\/businessgo\/"},"uagb_comment_info":0,"uagb_excerpt":"Artesan\u00eda Salcedo est\u00e1 muy vinculada a la vida de Sevilla. Nuestros faroles de forja\u00a0llenan los rincones m\u00e1s emblem\u00e1ticos de la ciudad donde tienen lugar nuestras ra\u00edces. Por ejemplo, visitar el Palacio de las Due\u00f1as significa encontrar nuestro sello en sus patios. De esta forma, somos parte de la historia de un edificio muy querido y&hellip;","_links":{"self":[{"href":"https:\/\/farolesdeforja.es\/en\/wp-json\/wp\/v2\/posts\/3392","targetHints":{"allow":["GET"]}}],"collection":[{"href":"https:\/\/farolesdeforja.es\/en\/wp-json\/wp\/v2\/posts"}],"about":[{"href":"https:\/\/farolesdeforja.es\/en\/wp-json\/wp\/v2\/types\/post"}],"author":[{"embeddable":true,"href":"https:\/\/farolesdeforja.es\/en\/wp-json\/wp\/v2\/users\/1"}],"replies":[{"embeddable":true,"href":"https:\/\/farolesdeforja.es\/en\/wp-json\/wp\/v2\/comments?post=3392"}],"version-history":[{"count":0,"href":"https:\/\/farolesdeforja.es\/en\/wp-json\/wp\/v2\/posts\/3392\/revisions"}],"wp:featuredmedia":[{"embeddable":true,"href":"https:\/\/farolesdeforja.es\/en\/wp-json\/wp\/v2\/media\/3399"}],"wp:attachment":[{"href":"https:\/\/farolesdeforja.es\/en\/wp-json\/wp\/v2\/media?parent=3392"}],"wp:term":[{"taxonomy":"category","embeddable":true,"href":"https:\/\/farolesdeforja.es\/en\/wp-json\/wp\/v2\/categories?post=3392"},{"taxonomy":"post_tag","embeddable":true,"href":"https:\/\/farolesdeforja.es\/en\/wp-json\/wp\/v2\/tags?post=3392"}],"curies":[{"name":"wp","href":"https:\/\/api.w.org\/{rel}","templated":true}]}}