{"id":3329,"date":"2018-10-01T12:13:39","date_gmt":"2018-10-01T11:13:39","guid":{"rendered":"https:\/\/farolesdeforja.es\/?p=3329"},"modified":"2018-10-16T11:40:53","modified_gmt":"2018-10-16T10:40:53","slug":"el-alcazar-de-sevilla-y-jardines","status":"publish","type":"post","link":"https:\/\/farolesdeforja.es\/en\/el-alcazar-de-sevilla-y-jardines\/","title":{"rendered":"El Alc\u00e1zar de Sevilla y sus jardines"},"content":{"rendered":"<p>Seguimos recorriendo el Alc\u00e1zar de Sevilla en busca de los rincones con el sello de Artesan\u00eda Salcedo. Si ya hablamos del aplique de farol &#8220;Rey Don Pedro&#8221; y <strong><a href=\"https:\/\/farolesdeforja.es\/alcazar-de-sevilla-apliques-forja\/\">la historia del monarca<\/a><\/strong> que le da nombre, esta vez nos trasladamos a los jardines. Sin duda, esta zona es una de las m\u00e1s conocidas y visitadas por su belleza bot\u00e1nica. Un ambiente envuelto de magia e historia donde podemos disfrutar, incluso, de<strong> <a href=\"https:\/\/farolesdeforja.es\/disfrutar-sevilla-en-verano\/\">conciertos durante las noches de verano<\/a><\/strong>.<\/p>\n<p>Su origen tuvo lugar en los tiempos en los que la construcci\u00f3n serv\u00eda de fortaleza defensiva m\u00e1s que de palacio. Los habitantes contaban alrededor del edificio con huertas de aprovisionamiento. El paso de los a\u00f1os y los tiempos de paz en la ciudad transformaron aquello en una serie de peque\u00f1os jardines y patios acordes a la arquitectura y conectados entre s\u00ed. Posteriormente, fueron ampli\u00e1ndose hasta dar lugar a todo el terreno que podemos disfrutar hoy en d\u00eda. Sin duda, una amplia superficie de plantas y fuentes de todas las variedades.<\/p>\n<p>Y es que, cada parte de los jardines que rodean el <strong>Alc\u00e1zar de Sevilla<\/strong> tiene unas caracter\u00edsticas concretas, dependiendo de la \u00e9poca que surgieron y el estilo que predominaba entonces, as\u00ed como las distintas transformaciones que se fueron sucediendo.<\/p>\n<div id=\"ez-toc-container\" class=\"ez-toc-v2_0_82_2 counter-hierarchy ez-toc-counter ez-toc-grey ez-toc-container-direction\">\n<p class=\"ez-toc-title\" style=\"cursor:inherit\">\u00cdndice del contenidos<\/p>\n<label for=\"ez-toc-cssicon-toggle-item-69f4a13e98b6f\" class=\"ez-toc-cssicon-toggle-label\"><span class=\"\"><span class=\"eztoc-hide\" style=\"display:none;\">Toggle<\/span><span class=\"ez-toc-icon-toggle-span\"><svg style=\"fill: #999;color:#999\" xmlns=\"http:\/\/www.w3.org\/2000\/svg\" class=\"list-377408\" width=\"20px\" height=\"20px\" viewBox=\"0 0 24 24\" fill=\"none\"><path d=\"M6 6H4v2h2V6zm14 0H8v2h12V6zM4 11h2v2H4v-2zm16 0H8v2h12v-2zM4 16h2v2H4v-2zm16 0H8v2h12v-2z\" fill=\"currentColor\"><\/path><\/svg><svg style=\"fill: #999;color:#999\" class=\"arrow-unsorted-368013\" xmlns=\"http:\/\/www.w3.org\/2000\/svg\" width=\"10px\" height=\"10px\" viewBox=\"0 0 24 24\" version=\"1.2\" baseProfile=\"tiny\"><path d=\"M18.2 9.3l-6.2-6.3-6.2 6.3c-.2.2-.3.4-.3.7s.1.5.3.7c.2.2.4.3.7.3h11c.3 0 .5-.1.7-.3.2-.2.3-.5.3-.7s-.1-.5-.3-.7zM5.8 14.7l6.2 6.3 6.2-6.3c.2-.2.3-.5.3-.7s-.1-.5-.3-.7c-.2-.2-.4-.3-.7-.3h-11c-.3 0-.5.1-.7.3-.2.2-.3.5-.3.7s.1.5.3.7z\"\/><\/svg><\/span><\/span><\/label><input type=\"checkbox\"  id=\"ez-toc-cssicon-toggle-item-69f4a13e98b6f\"  aria-label=\"Toggle\" \/><nav><ul class='ez-toc-list ez-toc-list-level-1 ' ><li class='ez-toc-page-1 ez-toc-heading-level-2'><a class=\"ez-toc-link ez-toc-heading-1\" href=\"https:\/\/farolesdeforja.es\/en\/el-alcazar-de-sevilla-y-jardines\/#De_los_jardines_musulmanes_al_manierismo\" >De los jardines musulmanes al manierismo<\/a><\/li><li class='ez-toc-page-1 ez-toc-heading-level-2'><a class=\"ez-toc-link ez-toc-heading-2\" href=\"https:\/\/farolesdeforja.es\/en\/el-alcazar-de-sevilla-y-jardines\/#La_leyenda_del_melocotonero\" >La leyenda del melocotonero<\/a><\/li><\/ul><\/nav><\/div>\n<h2><span class=\"ez-toc-section\" id=\"De_los_jardines_musulmanes_al_manierismo\"><\/span>De los jardines musulmanes al manierismo<span class=\"ez-toc-section-end\"><\/span><\/h2>\n<p>Hablando de estilos y transformaciones, debemos destacar lo que habl\u00e1bamos anteriormente, el paso de peque\u00f1os jardines a otros de mayor extensi\u00f3n. La <strong>influencia andalus\u00ed<\/strong> era de peque\u00f1os terrenos en los patios, destacando la importancia que la cultura musulmana otorga a las plantas y el agua.<\/p>\n<figure id=\"attachment_3333\" aria-describedby=\"caption-attachment-3333\" style=\"width: 300px\" class=\"wp-caption alignright\"><img loading=\"lazy\" decoding=\"async\" class=\"wp-image-3333 size-medium\" src=\"https:\/\/farolesdeforja.es\/wp-content\/uploads\/2018\/10\/galeria-grutescos-300x200.jpg\" alt=\"Galer\u00eda de los Grutescos\" width=\"300\" height=\"200\" srcset=\"https:\/\/farolesdeforja.es\/wp-content\/uploads\/2018\/10\/galeria-grutescos-300x200.jpg 300w, https:\/\/farolesdeforja.es\/wp-content\/uploads\/2018\/10\/galeria-grutescos-768x512.jpg 768w, https:\/\/farolesdeforja.es\/wp-content\/uploads\/2018\/10\/galeria-grutescos-1024x682.jpg 1024w, https:\/\/farolesdeforja.es\/wp-content\/uploads\/2018\/10\/galeria-grutescos-600x400.jpg 600w, https:\/\/farolesdeforja.es\/wp-content\/uploads\/2018\/10\/galeria-grutescos.jpg 1280w\" sizes=\"auto, (max-width: 300px) 100vw, 300px\" \/><figcaption id=\"caption-attachment-3333\" class=\"wp-caption-text\">Galer\u00eda de los Grutescos<\/figcaption><\/figure>\n<p>En cuanto a las huertas, la mayor transformaci\u00f3n lleg\u00f3 por un rey cristiano,<strong> Felipe II<\/strong>. El hijo de Carlos I e Isabel de Portugal, quienes por cierto se casaron en el Alc\u00e1zar de Sevilla, estaba enamorado de sus jardines sevillanos y quiso llevarlos m\u00e1s all\u00e1. Aquellas peque\u00f1as huertas dieron paso a unos modernos jardines de influencia manierista.<\/p>\n<p>Felipe II trajo a la ciudad este estilo art\u00edstico italiano gracias al arquitecto <strong>Vermondo Resta<\/strong>, maestro Mayor del Alc\u00e1zar desde 1603 hasta su muerte en 1625. Resta fue el encargado de transformar una parte de la muralla musulmana en una galer\u00eda desde la que contemplar los jardines. Nos referimos a la <strong>Galer\u00eda de los Grutescos<\/strong>, uno de las construcciones m\u00e1s peculiares y conocidas de esta zona del palacio.<\/p>\n<p>La intenci\u00f3n del artista encargado de su ejecuci\u00f3n fue la imitar a una cueva que pudiera fusionar la arquitectura con la naturaleza.<\/p>\n<h2><span class=\"ez-toc-section\" id=\"La_leyenda_del_melocotonero\"><\/span>La leyenda del melocotonero<span class=\"ez-toc-section-end\"><\/span><\/h2>\n<p>Volviendo al punto de vista bot\u00e1nico y retrocediendo de nuevo a la \u00e9poca del rey Don Pedro, debemos hablar de los melocotoneros que cada primavera florecen en alguno jardines. Un espect\u00e1culo para los sentidos si quieres visitar el Alc\u00e1zar de Sevilla en esa estaci\u00f3n del a\u00f1o.<\/p>\n<p>Cuenta una leyenda medieval que esta planta fue tra\u00edda al palacio por los alarifes musulmanes que trabajaban para el rey. El motivo fue que la blancura y la abundancia de las flores les recordaba el <strong>paisaje nevado de Granada<\/strong>.<\/p>\n<p>Los jardines del Alc\u00e1zar son lugar perfecto para pasear y perderse, disfrutando de toda la belleza que puede ofrecernos. Si vais por all\u00ed, os encontrar\u00e9is en alg\u00fan punto con el <strong>aplique de farol &#8220;C\u00f3rdoba&#8221;<\/strong> de Salcedo Sevilla. Y si te gusta, puedes tenerlo en tu propio jard\u00edn entrando en<a href=\"https:\/\/farolesdeforja.es\/tienda\/faroles\/apliques-de-farol\/aplique-farol-cordoba\/\"><strong> nuestro cat\u00e1logo<\/strong><\/a>.<\/p>\n","protected":false},"excerpt":{"rendered":"<p>Seguimos recorriendo el Alc\u00e1zar de Sevilla en busca de los rincones con el sello de Artesan\u00eda Salcedo. Si ya hablamos del aplique de farol &#8220;Rey Don Pedro&#8221; y la historia del monarca que le da nombre, esta vez nos trasladamos a los jardines. Sin duda, esta zona es una de las m\u00e1s conocidas y visitadas [&hellip;]<\/p>\n","protected":false},"author":1,"featured_media":3332,"comment_status":"open","ping_status":"open","sticky":false,"template":"","format":"standard","meta":{"inline_featured_image":false,"_uag_custom_page_level_css":"","site-sidebar-layout":"default","site-content-layout":"","ast-site-content-layout":"default","site-content-style":"default","site-sidebar-style":"default","ast-global-header-display":"","ast-banner-title-visibility":"","ast-main-header-display":"","ast-hfb-above-header-display":"","ast-hfb-below-header-display":"","ast-hfb-mobile-header-display":"","site-post-title":"","ast-breadcrumbs-content":"","ast-featured-img":"","footer-sml-layout":"","ast-disable-related-posts":"","theme-transparent-header-meta":"","adv-header-id-meta":"","stick-header-meta":"","header-above-stick-meta":"","header-main-stick-meta":"","header-below-stick-meta":"","astra-migrate-meta-layouts":"default","ast-page-background-enabled":"default","ast-page-background-meta":{"desktop":{"background-color":"var(--ast-global-color-4)","background-image":"","background-repeat":"repeat","background-position":"center center","background-size":"auto","background-attachment":"scroll","background-type":"","background-media":"","overlay-type":"","overlay-color":"","overlay-opacity":"","overlay-gradient":""},"tablet":{"background-color":"","background-image":"","background-repeat":"repeat","background-position":"center center","background-size":"auto","background-attachment":"scroll","background-type":"","background-media":"","overlay-type":"","overlay-color":"","overlay-opacity":"","overlay-gradient":""},"mobile":{"background-color":"","background-image":"","background-repeat":"repeat","background-position":"center center","background-size":"auto","background-attachment":"scroll","background-type":"","background-media":"","overlay-type":"","overlay-color":"","overlay-opacity":"","overlay-gradient":""}},"ast-content-background-meta":{"desktop":{"background-color":"var(--ast-global-color-5)","background-image":"","background-repeat":"repeat","background-position":"center center","background-size":"auto","background-attachment":"scroll","background-type":"","background-media":"","overlay-type":"","overlay-color":"","overlay-opacity":"","overlay-gradient":""},"tablet":{"background-color":"var(--ast-global-color-5)","background-image":"","background-repeat":"repeat","background-position":"center center","background-size":"auto","background-attachment":"scroll","background-type":"","background-media":"","overlay-type":"","overlay-color":"","overlay-opacity":"","overlay-gradient":""},"mobile":{"background-color":"var(--ast-global-color-5)","background-image":"","background-repeat":"repeat","background-position":"center center","background-size":"auto","background-attachment":"scroll","background-type":"","background-media":"","overlay-type":"","overlay-color":"","overlay-opacity":"","overlay-gradient":""}},"footnotes":""},"categories":[113],"tags":[122,116,100,120,125,127,128,121,123,124,129,126],"class_list":["post-3329","post","type-post","status-publish","format-standard","has-post-thumbnail","hentry","category-salcedo-en","tag-andalusi","tag-apliques-de-farol","tag-artesania-salcedo","tag-el-alcazar-de-sevilla","tag-felipe-ii","tag-galeria","tag-grutescos","tag-jardines","tag-musulman","tag-patios","tag-pedro-i","tag-vermondo-resta"],"yoast_head":"<!-- This site is optimized with the Yoast SEO plugin v27.4 - https:\/\/yoast.com\/product\/yoast-seo-wordpress\/ -->\n<title>El Alc\u00e1zar de Sevilla y sus jardines | Faroles de forja y Mobiliario de forja art\u00edstica | Artesan\u00eda Salcedo Sevilla<\/title>\n<meta name=\"description\" content=\"Los jardines que rodean el Alc\u00e1zar de Sevilla son un lugar lleno de historia donde encontrar nuestro aplique de farol &quot;C\u00f3rdoba&quot;.\" \/>\n<meta name=\"robots\" content=\"index, follow, max-snippet:-1, max-image-preview:large, max-video-preview:-1\" \/>\n<link rel=\"canonical\" href=\"https:\/\/farolesdeforja.es\/en\/el-alcazar-de-sevilla-y-jardines\/\" \/>\n<meta property=\"og:locale\" content=\"en_US\" \/>\n<meta property=\"og:type\" content=\"article\" \/>\n<meta property=\"og:title\" content=\"El Alc\u00e1zar de Sevilla y sus jardines | Faroles de forja y Mobiliario de forja art\u00edstica | Artesan\u00eda Salcedo Sevilla\" \/>\n<meta property=\"og:description\" content=\"Los jardines que rodean el Alc\u00e1zar de Sevilla son un lugar lleno de historia donde encontrar nuestro aplique de farol &quot;C\u00f3rdoba&quot;.\" \/>\n<meta property=\"og:url\" content=\"https:\/\/farolesdeforja.es\/en\/el-alcazar-de-sevilla-y-jardines\/\" \/>\n<meta property=\"og:site_name\" content=\"Faroles de forja y Mobiliario de forja art\u00edstica | Artesan\u00eda Salcedo Sevilla\" \/>\n<meta property=\"article:publisher\" content=\"https:\/\/www.facebook.com\/salcedosevilla\" \/>\n<meta property=\"article:published_time\" content=\"2018-10-01T11:13:39+00:00\" \/>\n<meta property=\"article:modified_time\" content=\"2018-10-16T10:40:53+00:00\" \/>\n<meta property=\"og:image\" content=\"https:\/\/farolesdeforja.es\/wp-content\/uploads\/2018\/10\/el-alcazar-de-sevilla-y-jardines.jpg\" \/>\n\t<meta property=\"og:image:width\" content=\"1280\" \/>\n\t<meta property=\"og:image:height\" content=\"847\" \/>\n\t<meta property=\"og:image:type\" content=\"image\/jpeg\" \/>\n<meta name=\"author\" content=\"Salcedo artesan\u00eda\" \/>\n<meta name=\"twitter:card\" content=\"summary_large_image\" \/>\n<meta name=\"twitter:label1\" content=\"Written by\" \/>\n\t<meta name=\"twitter:data1\" content=\"Salcedo artesan\u00eda\" \/>\n\t<meta name=\"twitter:label2\" content=\"Est. reading time\" \/>\n\t<meta name=\"twitter:data2\" content=\"3 minutes\" \/>\n<script type=\"application\/ld+json\" class=\"yoast-schema-graph\">{\"@context\":\"https:\\\/\\\/schema.org\",\"@graph\":[{\"@type\":\"Article\",\"@id\":\"https:\\\/\\\/farolesdeforja.es\\\/en\\\/el-alcazar-de-sevilla-y-jardines\\\/#article\",\"isPartOf\":{\"@id\":\"https:\\\/\\\/farolesdeforja.es\\\/en\\\/el-alcazar-de-sevilla-y-jardines\\\/\"},\"author\":{\"name\":\"Salcedo artesan\u00eda\",\"@id\":\"https:\\\/\\\/farolesdeforja.es\\\/en\\\/#\\\/schema\\\/person\\\/185596d815bcbc7cda6427e9ad4b8b6f\"},\"headline\":\"El Alc\u00e1zar de Sevilla y sus jardines\",\"datePublished\":\"2018-10-01T11:13:39+00:00\",\"dateModified\":\"2018-10-16T10:40:53+00:00\",\"mainEntityOfPage\":{\"@id\":\"https:\\\/\\\/farolesdeforja.es\\\/en\\\/el-alcazar-de-sevilla-y-jardines\\\/\"},\"wordCount\":602,\"commentCount\":0,\"publisher\":{\"@id\":\"https:\\\/\\\/farolesdeforja.es\\\/en\\\/#organization\"},\"image\":{\"@id\":\"https:\\\/\\\/farolesdeforja.es\\\/en\\\/el-alcazar-de-sevilla-y-jardines\\\/#primaryimage\"},\"thumbnailUrl\":\"https:\\\/\\\/farolesdeforja.es\\\/wp-content\\\/uploads\\\/2018\\\/10\\\/el-alcazar-de-sevilla-y-jardines.jpg\",\"keywords\":[\"andalus\u00ed\",\"apliques de farol\",\"artesan\u00eda salcedo\",\"el alc\u00e1zar de sevilla\",\"felipe ii\",\"galer\u00eda\",\"grutescos\",\"jardines\",\"musulman\",\"patios\",\"pedro i\",\"vermondo resta\"],\"articleSection\":[\"Salcedo en...\"],\"inLanguage\":\"en-US\"},{\"@type\":\"WebPage\",\"@id\":\"https:\\\/\\\/farolesdeforja.es\\\/en\\\/el-alcazar-de-sevilla-y-jardines\\\/\",\"url\":\"https:\\\/\\\/farolesdeforja.es\\\/en\\\/el-alcazar-de-sevilla-y-jardines\\\/\",\"name\":\"El Alc\u00e1zar de Sevilla y sus jardines | Faroles de forja y Mobiliario de forja art\u00edstica | Artesan\u00eda Salcedo Sevilla\",\"isPartOf\":{\"@id\":\"https:\\\/\\\/farolesdeforja.es\\\/en\\\/#website\"},\"primaryImageOfPage\":{\"@id\":\"https:\\\/\\\/farolesdeforja.es\\\/en\\\/el-alcazar-de-sevilla-y-jardines\\\/#primaryimage\"},\"image\":{\"@id\":\"https:\\\/\\\/farolesdeforja.es\\\/en\\\/el-alcazar-de-sevilla-y-jardines\\\/#primaryimage\"},\"thumbnailUrl\":\"https:\\\/\\\/farolesdeforja.es\\\/wp-content\\\/uploads\\\/2018\\\/10\\\/el-alcazar-de-sevilla-y-jardines.jpg\",\"datePublished\":\"2018-10-01T11:13:39+00:00\",\"dateModified\":\"2018-10-16T10:40:53+00:00\",\"description\":\"Los jardines que rodean el Alc\u00e1zar de Sevilla son un lugar lleno de historia donde encontrar nuestro aplique de farol \\\"C\u00f3rdoba\\\".\",\"breadcrumb\":{\"@id\":\"https:\\\/\\\/farolesdeforja.es\\\/en\\\/el-alcazar-de-sevilla-y-jardines\\\/#breadcrumb\"},\"inLanguage\":\"en-US\",\"potentialAction\":[{\"@type\":\"ReadAction\",\"target\":[\"https:\\\/\\\/farolesdeforja.es\\\/en\\\/el-alcazar-de-sevilla-y-jardines\\\/\"]}]},{\"@type\":\"ImageObject\",\"inLanguage\":\"en-US\",\"@id\":\"https:\\\/\\\/farolesdeforja.es\\\/en\\\/el-alcazar-de-sevilla-y-jardines\\\/#primaryimage\",\"url\":\"https:\\\/\\\/farolesdeforja.es\\\/wp-content\\\/uploads\\\/2018\\\/10\\\/el-alcazar-de-sevilla-y-jardines.jpg\",\"contentUrl\":\"https:\\\/\\\/farolesdeforja.es\\\/wp-content\\\/uploads\\\/2018\\\/10\\\/el-alcazar-de-sevilla-y-jardines.jpg\",\"width\":1280,\"height\":847,\"caption\":\"El Alc\u00e1zar de Sevilla y sus jardines\"},{\"@type\":\"BreadcrumbList\",\"@id\":\"https:\\\/\\\/farolesdeforja.es\\\/en\\\/el-alcazar-de-sevilla-y-jardines\\\/#breadcrumb\",\"itemListElement\":[{\"@type\":\"ListItem\",\"position\":1,\"name\":\"Inicio\",\"item\":\"https:\\\/\\\/farolesdeforja.es\\\/en\\\/\"},{\"@type\":\"ListItem\",\"position\":2,\"name\":\"El Alc\u00e1zar de Sevilla y sus jardines\"}]},{\"@type\":\"WebSite\",\"@id\":\"https:\\\/\\\/farolesdeforja.es\\\/en\\\/#website\",\"url\":\"https:\\\/\\\/farolesdeforja.es\\\/en\\\/\",\"name\":\"Faroles de forja y Mobiliario de forja art\u00edstica | Artesan\u00eda Salcedo Sevilla\",\"description\":\"Faroles de forja y mobiliario fabricados de forma artesanal desde 1971. Artesan\u00eda Salcedo es referente en forja art\u00edstica en Sevilla. Compra online de faroles de forja y env\u00edo GRATIS en casi todos los art\u00edculos \u00a1Personalizamos cualquier pieza!\",\"publisher\":{\"@id\":\"https:\\\/\\\/farolesdeforja.es\\\/en\\\/#organization\"},\"alternateName\":\"Salcedo Sevilla\",\"potentialAction\":[{\"@type\":\"SearchAction\",\"target\":{\"@type\":\"EntryPoint\",\"urlTemplate\":\"https:\\\/\\\/farolesdeforja.es\\\/en\\\/?s={search_term_string}\"},\"query-input\":{\"@type\":\"PropertyValueSpecification\",\"valueRequired\":true,\"valueName\":\"search_term_string\"}}],\"inLanguage\":\"en-US\"},{\"@type\":\"Organization\",\"@id\":\"https:\\\/\\\/farolesdeforja.es\\\/en\\\/#organization\",\"name\":\"Salcedo Sevilla\",\"url\":\"https:\\\/\\\/farolesdeforja.es\\\/en\\\/\",\"logo\":{\"@type\":\"ImageObject\",\"inLanguage\":\"en-US\",\"@id\":\"https:\\\/\\\/farolesdeforja.es\\\/en\\\/#\\\/schema\\\/logo\\\/image\\\/\",\"url\":\"https:\\\/\\\/farolesdeforja.es\\\/wp-content\\\/uploads\\\/2018\\\/04\\\/cropped-favicon.png\",\"contentUrl\":\"https:\\\/\\\/farolesdeforja.es\\\/wp-content\\\/uploads\\\/2018\\\/04\\\/cropped-favicon.png\",\"width\":512,\"height\":512,\"caption\":\"Salcedo Sevilla\"},\"image\":{\"@id\":\"https:\\\/\\\/farolesdeforja.es\\\/en\\\/#\\\/schema\\\/logo\\\/image\\\/\"},\"sameAs\":[\"https:\\\/\\\/www.facebook.com\\\/salcedosevilla\",\"https:\\\/\\\/www.instagram.com\\\/farolesdeforja\\\/\",\"https:\\\/\\\/www.pinterest.com\\\/Farolesdeforja\\\/\"]},{\"@type\":\"Person\",\"@id\":\"https:\\\/\\\/farolesdeforja.es\\\/en\\\/#\\\/schema\\\/person\\\/185596d815bcbc7cda6427e9ad4b8b6f\",\"name\":\"Salcedo artesan\u00eda\",\"image\":{\"@type\":\"ImageObject\",\"inLanguage\":\"en-US\",\"@id\":\"https:\\\/\\\/secure.gravatar.com\\\/avatar\\\/af0373de48c8f9f53bceda0eebe2f6e70f9d33d141bdb4966578d880b0105244?s=96&d=mm&r=g\",\"url\":\"https:\\\/\\\/secure.gravatar.com\\\/avatar\\\/af0373de48c8f9f53bceda0eebe2f6e70f9d33d141bdb4966578d880b0105244?s=96&d=mm&r=g\",\"contentUrl\":\"https:\\\/\\\/secure.gravatar.com\\\/avatar\\\/af0373de48c8f9f53bceda0eebe2f6e70f9d33d141bdb4966578d880b0105244?s=96&d=mm&r=g\",\"caption\":\"Salcedo artesan\u00eda\"}}]}<\/script>\n<!-- \/ Yoast SEO plugin. -->","yoast_head_json":{"title":"El Alc\u00e1zar de Sevilla y sus jardines | Faroles de forja y Mobiliario de forja art\u00edstica | Artesan\u00eda Salcedo Sevilla","description":"Los jardines que rodean el Alc\u00e1zar de Sevilla son un lugar lleno de historia donde encontrar nuestro aplique de farol \"C\u00f3rdoba\".","robots":{"index":"index","follow":"follow","max-snippet":"max-snippet:-1","max-image-preview":"max-image-preview:large","max-video-preview":"max-video-preview:-1"},"canonical":"https:\/\/farolesdeforja.es\/en\/el-alcazar-de-sevilla-y-jardines\/","og_locale":"en_US","og_type":"article","og_title":"El Alc\u00e1zar de Sevilla y sus jardines | Faroles de forja y Mobiliario de forja art\u00edstica | Artesan\u00eda Salcedo Sevilla","og_description":"Los jardines que rodean el Alc\u00e1zar de Sevilla son un lugar lleno de historia donde encontrar nuestro aplique de farol \"C\u00f3rdoba\".","og_url":"https:\/\/farolesdeforja.es\/en\/el-alcazar-de-sevilla-y-jardines\/","og_site_name":"Faroles de forja y Mobiliario de forja art\u00edstica | Artesan\u00eda Salcedo Sevilla","article_publisher":"https:\/\/www.facebook.com\/salcedosevilla","article_published_time":"2018-10-01T11:13:39+00:00","article_modified_time":"2018-10-16T10:40:53+00:00","og_image":[{"width":1280,"height":847,"url":"https:\/\/farolesdeforja.es\/wp-content\/uploads\/2018\/10\/el-alcazar-de-sevilla-y-jardines.jpg","type":"image\/jpeg"}],"author":"Salcedo artesan\u00eda","twitter_card":"summary_large_image","twitter_misc":{"Written by":"Salcedo artesan\u00eda","Est. reading time":"3 minutes"},"schema":{"@context":"https:\/\/schema.org","@graph":[{"@type":"Article","@id":"https:\/\/farolesdeforja.es\/en\/el-alcazar-de-sevilla-y-jardines\/#article","isPartOf":{"@id":"https:\/\/farolesdeforja.es\/en\/el-alcazar-de-sevilla-y-jardines\/"},"author":{"name":"Salcedo artesan\u00eda","@id":"https:\/\/farolesdeforja.es\/en\/#\/schema\/person\/185596d815bcbc7cda6427e9ad4b8b6f"},"headline":"El Alc\u00e1zar de Sevilla y sus jardines","datePublished":"2018-10-01T11:13:39+00:00","dateModified":"2018-10-16T10:40:53+00:00","mainEntityOfPage":{"@id":"https:\/\/farolesdeforja.es\/en\/el-alcazar-de-sevilla-y-jardines\/"},"wordCount":602,"commentCount":0,"publisher":{"@id":"https:\/\/farolesdeforja.es\/en\/#organization"},"image":{"@id":"https:\/\/farolesdeforja.es\/en\/el-alcazar-de-sevilla-y-jardines\/#primaryimage"},"thumbnailUrl":"https:\/\/farolesdeforja.es\/wp-content\/uploads\/2018\/10\/el-alcazar-de-sevilla-y-jardines.jpg","keywords":["andalus\u00ed","apliques de farol","artesan\u00eda salcedo","el alc\u00e1zar de sevilla","felipe ii","galer\u00eda","grutescos","jardines","musulman","patios","pedro i","vermondo resta"],"articleSection":["Salcedo en..."],"inLanguage":"en-US"},{"@type":"WebPage","@id":"https:\/\/farolesdeforja.es\/en\/el-alcazar-de-sevilla-y-jardines\/","url":"https:\/\/farolesdeforja.es\/en\/el-alcazar-de-sevilla-y-jardines\/","name":"El Alc\u00e1zar de Sevilla y sus jardines | Faroles de forja y Mobiliario de forja art\u00edstica | Artesan\u00eda Salcedo Sevilla","isPartOf":{"@id":"https:\/\/farolesdeforja.es\/en\/#website"},"primaryImageOfPage":{"@id":"https:\/\/farolesdeforja.es\/en\/el-alcazar-de-sevilla-y-jardines\/#primaryimage"},"image":{"@id":"https:\/\/farolesdeforja.es\/en\/el-alcazar-de-sevilla-y-jardines\/#primaryimage"},"thumbnailUrl":"https:\/\/farolesdeforja.es\/wp-content\/uploads\/2018\/10\/el-alcazar-de-sevilla-y-jardines.jpg","datePublished":"2018-10-01T11:13:39+00:00","dateModified":"2018-10-16T10:40:53+00:00","description":"Los jardines que rodean el Alc\u00e1zar de Sevilla son un lugar lleno de historia donde encontrar nuestro aplique de farol \"C\u00f3rdoba\".","breadcrumb":{"@id":"https:\/\/farolesdeforja.es\/en\/el-alcazar-de-sevilla-y-jardines\/#breadcrumb"},"inLanguage":"en-US","potentialAction":[{"@type":"ReadAction","target":["https:\/\/farolesdeforja.es\/en\/el-alcazar-de-sevilla-y-jardines\/"]}]},{"@type":"ImageObject","inLanguage":"en-US","@id":"https:\/\/farolesdeforja.es\/en\/el-alcazar-de-sevilla-y-jardines\/#primaryimage","url":"https:\/\/farolesdeforja.es\/wp-content\/uploads\/2018\/10\/el-alcazar-de-sevilla-y-jardines.jpg","contentUrl":"https:\/\/farolesdeforja.es\/wp-content\/uploads\/2018\/10\/el-alcazar-de-sevilla-y-jardines.jpg","width":1280,"height":847,"caption":"El Alc\u00e1zar de Sevilla y sus jardines"},{"@type":"BreadcrumbList","@id":"https:\/\/farolesdeforja.es\/en\/el-alcazar-de-sevilla-y-jardines\/#breadcrumb","itemListElement":[{"@type":"ListItem","position":1,"name":"Inicio","item":"https:\/\/farolesdeforja.es\/en\/"},{"@type":"ListItem","position":2,"name":"El Alc\u00e1zar de Sevilla y sus jardines"}]},{"@type":"WebSite","@id":"https:\/\/farolesdeforja.es\/en\/#website","url":"https:\/\/farolesdeforja.es\/en\/","name":"Faroles de forja y Mobiliario de forja art\u00edstica | Artesan\u00eda Salcedo Sevilla","description":"Faroles de forja y mobiliario fabricados de forma artesanal desde 1971. Artesan\u00eda Salcedo es referente en forja art\u00edstica en Sevilla. Compra online de faroles de forja y env\u00edo GRATIS en casi todos los art\u00edculos \u00a1Personalizamos cualquier pieza!","publisher":{"@id":"https:\/\/farolesdeforja.es\/en\/#organization"},"alternateName":"Salcedo Sevilla","potentialAction":[{"@type":"SearchAction","target":{"@type":"EntryPoint","urlTemplate":"https:\/\/farolesdeforja.es\/en\/?s={search_term_string}"},"query-input":{"@type":"PropertyValueSpecification","valueRequired":true,"valueName":"search_term_string"}}],"inLanguage":"en-US"},{"@type":"Organization","@id":"https:\/\/farolesdeforja.es\/en\/#organization","name":"Salcedo Sevilla","url":"https:\/\/farolesdeforja.es\/en\/","logo":{"@type":"ImageObject","inLanguage":"en-US","@id":"https:\/\/farolesdeforja.es\/en\/#\/schema\/logo\/image\/","url":"https:\/\/farolesdeforja.es\/wp-content\/uploads\/2018\/04\/cropped-favicon.png","contentUrl":"https:\/\/farolesdeforja.es\/wp-content\/uploads\/2018\/04\/cropped-favicon.png","width":512,"height":512,"caption":"Salcedo Sevilla"},"image":{"@id":"https:\/\/farolesdeforja.es\/en\/#\/schema\/logo\/image\/"},"sameAs":["https:\/\/www.facebook.com\/salcedosevilla","https:\/\/www.instagram.com\/farolesdeforja\/","https:\/\/www.pinterest.com\/Farolesdeforja\/"]},{"@type":"Person","@id":"https:\/\/farolesdeforja.es\/en\/#\/schema\/person\/185596d815bcbc7cda6427e9ad4b8b6f","name":"Salcedo artesan\u00eda","image":{"@type":"ImageObject","inLanguage":"en-US","@id":"https:\/\/secure.gravatar.com\/avatar\/af0373de48c8f9f53bceda0eebe2f6e70f9d33d141bdb4966578d880b0105244?s=96&d=mm&r=g","url":"https:\/\/secure.gravatar.com\/avatar\/af0373de48c8f9f53bceda0eebe2f6e70f9d33d141bdb4966578d880b0105244?s=96&d=mm&r=g","contentUrl":"https:\/\/secure.gravatar.com\/avatar\/af0373de48c8f9f53bceda0eebe2f6e70f9d33d141bdb4966578d880b0105244?s=96&d=mm&r=g","caption":"Salcedo artesan\u00eda"}}]}},"uagb_featured_image_src":{"full":["https:\/\/farolesdeforja.es\/wp-content\/uploads\/2018\/10\/el-alcazar-de-sevilla-y-jardines.jpg",1280,847,false],"thumbnail":["https:\/\/farolesdeforja.es\/wp-content\/uploads\/2018\/10\/el-alcazar-de-sevilla-y-jardines-150x150.jpg",150,150,true],"medium":["https:\/\/farolesdeforja.es\/wp-content\/uploads\/2018\/10\/el-alcazar-de-sevilla-y-jardines-300x199.jpg",300,199,true],"medium_large":["https:\/\/farolesdeforja.es\/wp-content\/uploads\/2018\/10\/el-alcazar-de-sevilla-y-jardines-768x508.jpg",768,508,true],"large":["https:\/\/farolesdeforja.es\/wp-content\/uploads\/2018\/10\/el-alcazar-de-sevilla-y-jardines-1024x678.jpg",1024,678,true],"1536x1536":["https:\/\/farolesdeforja.es\/wp-content\/uploads\/2018\/10\/el-alcazar-de-sevilla-y-jardines.jpg",1280,847,false],"2048x2048":["https:\/\/farolesdeforja.es\/wp-content\/uploads\/2018\/10\/el-alcazar-de-sevilla-y-jardines.jpg",1280,847,false],"bdpp-medium":["https:\/\/farolesdeforja.es\/wp-content\/uploads\/2018\/10\/el-alcazar-de-sevilla-y-jardines.jpg",640,424,false],"woocommerce_thumbnail":["https:\/\/farolesdeforja.es\/wp-content\/uploads\/2018\/10\/el-alcazar-de-sevilla-y-jardines-300x300.jpg",300,300,true],"woocommerce_single":["https:\/\/farolesdeforja.es\/wp-content\/uploads\/2018\/10\/el-alcazar-de-sevilla-y-jardines-600x397.jpg",600,397,true],"woocommerce_gallery_thumbnail":["https:\/\/farolesdeforja.es\/wp-content\/uploads\/2018\/10\/el-alcazar-de-sevilla-y-jardines-100x100.jpg",100,100,true]},"uagb_author_info":{"display_name":"Salcedo artesan\u00eda","author_link":"https:\/\/farolesdeforja.es\/en\/author\/businessgo\/"},"uagb_comment_info":0,"uagb_excerpt":"Seguimos recorriendo el Alc\u00e1zar de Sevilla en busca de los rincones con el sello de Artesan\u00eda Salcedo. Si ya hablamos del aplique de farol &#8220;Rey Don Pedro&#8221; y la historia del monarca que le da nombre, esta vez nos trasladamos a los jardines. Sin duda, esta zona es una de las m\u00e1s conocidas y visitadas&hellip;","_links":{"self":[{"href":"https:\/\/farolesdeforja.es\/en\/wp-json\/wp\/v2\/posts\/3329","targetHints":{"allow":["GET"]}}],"collection":[{"href":"https:\/\/farolesdeforja.es\/en\/wp-json\/wp\/v2\/posts"}],"about":[{"href":"https:\/\/farolesdeforja.es\/en\/wp-json\/wp\/v2\/types\/post"}],"author":[{"embeddable":true,"href":"https:\/\/farolesdeforja.es\/en\/wp-json\/wp\/v2\/users\/1"}],"replies":[{"embeddable":true,"href":"https:\/\/farolesdeforja.es\/en\/wp-json\/wp\/v2\/comments?post=3329"}],"version-history":[{"count":0,"href":"https:\/\/farolesdeforja.es\/en\/wp-json\/wp\/v2\/posts\/3329\/revisions"}],"wp:featuredmedia":[{"embeddable":true,"href":"https:\/\/farolesdeforja.es\/en\/wp-json\/wp\/v2\/media\/3332"}],"wp:attachment":[{"href":"https:\/\/farolesdeforja.es\/en\/wp-json\/wp\/v2\/media?parent=3329"}],"wp:term":[{"taxonomy":"category","embeddable":true,"href":"https:\/\/farolesdeforja.es\/en\/wp-json\/wp\/v2\/categories?post=3329"},{"taxonomy":"post_tag","embeddable":true,"href":"https:\/\/farolesdeforja.es\/en\/wp-json\/wp\/v2\/tags?post=3329"}],"curies":[{"name":"wp","href":"https:\/\/api.w.org\/{rel}","templated":true}]}}