{"id":25594,"date":"2026-04-30T16:03:59","date_gmt":"2026-04-30T15:03:59","guid":{"rendered":"https:\/\/farolesdeforja.es\/?p=25594"},"modified":"2026-04-30T16:05:26","modified_gmt":"2026-04-30T15:05:26","slug":"faroles-de-techo-estilo-marinero-playa","status":"publish","type":"post","link":"https:\/\/farolesdeforja.es\/en\/faroles-de-techo-estilo-marinero-playa\/","title":{"rendered":"Faroles de techo estilo marinero: iluminaci\u00f3n perfecta para casas de playa"},"content":{"rendered":"\n<p>Hay algo especial en la luz junto al mar. No es solo iluminaci\u00f3n: es atm\u00f3sfera, calma, memoria. Es el reflejo del sol sobre el agua, las noches suaves de verano y el sonido lejano de las olas. Por eso, elegir bien la iluminaci\u00f3n es clave en cualquier vivienda costera. Y en ese escenario, los <strong>faroles de techo estilo marinero<\/strong> se convierten en aut\u00e9nticos protagonistas.<\/p>\n\n\n\n<p>Inspirados en los antiguos faroles de barcos y puertos, estos dise\u00f1os aportan car\u00e1cter, autenticidad y una conexi\u00f3n directa con el entorno mar\u00edtimo. No son solo l\u00e1mparas: son piezas que cuentan historias.<\/p>\n\n\n\n<div id=\"ez-toc-container\" class=\"ez-toc-v2_0_82_2 counter-hierarchy ez-toc-counter ez-toc-grey ez-toc-container-direction\">\n<p class=\"ez-toc-title\" style=\"cursor:inherit\">\u00cdndice del contenidos<\/p>\n<label for=\"ez-toc-cssicon-toggle-item-69f4996e167b3\" class=\"ez-toc-cssicon-toggle-label\"><span class=\"\"><span class=\"eztoc-hide\" style=\"display:none;\">Toggle<\/span><span class=\"ez-toc-icon-toggle-span\"><svg style=\"fill: #999;color:#999\" xmlns=\"http:\/\/www.w3.org\/2000\/svg\" class=\"list-377408\" width=\"20px\" height=\"20px\" viewBox=\"0 0 24 24\" fill=\"none\"><path d=\"M6 6H4v2h2V6zm14 0H8v2h12V6zM4 11h2v2H4v-2zm16 0H8v2h12v-2zM4 16h2v2H4v-2zm16 0H8v2h12v-2z\" fill=\"currentColor\"><\/path><\/svg><svg style=\"fill: #999;color:#999\" class=\"arrow-unsorted-368013\" xmlns=\"http:\/\/www.w3.org\/2000\/svg\" width=\"10px\" height=\"10px\" viewBox=\"0 0 24 24\" version=\"1.2\" baseProfile=\"tiny\"><path d=\"M18.2 9.3l-6.2-6.3-6.2 6.3c-.2.2-.3.4-.3.7s.1.5.3.7c.2.2.4.3.7.3h11c.3 0 .5-.1.7-.3.2-.2.3-.5.3-.7s-.1-.5-.3-.7zM5.8 14.7l6.2 6.3 6.2-6.3c.2-.2.3-.5.3-.7s-.1-.5-.3-.7c-.2-.2-.4-.3-.7-.3h-11c-.3 0-.5.1-.7.3-.2.2-.3.5-.3.7s.1.5.3.7z\"\/><\/svg><\/span><\/span><\/label><input type=\"checkbox\"  id=\"ez-toc-cssicon-toggle-item-69f4996e167b3\"  aria-label=\"Toggle\" \/><nav><ul class='ez-toc-list ez-toc-list-level-1 ' ><li class='ez-toc-page-1 ez-toc-heading-level-2'><a class=\"ez-toc-link ez-toc-heading-1\" href=\"https:\/\/farolesdeforja.es\/en\/faroles-de-techo-estilo-marinero-playa\/#%C2%BFPor_que_elegir_faroles_de_techo_estilo_marinero\" >\u00bfPor qu\u00e9 elegir faroles de techo estilo marinero?<\/a><\/li><li class='ez-toc-page-1 ez-toc-heading-level-2'><a class=\"ez-toc-link ez-toc-heading-2\" href=\"https:\/\/farolesdeforja.es\/en\/faroles-de-techo-estilo-marinero-playa\/#%C2%BFComo_crear_una_atmosfera_marinera_autentica\" >\u00bfC\u00f3mo crear una atm\u00f3sfera marinera aut\u00e9ntica?<\/a><\/li><li class='ez-toc-page-1 ez-toc-heading-level-2'><a class=\"ez-toc-link ez-toc-heading-3\" href=\"https:\/\/farolesdeforja.es\/en\/faroles-de-techo-estilo-marinero-playa\/#5_faroles_de_techo_de_estilo_marinero\" >5 faroles de techo de estilo marinero<\/a><ul class='ez-toc-list-level-3' ><li class='ez-toc-heading-level-3'><a class=\"ez-toc-link ez-toc-heading-4\" href=\"https:\/\/farolesdeforja.es\/en\/faroles-de-techo-estilo-marinero-playa\/#Farol_Lures_la_esencia_del_puerto\" >Farol Lures: la esencia del puerto<\/a><\/li><li class='ez-toc-page-1 ez-toc-heading-level-3'><a class=\"ez-toc-link ez-toc-heading-5\" href=\"https:\/\/farolesdeforja.es\/en\/faroles-de-techo-estilo-marinero-playa\/#Farol_Eurico_un_guino_al_Mediterraneo\" >Farol Eurico: un gui\u00f1o al Mediterr\u00e1neo<\/a><\/li><li class='ez-toc-page-1 ez-toc-heading-level-3'><a class=\"ez-toc-link ez-toc-heading-6\" href=\"https:\/\/farolesdeforja.es\/en\/faroles-de-techo-estilo-marinero-playa\/#Farol_Andujar_nostalgia_costera\" >Farol And\u00fajar: nostalgia costera<\/a><\/li><li class='ez-toc-page-1 ez-toc-heading-level-3'><a class=\"ez-toc-link ez-toc-heading-7\" href=\"https:\/\/farolesdeforja.es\/en\/faroles-de-techo-estilo-marinero-playa\/#Farol_Valiente_caracter_y_resistencia\" >Farol Valiente: car\u00e1cter y resistencia<\/a><\/li><li class='ez-toc-page-1 ez-toc-heading-level-3'><a class=\"ez-toc-link ez-toc-heading-8\" href=\"https:\/\/farolesdeforja.es\/en\/faroles-de-techo-estilo-marinero-playa\/#Farol_Triana_elegancia_junto_al_mar\" >Farol Triana: elegancia junto al mar<\/a><\/li><\/ul><\/li><li class='ez-toc-page-1 ez-toc-heading-level-2'><a class=\"ez-toc-link ez-toc-heading-9\" href=\"https:\/\/farolesdeforja.es\/en\/faroles-de-techo-estilo-marinero-playa\/#La_luz_que_encaja_con_el_mar\" >La luz que encaja con el mar<\/a><\/li><\/ul><\/nav><\/div>\n<h2 class=\"wp-block-heading\"><span class=\"ez-toc-section\" id=\"%C2%BFPor_que_elegir_faroles_de_techo_estilo_marinero\"><\/span>\u00bfPor qu\u00e9 elegir faroles de techo estilo marinero?<span class=\"ez-toc-section-end\"><\/span><\/h2>\n\n\n\n<p>El encanto de los <strong><a href=\"https:\/\/farolesdeforja.es\/faroles-decorar-casa-de-verano\/\">faroles para decorar una casa de verano<\/a><\/strong> reside en su capacidad para evocar sin esfuerzo. Sus formas sencillas, sus materiales resistentes y sus acabados artesanales recuerdan a otra \u00e9poca, donde la funcionalidad y la belleza iban de la mano.<\/p>\n\n\n\n<p>En una casa de playa, este tipo de iluminaci\u00f3n aporta:<\/p>\n\n\n\n<ul class=\"wp-block-list\">\n<li>Una <strong>luz c\u00e1lida y envolvente<\/strong>, perfecta para ambientes relajados<\/li>\n\n\n\n<li><strong>Resistencia<\/strong> frente a la humedad y el paso del tiempo<\/li>\n\n\n\n<li>Una est\u00e9tica <strong>atemporal<\/strong>, siempre ligada al mar<\/li>\n\n\n\n<li>Versatilidad para interiores y exteriores<\/li>\n<\/ul>\n\n\n\n<p>Combinan especialmente bien con maderas claras, tejidos naturales y la cl\u00e1sica paleta de blancos, azules y tonos arena.<\/p>\n\n\n\n<h2 class=\"wp-block-heading\"><span class=\"ez-toc-section\" id=\"%C2%BFComo_crear_una_atmosfera_marinera_autentica\"><\/span>\u00bfC\u00f3mo crear una atm\u00f3sfera marinera aut\u00e9ntica?<span class=\"ez-toc-section-end\"><\/span><\/h2>\n\n\n\n<p>La clave no est\u00e1 solo en elegir el farol adecuado, sino en c\u00f3mo se integra en el espacio. La luz debe fluir de forma natural, acompa\u00f1ando el ambiente sin imponerse.<\/p>\n\n\n\n<p>Para lograrlo:<\/p>\n\n\n\n<ul class=\"wp-block-list\">\n<li>Apuesta por <strong>materiales naturales<\/strong><\/li>\n\n\n\n<li>Mant\u00e9n una decoraci\u00f3n ligera y sin excesos<\/li>\n\n\n\n<li>Deja que la luz cree rincones acogedores<\/li>\n\n\n\n<li>Combina distintos puntos de iluminaci\u00f3n para mayor calidez<\/li>\n<\/ul>\n\n\n\n<p>En una casa de playa, menos siempre es m\u00e1s.<\/p>\n\n\n\n<p class=\"has-text-align-center\"><strong>\ud83d\udca1 <a href=\"https:\/\/farolesdeforja.es\/como-decorar-casa-playa-faroles-lamparas\/\">\u00bfC\u00f3mo decorar una casa en la playa con faroles y l\u00e1mparas?<\/a><\/strong><\/p>\n\n\n\n<h2 class=\"wp-block-heading\"><span class=\"ez-toc-section\" id=\"5_faroles_de_techo_de_estilo_marinero\"><\/span>5 faroles de techo de estilo marinero<span class=\"ez-toc-section-end\"><\/span><\/h2>\n\n\n\n<h3 class=\"wp-block-heading\"><span class=\"ez-toc-section\" id=\"Farol_Lures_la_esencia_del_puerto\"><\/span><a href=\"https:\/\/farolesdeforja.es\/tienda\/faroles\/faroles-de-techo\/farol-lures\/\">Farol Lures: la esencia del puerto<\/a><span class=\"ez-toc-section-end\"><\/span><\/h3>\n\n\n\n<figure class=\"wp-block-image size-full is-resized\"><img loading=\"lazy\" decoding=\"async\" width=\"800\" height=\"800\" src=\"https:\/\/farolesdeforja.es\/wp-content\/uploads\/2018\/05\/farol-lures-72cm-x-30cm-chapa-galvanizada-1.jpg\" alt=\"Farol de forja cobre\" class=\"wp-image-715\" style=\"width:314px;height:auto\" srcset=\"https:\/\/farolesdeforja.es\/wp-content\/uploads\/2018\/05\/farol-lures-72cm-x-30cm-chapa-galvanizada-1.jpg 800w, https:\/\/farolesdeforja.es\/wp-content\/uploads\/2018\/05\/farol-lures-72cm-x-30cm-chapa-galvanizada-1-300x300.jpg 300w, https:\/\/farolesdeforja.es\/wp-content\/uploads\/2018\/05\/farol-lures-72cm-x-30cm-chapa-galvanizada-1-150x150.jpg 150w, https:\/\/farolesdeforja.es\/wp-content\/uploads\/2018\/05\/farol-lures-72cm-x-30cm-chapa-galvanizada-1-768x768.jpg 768w, https:\/\/farolesdeforja.es\/wp-content\/uploads\/2018\/05\/farol-lures-72cm-x-30cm-chapa-galvanizada-1-600x600.jpg 600w, https:\/\/farolesdeforja.es\/wp-content\/uploads\/2018\/05\/farol-lures-72cm-x-30cm-chapa-galvanizada-1-100x100.jpg 100w\" sizes=\"auto, (max-width: 800px) 100vw, 800px\" \/><\/figure>\n\n\n\n<p>Un dise\u00f1o sobrio y aut\u00e9ntico que remite directamente a los faroles de embarcaciones tradicionales. Perfecto para quienes buscan una conexi\u00f3n pura con lo n\u00e1utico.<\/p>\n\n\n\n<h3 class=\"wp-block-heading\"><span class=\"ez-toc-section\" id=\"Farol_Eurico_un_guino_al_Mediterraneo\"><\/span><a href=\"https:\/\/farolesdeforja.es\/tienda\/faroles\/faroles-de-techo\/farol-eurico\/\">Farol Eurico: un gui\u00f1o al Mediterr\u00e1neo<\/a><span class=\"ez-toc-section-end\"><\/span><\/h3>\n\n\n\n<figure class=\"wp-block-image size-full is-resized\"><img loading=\"lazy\" decoding=\"async\" width=\"800\" height=\"800\" src=\"https:\/\/farolesdeforja.es\/wp-content\/uploads\/2018\/05\/farol-de-hierro-eurico-78cm-x-40cm-chapa-galvanizada.jpg\" alt=\"Farol de forja azul\" class=\"wp-image-475\" style=\"width:299px;height:auto\" srcset=\"https:\/\/farolesdeforja.es\/wp-content\/uploads\/2018\/05\/farol-de-hierro-eurico-78cm-x-40cm-chapa-galvanizada.jpg 800w, https:\/\/farolesdeforja.es\/wp-content\/uploads\/2018\/05\/farol-de-hierro-eurico-78cm-x-40cm-chapa-galvanizada-300x300.jpg 300w, https:\/\/farolesdeforja.es\/wp-content\/uploads\/2018\/05\/farol-de-hierro-eurico-78cm-x-40cm-chapa-galvanizada-150x150.jpg 150w, https:\/\/farolesdeforja.es\/wp-content\/uploads\/2018\/05\/farol-de-hierro-eurico-78cm-x-40cm-chapa-galvanizada-768x768.jpg 768w, https:\/\/farolesdeforja.es\/wp-content\/uploads\/2018\/05\/farol-de-hierro-eurico-78cm-x-40cm-chapa-galvanizada-600x600.jpg 600w, https:\/\/farolesdeforja.es\/wp-content\/uploads\/2018\/05\/farol-de-hierro-eurico-78cm-x-40cm-chapa-galvanizada-100x100.jpg 100w\" sizes=\"auto, (max-width: 800px) 100vw, 800px\" \/><\/figure>\n\n\n\n<p>Con posibilidad de acabados en azul, este modelo captura la frescura del mar y la luz del sur. Ideal para espacios donde la decoraci\u00f3n quiere respirar verano.<\/p>\n\n\n\n<h3 class=\"wp-block-heading\"><span class=\"ez-toc-section\" id=\"Farol_Andujar_nostalgia_costera\"><\/span><a href=\"https:\/\/farolesdeforja.es\/tienda\/faroles\/faroles-de-techo\/farol-andujar\/\">Farol And\u00fajar: nostalgia costera<\/a><span class=\"ez-toc-section-end\"><\/span><\/h3>\n\n\n\n<figure class=\"wp-block-image size-full is-resized\"><img loading=\"lazy\" decoding=\"async\" width=\"800\" height=\"800\" src=\"https:\/\/farolesdeforja.es\/wp-content\/uploads\/2018\/05\/f.-andjar-56cm-x-25cm-chapa-galvanizada.jpg\" alt=\"Farol de forja vintage\" class=\"wp-image-366\" style=\"width:297px;height:auto\" srcset=\"https:\/\/farolesdeforja.es\/wp-content\/uploads\/2018\/05\/f.-andjar-56cm-x-25cm-chapa-galvanizada.jpg 800w, https:\/\/farolesdeforja.es\/wp-content\/uploads\/2018\/05\/f.-andjar-56cm-x-25cm-chapa-galvanizada-300x300.jpg 300w, https:\/\/farolesdeforja.es\/wp-content\/uploads\/2018\/05\/f.-andjar-56cm-x-25cm-chapa-galvanizada-150x150.jpg 150w, https:\/\/farolesdeforja.es\/wp-content\/uploads\/2018\/05\/f.-andjar-56cm-x-25cm-chapa-galvanizada-768x768.jpg 768w, https:\/\/farolesdeforja.es\/wp-content\/uploads\/2018\/05\/f.-andjar-56cm-x-25cm-chapa-galvanizada-600x600.jpg 600w, https:\/\/farolesdeforja.es\/wp-content\/uploads\/2018\/05\/f.-andjar-56cm-x-25cm-chapa-galvanizada-100x100.jpg 100w\" sizes=\"auto, (max-width: 800px) 100vw, 800px\" \/><\/figure>\n\n\n\n<p>Compacto y con aire vintage, recuerda a antiguas casas de pescadores. Aporta calidez y un toque acogedor dif\u00edcil de igualar.<\/p>\n\n\n\n<h3 class=\"wp-block-heading\"><span class=\"ez-toc-section\" id=\"Farol_Valiente_caracter_y_resistencia\"><\/span><a href=\"https:\/\/farolesdeforja.es\/tienda\/faroles\/faroles-de-techo\/farol-de-hierro-valiente\/\">Farol Valiente: car\u00e1cter y resistencia<\/a><span class=\"ez-toc-section-end\"><\/span><\/h3>\n\n\n\n<figure class=\"wp-block-image size-full is-resized\"><img loading=\"lazy\" decoding=\"async\" width=\"800\" height=\"800\" src=\"https:\/\/farolesdeforja.es\/wp-content\/uploads\/2018\/05\/farol-de-hierro-valiente-80cm-x-40cm-1xe27.jpg\" alt=\"Farol de forja en hierro\" class=\"wp-image-859\" style=\"width:300px;height:auto\" srcset=\"https:\/\/farolesdeforja.es\/wp-content\/uploads\/2018\/05\/farol-de-hierro-valiente-80cm-x-40cm-1xe27.jpg 800w, https:\/\/farolesdeforja.es\/wp-content\/uploads\/2018\/05\/farol-de-hierro-valiente-80cm-x-40cm-1xe27-300x300.jpg 300w, https:\/\/farolesdeforja.es\/wp-content\/uploads\/2018\/05\/farol-de-hierro-valiente-80cm-x-40cm-1xe27-150x150.jpg 150w, https:\/\/farolesdeforja.es\/wp-content\/uploads\/2018\/05\/farol-de-hierro-valiente-80cm-x-40cm-1xe27-768x768.jpg 768w, https:\/\/farolesdeforja.es\/wp-content\/uploads\/2018\/05\/farol-de-hierro-valiente-80cm-x-40cm-1xe27-600x600.jpg 600w, https:\/\/farolesdeforja.es\/wp-content\/uploads\/2018\/05\/farol-de-hierro-valiente-80cm-x-40cm-1xe27-100x100.jpg 100w\" sizes=\"auto, (max-width: 800px) 100vw, 800px\" \/><\/figure>\n\n\n\n<p>Robusto, firme, pensado para soportar el exterior. Evoca la iluminaci\u00f3n de muelles y fachadas frente al mar.<\/p>\n\n\n\n<h3 class=\"wp-block-heading\"><span class=\"ez-toc-section\" id=\"Farol_Triana_elegancia_junto_al_mar\"><\/span><a href=\"https:\/\/farolesdeforja.es\/tienda\/faroles\/faroles-de-techo\/farol-triana\/\">Farol Triana: elegancia junto al mar<\/a><span class=\"ez-toc-section-end\"><\/span><\/h3>\n\n\n\n<figure class=\"wp-block-image size-full is-resized\"><img loading=\"lazy\" decoding=\"async\" width=\"800\" height=\"800\" src=\"https:\/\/farolesdeforja.es\/wp-content\/uploads\/2018\/05\/farol-triana-1xe27.jpg\" alt=\"Farol de forja geom\u00e9trico dorado\" class=\"wp-image-784\" style=\"width:299px;height:auto\" srcset=\"https:\/\/farolesdeforja.es\/wp-content\/uploads\/2018\/05\/farol-triana-1xe27.jpg 800w, https:\/\/farolesdeforja.es\/wp-content\/uploads\/2018\/05\/farol-triana-1xe27-300x300.jpg 300w, https:\/\/farolesdeforja.es\/wp-content\/uploads\/2018\/05\/farol-triana-1xe27-150x150.jpg 150w, https:\/\/farolesdeforja.es\/wp-content\/uploads\/2018\/05\/farol-triana-1xe27-768x768.jpg 768w, https:\/\/farolesdeforja.es\/wp-content\/uploads\/2018\/05\/farol-triana-1xe27-600x600.jpg 600w, https:\/\/farolesdeforja.es\/wp-content\/uploads\/2018\/05\/farol-triana-1xe27-100x100.jpg 100w\" sizes=\"auto, (max-width: 800px) 100vw, 800px\" \/><\/figure>\n\n\n\n<p>M\u00e1s refinado, con l\u00edneas geom\u00e9tricas y cristal. Una versi\u00f3n sofisticada del estilo marinero para interiores cuidados.<\/p>\n\n\n\n<h2 class=\"wp-block-heading\"><span class=\"ez-toc-section\" id=\"La_luz_que_encaja_con_el_mar\"><\/span>La luz que encaja con el mar<span class=\"ez-toc-section-end\"><\/span><\/h2>\n\n\n\n<p>Incorporar <strong>faroles de techo estilo marinero<\/strong> es mucho m\u00e1s que una decisi\u00f3n est\u00e9tica. Es una forma de llevar el mar al interior de tu hogar, de prolongar esa sensaci\u00f3n de libertad y tranquilidad que solo se encuentra junto a la costa.<\/p>\n\n\n\n<p>Cada uno de estos modelos aporta una interpretaci\u00f3n distinta del estilo n\u00e1utico, pero todos comparten algo esencial: la capacidad de transformar un espacio en un refugio lleno de calma y personalidad.<\/p>\n\n\n\n<p>Porque al final, no se trata solo de iluminar\u2026 sino de crear un lugar donde siempre apetezca quedarse.<\/p>\n\n\n\n<p class=\"has-text-align-center\"><strong>\ud83d\udd0e <a href=\"https:\/\/farolesdeforja.es\/faroles-de-techo\/\">Consulta el cat\u00e1logo de faroles de Artesan\u00eda Salcedo<\/a>.<\/strong><\/p>\n","protected":false},"excerpt":{"rendered":"<p>Hay algo especial en la luz junto al mar. No es solo iluminaci\u00f3n: es atm\u00f3sfera, calma, memoria. Es el reflejo del sol sobre el agua, las noches suaves de verano y el sonido lejano de las olas. Por eso, elegir bien la iluminaci\u00f3n es clave en cualquier vivienda costera. Y en ese escenario, los faroles [&hellip;]<\/p>\n","protected":false},"author":1,"featured_media":25597,"comment_status":"closed","ping_status":"closed","sticky":false,"template":"","format":"standard","meta":{"inline_featured_image":false,"_uag_custom_page_level_css":"","site-sidebar-layout":"default","site-content-layout":"","ast-site-content-layout":"default","site-content-style":"default","site-sidebar-style":"default","ast-global-header-display":"","ast-banner-title-visibility":"","ast-main-header-display":"","ast-hfb-above-header-display":"","ast-hfb-below-header-display":"","ast-hfb-mobile-header-display":"","site-post-title":"","ast-breadcrumbs-content":"","ast-featured-img":"","footer-sml-layout":"","ast-disable-related-posts":"","theme-transparent-header-meta":"","adv-header-id-meta":"","stick-header-meta":"","header-above-stick-meta":"","header-main-stick-meta":"","header-below-stick-meta":"","astra-migrate-meta-layouts":"default","ast-page-background-enabled":"default","ast-page-background-meta":{"desktop":{"background-color":"var(--ast-global-color-4)","background-image":"","background-repeat":"repeat","background-position":"center center","background-size":"auto","background-attachment":"scroll","background-type":"","background-media":"","overlay-type":"","overlay-color":"","overlay-opacity":"","overlay-gradient":""},"tablet":{"background-color":"","background-image":"","background-repeat":"repeat","background-position":"center center","background-size":"auto","background-attachment":"scroll","background-type":"","background-media":"","overlay-type":"","overlay-color":"","overlay-opacity":"","overlay-gradient":""},"mobile":{"background-color":"","background-image":"","background-repeat":"repeat","background-position":"center center","background-size":"auto","background-attachment":"scroll","background-type":"","background-media":"","overlay-type":"","overlay-color":"","overlay-opacity":"","overlay-gradient":""}},"ast-content-background-meta":{"desktop":{"background-color":"var(--ast-global-color-5)","background-image":"","background-repeat":"repeat","background-position":"center center","background-size":"auto","background-attachment":"scroll","background-type":"","background-media":"","overlay-type":"","overlay-color":"","overlay-opacity":"","overlay-gradient":""},"tablet":{"background-color":"var(--ast-global-color-5)","background-image":"","background-repeat":"repeat","background-position":"center center","background-size":"auto","background-attachment":"scroll","background-type":"","background-media":"","overlay-type":"","overlay-color":"","overlay-opacity":"","overlay-gradient":""},"mobile":{"background-color":"var(--ast-global-color-5)","background-image":"","background-repeat":"repeat","background-position":"center center","background-size":"auto","background-attachment":"scroll","background-type":"","background-media":"","overlay-type":"","overlay-color":"","overlay-opacity":"","overlay-gradient":""}},"footnotes":""},"categories":[218],"tags":[781,103,359],"class_list":["post-25594","post","type-post","status-publish","format-standard","has-post-thumbnail","hentry","category-decoracion","tag-casas-de-playa","tag-decoracion","tag-faroles-de-techo"],"yoast_head":"<!-- This site is optimized with the Yoast SEO plugin v27.4 - https:\/\/yoast.com\/product\/yoast-seo-wordpress\/ -->\n<title>Faroles de techo estilo marinero: iluminaci\u00f3n perfecta para casas de playa | Faroles de forja y Mobiliario de forja art\u00edstica | Artesan\u00eda Salcedo Sevilla<\/title>\n<meta name=\"description\" content=\"El mar y la luz, una combinaci\u00f3n perfecta que ahora es posible con nuestros faroles de techo de estilo marinero.\" \/>\n<meta name=\"robots\" content=\"index, follow, max-snippet:-1, max-image-preview:large, max-video-preview:-1\" \/>\n<link rel=\"canonical\" href=\"https:\/\/farolesdeforja.es\/en\/faroles-de-techo-estilo-marinero-playa\/\" \/>\n<meta property=\"og:locale\" content=\"en_US\" \/>\n<meta property=\"og:type\" content=\"article\" \/>\n<meta property=\"og:title\" content=\"Faroles de techo estilo marinero: iluminaci\u00f3n perfecta para casas de playa | Faroles de forja y Mobiliario de forja art\u00edstica | Artesan\u00eda Salcedo Sevilla\" \/>\n<meta property=\"og:description\" content=\"El mar y la luz, una combinaci\u00f3n perfecta que ahora es posible con nuestros faroles de techo de estilo marinero.\" \/>\n<meta property=\"og:url\" content=\"https:\/\/farolesdeforja.es\/en\/faroles-de-techo-estilo-marinero-playa\/\" \/>\n<meta property=\"og:site_name\" content=\"Faroles de forja y Mobiliario de forja art\u00edstica | Artesan\u00eda Salcedo Sevilla\" \/>\n<meta property=\"article:publisher\" content=\"https:\/\/www.facebook.com\/salcedosevilla\" \/>\n<meta property=\"article:published_time\" content=\"2026-04-30T15:03:59+00:00\" \/>\n<meta property=\"article:modified_time\" content=\"2026-04-30T15:05:26+00:00\" \/>\n<meta property=\"og:image\" content=\"https:\/\/farolesdeforja.es\/wp-content\/uploads\/2026\/04\/faroles-de-techo-estilo-marinero.png\" \/>\n\t<meta property=\"og:image:width\" content=\"800\" \/>\n\t<meta property=\"og:image:height\" content=\"600\" \/>\n\t<meta property=\"og:image:type\" content=\"image\/png\" \/>\n<meta name=\"author\" content=\"Salcedo artesan\u00eda\" \/>\n<meta name=\"twitter:card\" content=\"summary_large_image\" \/>\n<meta name=\"twitter:label1\" content=\"Written by\" \/>\n\t<meta name=\"twitter:data1\" content=\"Salcedo artesan\u00eda\" \/>\n\t<meta name=\"twitter:label2\" content=\"Est. reading time\" \/>\n\t<meta name=\"twitter:data2\" content=\"4 minutes\" \/>\n<script type=\"application\/ld+json\" class=\"yoast-schema-graph\">{\"@context\":\"https:\\\/\\\/schema.org\",\"@graph\":[{\"@type\":\"Article\",\"@id\":\"https:\\\/\\\/farolesdeforja.es\\\/en\\\/faroles-de-techo-estilo-marinero-playa\\\/#article\",\"isPartOf\":{\"@id\":\"https:\\\/\\\/farolesdeforja.es\\\/en\\\/faroles-de-techo-estilo-marinero-playa\\\/\"},\"author\":{\"name\":\"Salcedo artesan\u00eda\",\"@id\":\"https:\\\/\\\/farolesdeforja.es\\\/en\\\/#\\\/schema\\\/person\\\/185596d815bcbc7cda6427e9ad4b8b6f\"},\"headline\":\"Faroles de techo estilo marinero: iluminaci\u00f3n perfecta para casas de playa\",\"datePublished\":\"2026-04-30T15:03:59+00:00\",\"dateModified\":\"2026-04-30T15:05:26+00:00\",\"mainEntityOfPage\":{\"@id\":\"https:\\\/\\\/farolesdeforja.es\\\/en\\\/faroles-de-techo-estilo-marinero-playa\\\/\"},\"wordCount\":590,\"publisher\":{\"@id\":\"https:\\\/\\\/farolesdeforja.es\\\/en\\\/#organization\"},\"image\":{\"@id\":\"https:\\\/\\\/farolesdeforja.es\\\/en\\\/faroles-de-techo-estilo-marinero-playa\\\/#primaryimage\"},\"thumbnailUrl\":\"https:\\\/\\\/farolesdeforja.es\\\/wp-content\\\/uploads\\\/2026\\\/04\\\/faroles-de-techo-estilo-marinero.png\",\"keywords\":[\"casas de playa\",\"decoraci\u00f3n\",\"faroles de techo\"],\"articleSection\":[\"Decoraci\u00f3n\"],\"inLanguage\":\"en-US\"},{\"@type\":\"WebPage\",\"@id\":\"https:\\\/\\\/farolesdeforja.es\\\/en\\\/faroles-de-techo-estilo-marinero-playa\\\/\",\"url\":\"https:\\\/\\\/farolesdeforja.es\\\/en\\\/faroles-de-techo-estilo-marinero-playa\\\/\",\"name\":\"Faroles de techo estilo marinero: iluminaci\u00f3n perfecta para casas de playa | Faroles de forja y Mobiliario de forja art\u00edstica | Artesan\u00eda Salcedo Sevilla\",\"isPartOf\":{\"@id\":\"https:\\\/\\\/farolesdeforja.es\\\/en\\\/#website\"},\"primaryImageOfPage\":{\"@id\":\"https:\\\/\\\/farolesdeforja.es\\\/en\\\/faroles-de-techo-estilo-marinero-playa\\\/#primaryimage\"},\"image\":{\"@id\":\"https:\\\/\\\/farolesdeforja.es\\\/en\\\/faroles-de-techo-estilo-marinero-playa\\\/#primaryimage\"},\"thumbnailUrl\":\"https:\\\/\\\/farolesdeforja.es\\\/wp-content\\\/uploads\\\/2026\\\/04\\\/faroles-de-techo-estilo-marinero.png\",\"datePublished\":\"2026-04-30T15:03:59+00:00\",\"dateModified\":\"2026-04-30T15:05:26+00:00\",\"description\":\"El mar y la luz, una combinaci\u00f3n perfecta que ahora es posible con nuestros faroles de techo de estilo marinero.\",\"breadcrumb\":{\"@id\":\"https:\\\/\\\/farolesdeforja.es\\\/en\\\/faroles-de-techo-estilo-marinero-playa\\\/#breadcrumb\"},\"inLanguage\":\"en-US\",\"potentialAction\":[{\"@type\":\"ReadAction\",\"target\":[\"https:\\\/\\\/farolesdeforja.es\\\/en\\\/faroles-de-techo-estilo-marinero-playa\\\/\"]}]},{\"@type\":\"ImageObject\",\"inLanguage\":\"en-US\",\"@id\":\"https:\\\/\\\/farolesdeforja.es\\\/en\\\/faroles-de-techo-estilo-marinero-playa\\\/#primaryimage\",\"url\":\"https:\\\/\\\/farolesdeforja.es\\\/wp-content\\\/uploads\\\/2026\\\/04\\\/faroles-de-techo-estilo-marinero.png\",\"contentUrl\":\"https:\\\/\\\/farolesdeforja.es\\\/wp-content\\\/uploads\\\/2026\\\/04\\\/faroles-de-techo-estilo-marinero.png\",\"width\":800,\"height\":600,\"caption\":\"faroles de techo estilo marinero\"},{\"@type\":\"BreadcrumbList\",\"@id\":\"https:\\\/\\\/farolesdeforja.es\\\/en\\\/faroles-de-techo-estilo-marinero-playa\\\/#breadcrumb\",\"itemListElement\":[{\"@type\":\"ListItem\",\"position\":1,\"name\":\"Inicio\",\"item\":\"https:\\\/\\\/farolesdeforja.es\\\/en\\\/\"},{\"@type\":\"ListItem\",\"position\":2,\"name\":\"Faroles de techo estilo marinero: iluminaci\u00f3n perfecta para casas de playa\"}]},{\"@type\":\"WebSite\",\"@id\":\"https:\\\/\\\/farolesdeforja.es\\\/en\\\/#website\",\"url\":\"https:\\\/\\\/farolesdeforja.es\\\/en\\\/\",\"name\":\"Faroles de forja y Mobiliario de forja art\u00edstica | Artesan\u00eda Salcedo Sevilla\",\"description\":\"Faroles de forja y mobiliario fabricados de forma artesanal desde 1971. Artesan\u00eda Salcedo es referente en forja art\u00edstica en Sevilla. Compra online de faroles de forja y env\u00edo GRATIS en casi todos los art\u00edculos \u00a1Personalizamos cualquier pieza!\",\"publisher\":{\"@id\":\"https:\\\/\\\/farolesdeforja.es\\\/en\\\/#organization\"},\"alternateName\":\"Salcedo Sevilla\",\"potentialAction\":[{\"@type\":\"SearchAction\",\"target\":{\"@type\":\"EntryPoint\",\"urlTemplate\":\"https:\\\/\\\/farolesdeforja.es\\\/en\\\/?s={search_term_string}\"},\"query-input\":{\"@type\":\"PropertyValueSpecification\",\"valueRequired\":true,\"valueName\":\"search_term_string\"}}],\"inLanguage\":\"en-US\"},{\"@type\":\"Organization\",\"@id\":\"https:\\\/\\\/farolesdeforja.es\\\/en\\\/#organization\",\"name\":\"Salcedo Sevilla\",\"url\":\"https:\\\/\\\/farolesdeforja.es\\\/en\\\/\",\"logo\":{\"@type\":\"ImageObject\",\"inLanguage\":\"en-US\",\"@id\":\"https:\\\/\\\/farolesdeforja.es\\\/en\\\/#\\\/schema\\\/logo\\\/image\\\/\",\"url\":\"https:\\\/\\\/farolesdeforja.es\\\/wp-content\\\/uploads\\\/2018\\\/04\\\/cropped-favicon.png\",\"contentUrl\":\"https:\\\/\\\/farolesdeforja.es\\\/wp-content\\\/uploads\\\/2018\\\/04\\\/cropped-favicon.png\",\"width\":512,\"height\":512,\"caption\":\"Salcedo Sevilla\"},\"image\":{\"@id\":\"https:\\\/\\\/farolesdeforja.es\\\/en\\\/#\\\/schema\\\/logo\\\/image\\\/\"},\"sameAs\":[\"https:\\\/\\\/www.facebook.com\\\/salcedosevilla\",\"https:\\\/\\\/www.instagram.com\\\/farolesdeforja\\\/\",\"https:\\\/\\\/www.pinterest.com\\\/Farolesdeforja\\\/\"]},{\"@type\":\"Person\",\"@id\":\"https:\\\/\\\/farolesdeforja.es\\\/en\\\/#\\\/schema\\\/person\\\/185596d815bcbc7cda6427e9ad4b8b6f\",\"name\":\"Salcedo artesan\u00eda\",\"image\":{\"@type\":\"ImageObject\",\"inLanguage\":\"en-US\",\"@id\":\"https:\\\/\\\/secure.gravatar.com\\\/avatar\\\/af0373de48c8f9f53bceda0eebe2f6e70f9d33d141bdb4966578d880b0105244?s=96&d=mm&r=g\",\"url\":\"https:\\\/\\\/secure.gravatar.com\\\/avatar\\\/af0373de48c8f9f53bceda0eebe2f6e70f9d33d141bdb4966578d880b0105244?s=96&d=mm&r=g\",\"contentUrl\":\"https:\\\/\\\/secure.gravatar.com\\\/avatar\\\/af0373de48c8f9f53bceda0eebe2f6e70f9d33d141bdb4966578d880b0105244?s=96&d=mm&r=g\",\"caption\":\"Salcedo artesan\u00eda\"}}]}<\/script>\n<!-- \/ Yoast SEO plugin. -->","yoast_head_json":{"title":"Faroles de techo estilo marinero: iluminaci\u00f3n perfecta para casas de playa | Faroles de forja y Mobiliario de forja art\u00edstica | Artesan\u00eda Salcedo Sevilla","description":"El mar y la luz, una combinaci\u00f3n perfecta que ahora es posible con nuestros faroles de techo de estilo marinero.","robots":{"index":"index","follow":"follow","max-snippet":"max-snippet:-1","max-image-preview":"max-image-preview:large","max-video-preview":"max-video-preview:-1"},"canonical":"https:\/\/farolesdeforja.es\/en\/faroles-de-techo-estilo-marinero-playa\/","og_locale":"en_US","og_type":"article","og_title":"Faroles de techo estilo marinero: iluminaci\u00f3n perfecta para casas de playa | Faroles de forja y Mobiliario de forja art\u00edstica | Artesan\u00eda Salcedo Sevilla","og_description":"El mar y la luz, una combinaci\u00f3n perfecta que ahora es posible con nuestros faroles de techo de estilo marinero.","og_url":"https:\/\/farolesdeforja.es\/en\/faroles-de-techo-estilo-marinero-playa\/","og_site_name":"Faroles de forja y Mobiliario de forja art\u00edstica | Artesan\u00eda Salcedo Sevilla","article_publisher":"https:\/\/www.facebook.com\/salcedosevilla","article_published_time":"2026-04-30T15:03:59+00:00","article_modified_time":"2026-04-30T15:05:26+00:00","og_image":[{"width":800,"height":600,"url":"https:\/\/farolesdeforja.es\/wp-content\/uploads\/2026\/04\/faroles-de-techo-estilo-marinero.png","type":"image\/png"}],"author":"Salcedo artesan\u00eda","twitter_card":"summary_large_image","twitter_misc":{"Written by":"Salcedo artesan\u00eda","Est. reading time":"4 minutes"},"schema":{"@context":"https:\/\/schema.org","@graph":[{"@type":"Article","@id":"https:\/\/farolesdeforja.es\/en\/faroles-de-techo-estilo-marinero-playa\/#article","isPartOf":{"@id":"https:\/\/farolesdeforja.es\/en\/faroles-de-techo-estilo-marinero-playa\/"},"author":{"name":"Salcedo artesan\u00eda","@id":"https:\/\/farolesdeforja.es\/en\/#\/schema\/person\/185596d815bcbc7cda6427e9ad4b8b6f"},"headline":"Faroles de techo estilo marinero: iluminaci\u00f3n perfecta para casas de playa","datePublished":"2026-04-30T15:03:59+00:00","dateModified":"2026-04-30T15:05:26+00:00","mainEntityOfPage":{"@id":"https:\/\/farolesdeforja.es\/en\/faroles-de-techo-estilo-marinero-playa\/"},"wordCount":590,"publisher":{"@id":"https:\/\/farolesdeforja.es\/en\/#organization"},"image":{"@id":"https:\/\/farolesdeforja.es\/en\/faroles-de-techo-estilo-marinero-playa\/#primaryimage"},"thumbnailUrl":"https:\/\/farolesdeforja.es\/wp-content\/uploads\/2026\/04\/faroles-de-techo-estilo-marinero.png","keywords":["casas de playa","decoraci\u00f3n","faroles de techo"],"articleSection":["Decoraci\u00f3n"],"inLanguage":"en-US"},{"@type":"WebPage","@id":"https:\/\/farolesdeforja.es\/en\/faroles-de-techo-estilo-marinero-playa\/","url":"https:\/\/farolesdeforja.es\/en\/faroles-de-techo-estilo-marinero-playa\/","name":"Faroles de techo estilo marinero: iluminaci\u00f3n perfecta para casas de playa | Faroles de forja y Mobiliario de forja art\u00edstica | Artesan\u00eda Salcedo Sevilla","isPartOf":{"@id":"https:\/\/farolesdeforja.es\/en\/#website"},"primaryImageOfPage":{"@id":"https:\/\/farolesdeforja.es\/en\/faroles-de-techo-estilo-marinero-playa\/#primaryimage"},"image":{"@id":"https:\/\/farolesdeforja.es\/en\/faroles-de-techo-estilo-marinero-playa\/#primaryimage"},"thumbnailUrl":"https:\/\/farolesdeforja.es\/wp-content\/uploads\/2026\/04\/faroles-de-techo-estilo-marinero.png","datePublished":"2026-04-30T15:03:59+00:00","dateModified":"2026-04-30T15:05:26+00:00","description":"El mar y la luz, una combinaci\u00f3n perfecta que ahora es posible con nuestros faroles de techo de estilo marinero.","breadcrumb":{"@id":"https:\/\/farolesdeforja.es\/en\/faroles-de-techo-estilo-marinero-playa\/#breadcrumb"},"inLanguage":"en-US","potentialAction":[{"@type":"ReadAction","target":["https:\/\/farolesdeforja.es\/en\/faroles-de-techo-estilo-marinero-playa\/"]}]},{"@type":"ImageObject","inLanguage":"en-US","@id":"https:\/\/farolesdeforja.es\/en\/faroles-de-techo-estilo-marinero-playa\/#primaryimage","url":"https:\/\/farolesdeforja.es\/wp-content\/uploads\/2026\/04\/faroles-de-techo-estilo-marinero.png","contentUrl":"https:\/\/farolesdeforja.es\/wp-content\/uploads\/2026\/04\/faroles-de-techo-estilo-marinero.png","width":800,"height":600,"caption":"faroles de techo estilo marinero"},{"@type":"BreadcrumbList","@id":"https:\/\/farolesdeforja.es\/en\/faroles-de-techo-estilo-marinero-playa\/#breadcrumb","itemListElement":[{"@type":"ListItem","position":1,"name":"Inicio","item":"https:\/\/farolesdeforja.es\/en\/"},{"@type":"ListItem","position":2,"name":"Faroles de techo estilo marinero: iluminaci\u00f3n perfecta para casas de playa"}]},{"@type":"WebSite","@id":"https:\/\/farolesdeforja.es\/en\/#website","url":"https:\/\/farolesdeforja.es\/en\/","name":"Faroles de forja y Mobiliario de forja art\u00edstica | Artesan\u00eda Salcedo Sevilla","description":"Faroles de forja y mobiliario fabricados de forma artesanal desde 1971. Artesan\u00eda Salcedo es referente en forja art\u00edstica en Sevilla. Compra online de faroles de forja y env\u00edo GRATIS en casi todos los art\u00edculos \u00a1Personalizamos cualquier pieza!","publisher":{"@id":"https:\/\/farolesdeforja.es\/en\/#organization"},"alternateName":"Salcedo Sevilla","potentialAction":[{"@type":"SearchAction","target":{"@type":"EntryPoint","urlTemplate":"https:\/\/farolesdeforja.es\/en\/?s={search_term_string}"},"query-input":{"@type":"PropertyValueSpecification","valueRequired":true,"valueName":"search_term_string"}}],"inLanguage":"en-US"},{"@type":"Organization","@id":"https:\/\/farolesdeforja.es\/en\/#organization","name":"Salcedo Sevilla","url":"https:\/\/farolesdeforja.es\/en\/","logo":{"@type":"ImageObject","inLanguage":"en-US","@id":"https:\/\/farolesdeforja.es\/en\/#\/schema\/logo\/image\/","url":"https:\/\/farolesdeforja.es\/wp-content\/uploads\/2018\/04\/cropped-favicon.png","contentUrl":"https:\/\/farolesdeforja.es\/wp-content\/uploads\/2018\/04\/cropped-favicon.png","width":512,"height":512,"caption":"Salcedo Sevilla"},"image":{"@id":"https:\/\/farolesdeforja.es\/en\/#\/schema\/logo\/image\/"},"sameAs":["https:\/\/www.facebook.com\/salcedosevilla","https:\/\/www.instagram.com\/farolesdeforja\/","https:\/\/www.pinterest.com\/Farolesdeforja\/"]},{"@type":"Person","@id":"https:\/\/farolesdeforja.es\/en\/#\/schema\/person\/185596d815bcbc7cda6427e9ad4b8b6f","name":"Salcedo artesan\u00eda","image":{"@type":"ImageObject","inLanguage":"en-US","@id":"https:\/\/secure.gravatar.com\/avatar\/af0373de48c8f9f53bceda0eebe2f6e70f9d33d141bdb4966578d880b0105244?s=96&d=mm&r=g","url":"https:\/\/secure.gravatar.com\/avatar\/af0373de48c8f9f53bceda0eebe2f6e70f9d33d141bdb4966578d880b0105244?s=96&d=mm&r=g","contentUrl":"https:\/\/secure.gravatar.com\/avatar\/af0373de48c8f9f53bceda0eebe2f6e70f9d33d141bdb4966578d880b0105244?s=96&d=mm&r=g","caption":"Salcedo artesan\u00eda"}}]}},"uagb_featured_image_src":{"full":["https:\/\/farolesdeforja.es\/wp-content\/uploads\/2026\/04\/faroles-de-techo-estilo-marinero.png",800,600,false],"thumbnail":["https:\/\/farolesdeforja.es\/wp-content\/uploads\/2026\/04\/faroles-de-techo-estilo-marinero-150x150.png",150,150,true],"medium":["https:\/\/farolesdeforja.es\/wp-content\/uploads\/2026\/04\/faroles-de-techo-estilo-marinero-300x225.png",300,225,true],"medium_large":["https:\/\/farolesdeforja.es\/wp-content\/uploads\/2026\/04\/faroles-de-techo-estilo-marinero-768x576.png",768,576,true],"large":["https:\/\/farolesdeforja.es\/wp-content\/uploads\/2026\/04\/faroles-de-techo-estilo-marinero.png",800,600,false],"1536x1536":["https:\/\/farolesdeforja.es\/wp-content\/uploads\/2026\/04\/faroles-de-techo-estilo-marinero.png",800,600,false],"2048x2048":["https:\/\/farolesdeforja.es\/wp-content\/uploads\/2026\/04\/faroles-de-techo-estilo-marinero.png",800,600,false],"bdpp-medium":["https:\/\/farolesdeforja.es\/wp-content\/uploads\/2026\/04\/faroles-de-techo-estilo-marinero-640x480.png",640,480,true],"woocommerce_thumbnail":["https:\/\/farolesdeforja.es\/wp-content\/uploads\/2026\/04\/faroles-de-techo-estilo-marinero-300x300.png",300,300,true],"woocommerce_single":["https:\/\/farolesdeforja.es\/wp-content\/uploads\/2026\/04\/faroles-de-techo-estilo-marinero-600x450.png",600,450,true],"woocommerce_gallery_thumbnail":["https:\/\/farolesdeforja.es\/wp-content\/uploads\/2026\/04\/faroles-de-techo-estilo-marinero-100x100.png",100,100,true]},"uagb_author_info":{"display_name":"Salcedo artesan\u00eda","author_link":"https:\/\/farolesdeforja.es\/en\/author\/businessgo\/"},"uagb_comment_info":0,"uagb_excerpt":"Hay algo especial en la luz junto al mar. No es solo iluminaci\u00f3n: es atm\u00f3sfera, calma, memoria. Es el reflejo del sol sobre el agua, las noches suaves de verano y el sonido lejano de las olas. Por eso, elegir bien la iluminaci\u00f3n es clave en cualquier vivienda costera. Y en ese escenario, los faroles&hellip;","_links":{"self":[{"href":"https:\/\/farolesdeforja.es\/en\/wp-json\/wp\/v2\/posts\/25594","targetHints":{"allow":["GET"]}}],"collection":[{"href":"https:\/\/farolesdeforja.es\/en\/wp-json\/wp\/v2\/posts"}],"about":[{"href":"https:\/\/farolesdeforja.es\/en\/wp-json\/wp\/v2\/types\/post"}],"author":[{"embeddable":true,"href":"https:\/\/farolesdeforja.es\/en\/wp-json\/wp\/v2\/users\/1"}],"replies":[{"embeddable":true,"href":"https:\/\/farolesdeforja.es\/en\/wp-json\/wp\/v2\/comments?post=25594"}],"version-history":[{"count":2,"href":"https:\/\/farolesdeforja.es\/en\/wp-json\/wp\/v2\/posts\/25594\/revisions"}],"predecessor-version":[{"id":25596,"href":"https:\/\/farolesdeforja.es\/en\/wp-json\/wp\/v2\/posts\/25594\/revisions\/25596"}],"wp:featuredmedia":[{"embeddable":true,"href":"https:\/\/farolesdeforja.es\/en\/wp-json\/wp\/v2\/media\/25597"}],"wp:attachment":[{"href":"https:\/\/farolesdeforja.es\/en\/wp-json\/wp\/v2\/media?parent=25594"}],"wp:term":[{"taxonomy":"category","embeddable":true,"href":"https:\/\/farolesdeforja.es\/en\/wp-json\/wp\/v2\/categories?post=25594"},{"taxonomy":"post_tag","embeddable":true,"href":"https:\/\/farolesdeforja.es\/en\/wp-json\/wp\/v2\/tags?post=25594"}],"curies":[{"name":"wp","href":"https:\/\/api.w.org\/{rel}","templated":true}]}}