{"id":25498,"date":"2026-03-19T16:01:34","date_gmt":"2026-03-19T15:01:34","guid":{"rendered":"https:\/\/farolesdeforja.es\/?p=25498"},"modified":"2026-03-19T16:02:18","modified_gmt":"2026-03-19T15:02:18","slug":"decoracion-de-patios-andaluces-faroles-apliques","status":"publish","type":"post","link":"https:\/\/farolesdeforja.es\/en\/decoracion-de-patios-andaluces-faroles-apliques\/","title":{"rendered":"El arte de la decoraci\u00f3n de patios andaluces con faroles y apliques"},"content":{"rendered":"\n<p>La <strong>decoraci\u00f3n de los patios andaluces<\/strong> es el resultado de una historia milenaria, donde el espacio se ha ido adaptando seg\u00fan las diferentes culturas que han pasado por Andaluc\u00eda. El resultado es una fusi\u00f3n de elementos en perfecto equilibrio, donde se encontramos elementos naturales, como el agua y la vegetaci\u00f3n, con otros artesanales como la cer\u00e1mica y, por supuesto, la forja.<\/p>\n\n\n\n<div id=\"ez-toc-container\" class=\"ez-toc-v2_0_82_2 counter-hierarchy ez-toc-counter ez-toc-grey ez-toc-container-direction\">\n<p class=\"ez-toc-title\" style=\"cursor:inherit\">\u00cdndice del contenidos<\/p>\n<label for=\"ez-toc-cssicon-toggle-item-69f4995e00927\" class=\"ez-toc-cssicon-toggle-label\"><span class=\"\"><span class=\"eztoc-hide\" style=\"display:none;\">Toggle<\/span><span class=\"ez-toc-icon-toggle-span\"><svg style=\"fill: #999;color:#999\" xmlns=\"http:\/\/www.w3.org\/2000\/svg\" class=\"list-377408\" width=\"20px\" height=\"20px\" viewBox=\"0 0 24 24\" fill=\"none\"><path d=\"M6 6H4v2h2V6zm14 0H8v2h12V6zM4 11h2v2H4v-2zm16 0H8v2h12v-2zM4 16h2v2H4v-2zm16 0H8v2h12v-2z\" fill=\"currentColor\"><\/path><\/svg><svg style=\"fill: #999;color:#999\" class=\"arrow-unsorted-368013\" xmlns=\"http:\/\/www.w3.org\/2000\/svg\" width=\"10px\" height=\"10px\" viewBox=\"0 0 24 24\" version=\"1.2\" baseProfile=\"tiny\"><path d=\"M18.2 9.3l-6.2-6.3-6.2 6.3c-.2.2-.3.4-.3.7s.1.5.3.7c.2.2.4.3.7.3h11c.3 0 .5-.1.7-.3.2-.2.3-.5.3-.7s-.1-.5-.3-.7zM5.8 14.7l6.2 6.3 6.2-6.3c.2-.2.3-.5.3-.7s-.1-.5-.3-.7c-.2-.2-.4-.3-.7-.3h-11c-.3 0-.5.1-.7.3-.2.2-.3.5-.3.7s.1.5.3.7z\"\/><\/svg><\/span><\/span><\/label><input type=\"checkbox\"  id=\"ez-toc-cssicon-toggle-item-69f4995e00927\"  aria-label=\"Toggle\" \/><nav><ul class='ez-toc-list ez-toc-list-level-1 ' ><li class='ez-toc-page-1 ez-toc-heading-level-2'><a class=\"ez-toc-link ez-toc-heading-1\" href=\"https:\/\/farolesdeforja.es\/en\/decoracion-de-patios-andaluces-faroles-apliques\/#Consideraciones_previas_en_la_decoracion_de_patios_andaluces\" >Consideraciones previas en la decoraci\u00f3n de patios andaluces<\/a><\/li><li class='ez-toc-page-1 ez-toc-heading-level-2'><a class=\"ez-toc-link ez-toc-heading-2\" href=\"https:\/\/farolesdeforja.es\/en\/decoracion-de-patios-andaluces-faroles-apliques\/#Ideas_para_la_decoracion_de_patios_andaluces\" >Ideas para la decoraci\u00f3n de patios andaluces<\/a><\/li><li class='ez-toc-page-1 ez-toc-heading-level-2'><a class=\"ez-toc-link ez-toc-heading-3\" href=\"https:\/\/farolesdeforja.es\/en\/decoracion-de-patios-andaluces-faroles-apliques\/#%C2%BFPor_que_incluir_faroles_a_la_hora_de_decorar_tu_patio_andaluz\" >\u00bfPor qu\u00e9 incluir faroles a la hora de decorar tu patio andaluz?<\/a><\/li><li class='ez-toc-page-1 ez-toc-heading-level-2'><a class=\"ez-toc-link ez-toc-heading-4\" href=\"https:\/\/farolesdeforja.es\/en\/decoracion-de-patios-andaluces-faroles-apliques\/#Preguntas_y_respuestas_FAQs_sobre_la_decoracion_de_patios_andaluces_con_faroles\" >Preguntas y respuestas (FAQs) sobre la decoraci\u00f3n de patios andaluces con faroles<\/a><ul class='ez-toc-list-level-3' ><li class='ez-toc-heading-level-3'><a class=\"ez-toc-link ez-toc-heading-5\" href=\"https:\/\/farolesdeforja.es\/en\/decoracion-de-patios-andaluces-faroles-apliques\/#%C2%BFComo_influye_la_iluminacion_en_la_atmosfera_del_patio\" >\u00bfC\u00f3mo influye la iluminaci\u00f3n en la atm\u00f3sfera del patio?<\/a><\/li><li class='ez-toc-page-1 ez-toc-heading-level-3'><a class=\"ez-toc-link ez-toc-heading-6\" href=\"https:\/\/farolesdeforja.es\/en\/decoracion-de-patios-andaluces-faroles-apliques\/#%C2%BFComo_integrar_la_decoracion_tradicional_en_un_patio_moderno_o_pequeno\" >\u00bfC\u00f3mo integrar la decoraci\u00f3n tradicional en un patio moderno o peque\u00f1o?<\/a><\/li><li class='ez-toc-page-1 ez-toc-heading-level-3'><a class=\"ez-toc-link ez-toc-heading-7\" href=\"https:\/\/farolesdeforja.es\/en\/decoracion-de-patios-andaluces-faroles-apliques\/#%C2%BFCual_es_el_color_ideal_para_los_faroles_en_la_decoracion_de_patios_andaluces\" >\u00bfCu\u00e1l es el color ideal para los faroles en la decoraci\u00f3n de patios andaluces?<\/a><\/li><\/ul><\/li><\/ul><\/nav><\/div>\n<h2 class=\"wp-block-heading\"><span class=\"ez-toc-section\" id=\"Consideraciones_previas_en_la_decoracion_de_patios_andaluces\"><\/span>Consideraciones previas en la decoraci\u00f3n de patios andaluces<span class=\"ez-toc-section-end\"><\/span><\/h2>\n\n\n\n<p>Entender este estilo requiere mirar m\u00e1s all\u00e1 de la superficie, es un di\u00e1logo entre las herencias romana y andalus\u00ed y la vida popular. En estos espacios, cada objeto cuenta una historia de manos artesanas. Mientras el blanco de las paredes busca la pureza y las macetas aportan el estallido de color, los faroles y apliques act\u00faan como puntos de luz, pero tambi\u00e9n como el ancla de elegancia para que el conjunto sea perfecto. Podemos afirmar que estas piezas son la joya de la corona que, al caer el sol, dibujan encajes de sombra sobre el suelo empedrado, evocando la magia de las noches del embrujo cordob\u00e9s o sevillano.<\/p>\n\n\n\n<p>La verdadera esencia de la decoraci\u00f3n de los patios andaluces reside en su capacidad para crear un microclima de bienestar. No se trata de llenar un espacio, sino de elegir materiales nobles que resistan el sol y que, con el paso de los a\u00f1os, adquieran esa p\u00e1tina de autenticidad que solo las piezas hechas artesanalmente pueden ofrecer.<\/p>\n\n\n\n<h2 class=\"wp-block-heading\"><span class=\"ez-toc-section\" id=\"Ideas_para_la_decoracion_de_patios_andaluces\"><\/span>Ideas para la decoraci\u00f3n de patios andaluces<span class=\"ez-toc-section-end\"><\/span><\/h2>\n\n\n\n<p>A continuaci\u00f3n, te presentamos algunos de nuestros &#8220;casos de \u00e9xito&#8221; en la decoraci\u00f3n de patios andaluces. En <strong>Artesan\u00eda Salcedo<\/strong> contamos con piezas artesanales que le dar\u00e1n a tu patio un toque muy especial.<\/p>\n\n\n\n<p>No pod\u00edamos empezar con un ejemplo mejor. El <strong><a href=\"https:\/\/farolesdeforja.es\/tienda\/faroles\/faroles-con-soporte\/farol-don-juan\/\">Farol Don Juan<\/a><\/strong> ilumina la imagen de la Virgen del Roc\u00edo en el patio de esta casa en la conocida aldea onubense. La idea de instalar un farol con soporte realza el espacio que ocupa la pieza, adelantando su posici\u00f3n para mejorar la iluminaci\u00f3n.<\/p>\n\n\n\n<figure class=\"wp-block-image aligncenter size-full\"><img loading=\"lazy\" decoding=\"async\" width=\"475\" height=\"633\" src=\"https:\/\/farolesdeforja.es\/wp-content\/uploads\/2018\/05\/farol-don-juan-patio-andaluz.jpg\" alt=\"Farol de pared modelo Don Juan en patio andaluz\" class=\"wp-image-25455\" srcset=\"https:\/\/farolesdeforja.es\/wp-content\/uploads\/2018\/05\/farol-don-juan-patio-andaluz.jpg 475w, https:\/\/farolesdeforja.es\/wp-content\/uploads\/2018\/05\/farol-don-juan-patio-andaluz-225x300.jpg 225w\" sizes=\"auto, (max-width: 475px) 100vw, 475px\" \/><\/figure>\n\n\n\n<p>\u00a1Hasta los gatos aman nuestros faroles y apliques! El <strong><a href=\"https:\/\/farolesdeforja.es\/tienda\/faroles\/apliques-de-farol\/aplique-farol-mercader\/\">Aplique Mercader<\/a><\/strong> es un cl\u00e1sico de nuestro cat\u00e1logo a la hora de decorar patios de estilo andaluz. Puedes a\u00f1adir uno solo o tirar por lo alto con una serie completa, si el espacio es amplio. El decorador Javier Gonz\u00e1lez-S\u00e1nchez Dalp. con quien trabajamos asiduamente, apost\u00f3 por ambas opciones en algunos de sus proyectos decorativos.<\/p>\n\n\n\n<figure class=\"wp-block-image aligncenter size-large is-resized\"><img loading=\"lazy\" decoding=\"async\" width=\"768\" height=\"1024\" src=\"https:\/\/farolesdeforja.es\/wp-content\/uploads\/2018\/11\/aplique-mercader--768x1024.jpg\" alt=\"Aplique farol rojo modelo Mercader en casa de campo\" class=\"wp-image-21734\" style=\"width:486px;height:auto\" srcset=\"https:\/\/farolesdeforja.es\/wp-content\/uploads\/2018\/11\/aplique-mercader--768x1024.jpg 768w, https:\/\/farolesdeforja.es\/wp-content\/uploads\/2018\/11\/aplique-mercader--225x300.jpg 225w, https:\/\/farolesdeforja.es\/wp-content\/uploads\/2018\/11\/aplique-mercader--1152x1536.jpg 1152w, https:\/\/farolesdeforja.es\/wp-content\/uploads\/2018\/11\/aplique-mercader--600x800.jpg 600w, https:\/\/farolesdeforja.es\/wp-content\/uploads\/2018\/11\/aplique-mercader--45x60.jpg 45w, https:\/\/farolesdeforja.es\/wp-content\/uploads\/2018\/11\/aplique-mercader--68x90.jpg 68w, https:\/\/farolesdeforja.es\/wp-content\/uploads\/2018\/11\/aplique-mercader-.jpg 1536w\" sizes=\"auto, (max-width: 768px) 100vw, 768px\" \/><\/figure>\n\n\n\n<figure class=\"wp-block-image aligncenter size-full is-resized\"><img loading=\"lazy\" decoding=\"async\" width=\"478\" height=\"633\" src=\"https:\/\/farolesdeforja.es\/wp-content\/uploads\/2018\/11\/farol-mercader-fachada.jpg\" alt=\"Farol de pared Mercader en fachada de casa andaluza\" class=\"wp-image-25459\" style=\"width:488px;height:auto\" srcset=\"https:\/\/farolesdeforja.es\/wp-content\/uploads\/2018\/11\/farol-mercader-fachada.jpg 478w, https:\/\/farolesdeforja.es\/wp-content\/uploads\/2018\/11\/farol-mercader-fachada-227x300.jpg 227w\" sizes=\"auto, (max-width: 478px) 100vw, 478px\" \/><\/figure>\n\n\n\n<p>El <strong><a href=\"https:\/\/farolesdeforja.es\/tienda\/faroles\/faroles-de-techo\/farol-venerables-2\/\">Farol Venerables<\/a><\/strong> es otro cl\u00e1sico de nuestras piezas, que podemos encontrar en diferentes contexto. El caso de los patios andaluces no iba a ser menos, as\u00ed que podemos verlo en la entrada de este patio, en el Hotel Casas de la Juder\u00eda de Sevilla.<\/p>\n\n\n\n<figure class=\"wp-block-image aligncenter size-large is-resized\"><img loading=\"lazy\" decoding=\"async\" width=\"670\" height=\"1024\" src=\"https:\/\/farolesdeforja.es\/wp-content\/uploads\/2019\/11\/farol-venerables-casas-juderia-editado-670x1024.jpg\" alt=\"Farol de forja Sevilla\" class=\"wp-image-10236\" style=\"aspect-ratio:0.6543080618340826;width:490px;height:auto\" srcset=\"https:\/\/farolesdeforja.es\/wp-content\/uploads\/2019\/11\/farol-venerables-casas-juderia-editado-670x1024.jpg 670w, https:\/\/farolesdeforja.es\/wp-content\/uploads\/2019\/11\/farol-venerables-casas-juderia-editado-196x300.jpg 196w, https:\/\/farolesdeforja.es\/wp-content\/uploads\/2019\/11\/farol-venerables-casas-juderia-editado-768x1174.jpg 768w, https:\/\/farolesdeforja.es\/wp-content\/uploads\/2019\/11\/farol-venerables-casas-juderia-editado-1005x1536.jpg 1005w, https:\/\/farolesdeforja.es\/wp-content\/uploads\/2019\/11\/farol-venerables-casas-juderia-editado-600x917.jpg 600w, https:\/\/farolesdeforja.es\/wp-content\/uploads\/2019\/11\/farol-venerables-casas-juderia-editado.jpg 1046w\" sizes=\"auto, (max-width: 670px) 100vw, 670px\" \/><\/figure>\n\n\n\n<p>La primera impresi\u00f3n es esencial. Por eso, muchas casas de estilo andaluz cuentan con un patio en la entrada al recinto, aportando un toque distinguido y hermoso. Sobre todo, si incluye <strong><a href=\"https:\/\/farolesdeforja.es\/tienda\/faroles\/apliques-de-farol\/aplique-de-farol-leon-chapa-galvanizada\/\">apliques como el modelo Le\u00f3n<\/a><\/strong>.<\/p>\n\n\n\n<figure class=\"wp-block-image aligncenter size-full is-resized\"><img loading=\"lazy\" decoding=\"async\" width=\"1024\" height=\"768\" src=\"https:\/\/farolesdeforja.es\/wp-content\/uploads\/2019\/03\/aplique-leon.jpg\" alt=\"Aplique de pared Le\u00f3n en entrada de patio\" class=\"wp-image-24714\" style=\"width:622px;height:auto\" srcset=\"https:\/\/farolesdeforja.es\/wp-content\/uploads\/2019\/03\/aplique-leon.jpg 1024w, https:\/\/farolesdeforja.es\/wp-content\/uploads\/2019\/03\/aplique-leon-300x225.jpg 300w, https:\/\/farolesdeforja.es\/wp-content\/uploads\/2019\/03\/aplique-leon-768x576.jpg 768w, https:\/\/farolesdeforja.es\/wp-content\/uploads\/2019\/03\/aplique-leon-640x480.jpg 640w, https:\/\/farolesdeforja.es\/wp-content\/uploads\/2019\/03\/aplique-leon-600x450.jpg 600w\" sizes=\"auto, (max-width: 1024px) 100vw, 1024px\" \/><\/figure>\n\n\n\n<p>Otra idea ser\u00eda la del farol con pie, como esta versi\u00f3n del modelo<strong> <a href=\"https:\/\/farolesdeforja.es\/tienda\/faroles\/faroles-de-techo\/farol-estrella-alfonso-xiii\/\">Estrella Alfonso XIII<\/a><\/strong>.<\/p>\n\n\n\n<figure class=\"wp-block-image aligncenter size-large is-resized\"><img loading=\"lazy\" decoding=\"async\" width=\"768\" height=\"1024\" src=\"https:\/\/farolesdeforja.es\/wp-content\/uploads\/2026\/03\/farol-estrella-alfonsoxiii-768x1024.jpg\" alt=\"\" class=\"wp-image-25530\" style=\"aspect-ratio:0.7500048991749789;width:542px;height:auto\" srcset=\"https:\/\/farolesdeforja.es\/wp-content\/uploads\/2026\/03\/farol-estrella-alfonsoxiii-768x1024.jpg 768w, https:\/\/farolesdeforja.es\/wp-content\/uploads\/2026\/03\/farol-estrella-alfonsoxiii-225x300.jpg 225w, https:\/\/farolesdeforja.es\/wp-content\/uploads\/2026\/03\/farol-estrella-alfonsoxiii-1152x1536.jpg 1152w, https:\/\/farolesdeforja.es\/wp-content\/uploads\/2026\/03\/farol-estrella-alfonsoxiii-600x800.jpg 600w, https:\/\/farolesdeforja.es\/wp-content\/uploads\/2026\/03\/farol-estrella-alfonsoxiii.jpg 1200w\" sizes=\"auto, (max-width: 768px) 100vw, 768px\" \/><\/figure>\n\n\n\n<p>\ud83d\udd0e <strong><a href=\"https:\/\/farolesdeforja.es\/tienda\/\">Consulta estos y otros productos en nuestra tienda online.<\/a><\/strong> \u00a1Tenemos decenas de ideas para tu proyecto decorativo!<\/p>\n\n\n\n<h2 class=\"wp-block-heading\"><span class=\"ez-toc-section\" id=\"%C2%BFPor_que_incluir_faroles_a_la_hora_de_decorar_tu_patio_andaluz\"><\/span>\u00bfPor qu\u00e9 incluir faroles a la hora de decorar tu patio andaluz?<span class=\"ez-toc-section-end\"><\/span><\/h2>\n\n\n\n<p>Para lograr una <strong>decoraci\u00f3n de patios andaluces<\/strong> que trascienda lo est\u00e9tico y perdure generacionalmente, es necesario desglosar los pilares t\u00e9cnicos y funcionales que la sostienen:<\/p>\n\n\n\n<ul class=\"wp-block-list\">\n<li><strong>Resistencia clim\u00e1tica:<\/strong> Los metales utilizados, como el hierro o la l\u00e1mina de acero cubierta de esta\u00f1o, soportan la humedad de las plantas y la exposici\u00f3n directa al sol sin degradarse.<\/li>\n\n\n\n<li><strong>Identidad visual:<\/strong> A diferencia del mobiliario industrial, la forja a medida aporta una exclusividad que revaloriza la propiedad.<\/li>\n\n\n\n<li><strong>Sostenibilidad est\u00e9tica:<\/strong> Es un dise\u00f1o que no caduca. Su belleza es atemporal y se integra con cualquier evoluci\u00f3n del jard\u00edn.<\/li>\n\n\n\n<li><strong>Gesti\u00f3n de sombras:<\/strong> El desaf\u00edo no es iluminar mucho, sino proyectar sombras decorativas que realcen la textura de la piedra y la cal.<\/li>\n\n\n\n<li><strong>Equilibrio de materiales:<\/strong> Evitar la saturaci\u00f3n visual combinando la dureza del metal con la suavidad org\u00e1nica de la vegetaci\u00f3n (gitanillas, jazmines y damas de noche).<\/li>\n\n\n\n<li>Uso de <strong>iluminaci\u00f3n c\u00e1lida<\/strong> para imitar la luz de las velas dentro de los faroles.<\/li>\n\n\n\n<li>Simetr\u00eda en la colocaci\u00f3n de los apliques para guiar la mirada hacia el elemento central del patio, como pueden ser una fuente o un pozo.<\/li>\n<\/ul>\n\n\n\n<h2 class=\"wp-block-heading\"><span class=\"ez-toc-section\" id=\"Preguntas_y_respuestas_FAQs_sobre_la_decoracion_de_patios_andaluces_con_faroles\"><\/span>Preguntas y respuestas (FAQs) sobre la decoraci\u00f3n de patios andaluces con faroles<span class=\"ez-toc-section-end\"><\/span><\/h2>\n\n\n\n<h3 class=\"wp-block-heading\"><span class=\"ez-toc-section\" id=\"%C2%BFComo_influye_la_iluminacion_en_la_atmosfera_del_patio\"><\/span>\u00bfC\u00f3mo influye la iluminaci\u00f3n en la atm\u00f3sfera del patio?<span class=\"ez-toc-section-end\"><\/span><\/h3>\n\n\n\n<p>La iluminaci\u00f3n es el alma del patio nocturno. Un farol de forja bien ubicado no busca iluminar como un foco moderno, sino crear una luz ambiental c\u00e1lida y sugerente que invite a la confidencia y al descanso, respetando las sombras naturales que dan profundidad al espacio.<\/p>\n\n\n\n<h3 class=\"wp-block-heading\"><span class=\"ez-toc-section\" id=\"%C2%BFComo_integrar_la_decoracion_tradicional_en_un_patio_moderno_o_pequeno\"><\/span>\u00bfC\u00f3mo integrar la decoraci\u00f3n tradicional en un patio moderno o peque\u00f1o?<span class=\"ez-toc-section-end\"><\/span><\/h3>\n\n\n\n<p>No hace falta saturar el espacio, un solo aplique artesanal de gran dise\u00f1o o una fuente central rodeada de pocas macetas seleccionadas pueden evocar toda la esencia de la <strong>decoraci\u00f3n de patios andaluces<\/strong>, sin necesidad de una arquitectura hist\u00f3rica previa.<\/p>\n\n\n\n<h3 class=\"wp-block-heading\"><span class=\"ez-toc-section\" id=\"%C2%BFCual_es_el_color_ideal_para_los_faroles_en_la_decoracion_de_patios_andaluces\"><\/span>\u00bfCu\u00e1l es el color ideal para los faroles en la decoraci\u00f3n de patios andaluces?<span class=\"ez-toc-section-end\"><\/span><\/h3>\n\n\n\n<p>El acabado por excelencia es el <strong>negro satinado o mate<\/strong>, ya que ofrece el contraste m\u00e1s puro sobre el blanco de la cal. No obstante, en patios con una est\u00e9tica m\u00e1s r\u00fastica, los acabados en <strong>marr\u00f3n \u00f3xido o bronce envejecido<\/strong> son ideales, pues aportan una sensaci\u00f3n de antig\u00fcedad y solera que parece haber estado all\u00ed durante siglos.<\/p>\n","protected":false},"excerpt":{"rendered":"<p>La decoraci\u00f3n de los patios andaluces es el resultado de una historia milenaria, donde el espacio se ha ido adaptando seg\u00fan las diferentes culturas que han pasado por Andaluc\u00eda. El resultado es una fusi\u00f3n de elementos en perfecto equilibrio, donde se encontramos elementos naturales, como el agua y la vegetaci\u00f3n, con otros artesanales como la [&hellip;]<\/p>\n","protected":false},"author":1,"featured_media":25533,"comment_status":"closed","ping_status":"closed","sticky":false,"template":"","format":"standard","meta":{"inline_featured_image":false,"_uag_custom_page_level_css":"","site-sidebar-layout":"default","site-content-layout":"","ast-site-content-layout":"default","site-content-style":"default","site-sidebar-style":"default","ast-global-header-display":"","ast-banner-title-visibility":"","ast-main-header-display":"","ast-hfb-above-header-display":"","ast-hfb-below-header-display":"","ast-hfb-mobile-header-display":"","site-post-title":"","ast-breadcrumbs-content":"","ast-featured-img":"","footer-sml-layout":"","ast-disable-related-posts":"","theme-transparent-header-meta":"","adv-header-id-meta":"","stick-header-meta":"","header-above-stick-meta":"","header-main-stick-meta":"","header-below-stick-meta":"","astra-migrate-meta-layouts":"default","ast-page-background-enabled":"default","ast-page-background-meta":{"desktop":{"background-color":"var(--ast-global-color-4)","background-image":"","background-repeat":"repeat","background-position":"center center","background-size":"auto","background-attachment":"scroll","background-type":"","background-media":"","overlay-type":"","overlay-color":"","overlay-opacity":"","overlay-gradient":""},"tablet":{"background-color":"","background-image":"","background-repeat":"repeat","background-position":"center center","background-size":"auto","background-attachment":"scroll","background-type":"","background-media":"","overlay-type":"","overlay-color":"","overlay-opacity":"","overlay-gradient":""},"mobile":{"background-color":"","background-image":"","background-repeat":"repeat","background-position":"center center","background-size":"auto","background-attachment":"scroll","background-type":"","background-media":"","overlay-type":"","overlay-color":"","overlay-opacity":"","overlay-gradient":""}},"ast-content-background-meta":{"desktop":{"background-color":"var(--ast-global-color-5)","background-image":"","background-repeat":"repeat","background-position":"center center","background-size":"auto","background-attachment":"scroll","background-type":"","background-media":"","overlay-type":"","overlay-color":"","overlay-opacity":"","overlay-gradient":""},"tablet":{"background-color":"var(--ast-global-color-5)","background-image":"","background-repeat":"repeat","background-position":"center center","background-size":"auto","background-attachment":"scroll","background-type":"","background-media":"","overlay-type":"","overlay-color":"","overlay-opacity":"","overlay-gradient":""},"mobile":{"background-color":"var(--ast-global-color-5)","background-image":"","background-repeat":"repeat","background-position":"center center","background-size":"auto","background-attachment":"scroll","background-type":"","background-media":"","overlay-type":"","overlay-color":"","overlay-opacity":"","overlay-gradient":""}},"footnotes":""},"categories":[218,101],"tags":[520,376],"class_list":["post-25498","post","type-post","status-publish","format-standard","has-post-thumbnail","hentry","category-decoracion","category-forja-artistica","tag-apliques","tag-decoracion-de-exteriores"],"yoast_head":"<!-- This site is optimized with the Yoast SEO plugin v27.4 - https:\/\/yoast.com\/product\/yoast-seo-wordpress\/ -->\n<title>El arte de la decoraci\u00f3n de patios andaluces con faroles y apliques | Faroles de forja y Mobiliario de forja art\u00edstica | Artesan\u00eda Salcedo Sevilla<\/title>\n<meta name=\"description\" content=\"Inspira tu decoraci\u00f3n de patios andaluces con faroles de forja artesanal. Crea espacios con alma, luz c\u00e1lida y la esencia pura del sur.\" \/>\n<meta name=\"robots\" content=\"index, follow, max-snippet:-1, max-image-preview:large, max-video-preview:-1\" \/>\n<link rel=\"canonical\" href=\"https:\/\/farolesdeforja.es\/en\/decoracion-de-patios-andaluces-faroles-apliques\/\" \/>\n<meta property=\"og:locale\" content=\"en_US\" \/>\n<meta property=\"og:type\" content=\"article\" \/>\n<meta property=\"og:title\" content=\"El arte de la decoraci\u00f3n de patios andaluces con faroles y apliques | Faroles de forja y Mobiliario de forja art\u00edstica | Artesan\u00eda Salcedo Sevilla\" \/>\n<meta property=\"og:description\" content=\"Inspira tu decoraci\u00f3n de patios andaluces con faroles de forja artesanal. Crea espacios con alma, luz c\u00e1lida y la esencia pura del sur.\" \/>\n<meta property=\"og:url\" content=\"https:\/\/farolesdeforja.es\/en\/decoracion-de-patios-andaluces-faroles-apliques\/\" \/>\n<meta property=\"og:site_name\" content=\"Faroles de forja y Mobiliario de forja art\u00edstica | Artesan\u00eda Salcedo Sevilla\" \/>\n<meta property=\"article:publisher\" content=\"https:\/\/www.facebook.com\/salcedosevilla\" \/>\n<meta property=\"article:published_time\" content=\"2026-03-19T15:01:34+00:00\" \/>\n<meta property=\"article:modified_time\" content=\"2026-03-19T15:02:18+00:00\" \/>\n<meta property=\"og:image\" content=\"https:\/\/farolesdeforja.es\/wp-content\/uploads\/2026\/03\/decoracion-de-patios-andaluces.png\" \/>\n\t<meta property=\"og:image:width\" content=\"800\" \/>\n\t<meta property=\"og:image:height\" content=\"600\" \/>\n\t<meta property=\"og:image:type\" content=\"image\/png\" \/>\n<meta name=\"author\" content=\"Salcedo artesan\u00eda\" \/>\n<meta name=\"twitter:card\" content=\"summary_large_image\" \/>\n<meta name=\"twitter:label1\" content=\"Written by\" \/>\n\t<meta name=\"twitter:data1\" content=\"Salcedo artesan\u00eda\" \/>\n\t<meta name=\"twitter:label2\" content=\"Est. reading time\" \/>\n\t<meta name=\"twitter:data2\" content=\"6 minutes\" \/>\n<script type=\"application\/ld+json\" class=\"yoast-schema-graph\">{\"@context\":\"https:\\\/\\\/schema.org\",\"@graph\":[{\"@type\":\"Article\",\"@id\":\"https:\\\/\\\/farolesdeforja.es\\\/en\\\/decoracion-de-patios-andaluces-faroles-apliques\\\/#article\",\"isPartOf\":{\"@id\":\"https:\\\/\\\/farolesdeforja.es\\\/en\\\/decoracion-de-patios-andaluces-faroles-apliques\\\/\"},\"author\":{\"name\":\"Salcedo artesan\u00eda\",\"@id\":\"https:\\\/\\\/farolesdeforja.es\\\/en\\\/#\\\/schema\\\/person\\\/185596d815bcbc7cda6427e9ad4b8b6f\"},\"headline\":\"El arte de la decoraci\u00f3n de patios andaluces con faroles y apliques\",\"datePublished\":\"2026-03-19T15:01:34+00:00\",\"dateModified\":\"2026-03-19T15:02:18+00:00\",\"mainEntityOfPage\":{\"@id\":\"https:\\\/\\\/farolesdeforja.es\\\/en\\\/decoracion-de-patios-andaluces-faroles-apliques\\\/\"},\"wordCount\":974,\"publisher\":{\"@id\":\"https:\\\/\\\/farolesdeforja.es\\\/en\\\/#organization\"},\"image\":{\"@id\":\"https:\\\/\\\/farolesdeforja.es\\\/en\\\/decoracion-de-patios-andaluces-faroles-apliques\\\/#primaryimage\"},\"thumbnailUrl\":\"https:\\\/\\\/farolesdeforja.es\\\/wp-content\\\/uploads\\\/2026\\\/03\\\/decoracion-de-patios-andaluces.png\",\"keywords\":[\"apliques\",\"decoraci\u00f3n de exteriores\"],\"articleSection\":[\"Decoraci\u00f3n\",\"Forja art\u00edstica\"],\"inLanguage\":\"en-US\"},{\"@type\":\"WebPage\",\"@id\":\"https:\\\/\\\/farolesdeforja.es\\\/en\\\/decoracion-de-patios-andaluces-faroles-apliques\\\/\",\"url\":\"https:\\\/\\\/farolesdeforja.es\\\/en\\\/decoracion-de-patios-andaluces-faroles-apliques\\\/\",\"name\":\"El arte de la decoraci\u00f3n de patios andaluces con faroles y apliques | Faroles de forja y Mobiliario de forja art\u00edstica | Artesan\u00eda Salcedo Sevilla\",\"isPartOf\":{\"@id\":\"https:\\\/\\\/farolesdeforja.es\\\/en\\\/#website\"},\"primaryImageOfPage\":{\"@id\":\"https:\\\/\\\/farolesdeforja.es\\\/en\\\/decoracion-de-patios-andaluces-faroles-apliques\\\/#primaryimage\"},\"image\":{\"@id\":\"https:\\\/\\\/farolesdeforja.es\\\/en\\\/decoracion-de-patios-andaluces-faroles-apliques\\\/#primaryimage\"},\"thumbnailUrl\":\"https:\\\/\\\/farolesdeforja.es\\\/wp-content\\\/uploads\\\/2026\\\/03\\\/decoracion-de-patios-andaluces.png\",\"datePublished\":\"2026-03-19T15:01:34+00:00\",\"dateModified\":\"2026-03-19T15:02:18+00:00\",\"description\":\"Inspira tu decoraci\u00f3n de patios andaluces con faroles de forja artesanal. Crea espacios con alma, luz c\u00e1lida y la esencia pura del sur.\",\"breadcrumb\":{\"@id\":\"https:\\\/\\\/farolesdeforja.es\\\/en\\\/decoracion-de-patios-andaluces-faroles-apliques\\\/#breadcrumb\"},\"inLanguage\":\"en-US\",\"potentialAction\":[{\"@type\":\"ReadAction\",\"target\":[\"https:\\\/\\\/farolesdeforja.es\\\/en\\\/decoracion-de-patios-andaluces-faroles-apliques\\\/\"]}]},{\"@type\":\"ImageObject\",\"inLanguage\":\"en-US\",\"@id\":\"https:\\\/\\\/farolesdeforja.es\\\/en\\\/decoracion-de-patios-andaluces-faroles-apliques\\\/#primaryimage\",\"url\":\"https:\\\/\\\/farolesdeforja.es\\\/wp-content\\\/uploads\\\/2026\\\/03\\\/decoracion-de-patios-andaluces.png\",\"contentUrl\":\"https:\\\/\\\/farolesdeforja.es\\\/wp-content\\\/uploads\\\/2026\\\/03\\\/decoracion-de-patios-andaluces.png\",\"width\":800,\"height\":600,\"caption\":\"decoraci\u00f3n de patios andaluces\"},{\"@type\":\"BreadcrumbList\",\"@id\":\"https:\\\/\\\/farolesdeforja.es\\\/en\\\/decoracion-de-patios-andaluces-faroles-apliques\\\/#breadcrumb\",\"itemListElement\":[{\"@type\":\"ListItem\",\"position\":1,\"name\":\"Inicio\",\"item\":\"https:\\\/\\\/farolesdeforja.es\\\/en\\\/\"},{\"@type\":\"ListItem\",\"position\":2,\"name\":\"El arte de la decoraci\u00f3n de patios andaluces con faroles y apliques\"}]},{\"@type\":\"WebSite\",\"@id\":\"https:\\\/\\\/farolesdeforja.es\\\/en\\\/#website\",\"url\":\"https:\\\/\\\/farolesdeforja.es\\\/en\\\/\",\"name\":\"Faroles de forja y Mobiliario de forja art\u00edstica | Artesan\u00eda Salcedo Sevilla\",\"description\":\"Faroles de forja y mobiliario fabricados de forma artesanal desde 1971. Artesan\u00eda Salcedo es referente en forja art\u00edstica en Sevilla. Compra online de faroles de forja y env\u00edo GRATIS en casi todos los art\u00edculos \u00a1Personalizamos cualquier pieza!\",\"publisher\":{\"@id\":\"https:\\\/\\\/farolesdeforja.es\\\/en\\\/#organization\"},\"alternateName\":\"Salcedo Sevilla\",\"potentialAction\":[{\"@type\":\"SearchAction\",\"target\":{\"@type\":\"EntryPoint\",\"urlTemplate\":\"https:\\\/\\\/farolesdeforja.es\\\/en\\\/?s={search_term_string}\"},\"query-input\":{\"@type\":\"PropertyValueSpecification\",\"valueRequired\":true,\"valueName\":\"search_term_string\"}}],\"inLanguage\":\"en-US\"},{\"@type\":\"Organization\",\"@id\":\"https:\\\/\\\/farolesdeforja.es\\\/en\\\/#organization\",\"name\":\"Salcedo Sevilla\",\"url\":\"https:\\\/\\\/farolesdeforja.es\\\/en\\\/\",\"logo\":{\"@type\":\"ImageObject\",\"inLanguage\":\"en-US\",\"@id\":\"https:\\\/\\\/farolesdeforja.es\\\/en\\\/#\\\/schema\\\/logo\\\/image\\\/\",\"url\":\"https:\\\/\\\/farolesdeforja.es\\\/wp-content\\\/uploads\\\/2018\\\/04\\\/cropped-favicon.png\",\"contentUrl\":\"https:\\\/\\\/farolesdeforja.es\\\/wp-content\\\/uploads\\\/2018\\\/04\\\/cropped-favicon.png\",\"width\":512,\"height\":512,\"caption\":\"Salcedo Sevilla\"},\"image\":{\"@id\":\"https:\\\/\\\/farolesdeforja.es\\\/en\\\/#\\\/schema\\\/logo\\\/image\\\/\"},\"sameAs\":[\"https:\\\/\\\/www.facebook.com\\\/salcedosevilla\",\"https:\\\/\\\/www.instagram.com\\\/farolesdeforja\\\/\",\"https:\\\/\\\/www.pinterest.com\\\/Farolesdeforja\\\/\"]},{\"@type\":\"Person\",\"@id\":\"https:\\\/\\\/farolesdeforja.es\\\/en\\\/#\\\/schema\\\/person\\\/185596d815bcbc7cda6427e9ad4b8b6f\",\"name\":\"Salcedo artesan\u00eda\",\"image\":{\"@type\":\"ImageObject\",\"inLanguage\":\"en-US\",\"@id\":\"https:\\\/\\\/secure.gravatar.com\\\/avatar\\\/af0373de48c8f9f53bceda0eebe2f6e70f9d33d141bdb4966578d880b0105244?s=96&d=mm&r=g\",\"url\":\"https:\\\/\\\/secure.gravatar.com\\\/avatar\\\/af0373de48c8f9f53bceda0eebe2f6e70f9d33d141bdb4966578d880b0105244?s=96&d=mm&r=g\",\"contentUrl\":\"https:\\\/\\\/secure.gravatar.com\\\/avatar\\\/af0373de48c8f9f53bceda0eebe2f6e70f9d33d141bdb4966578d880b0105244?s=96&d=mm&r=g\",\"caption\":\"Salcedo artesan\u00eda\"}}]}<\/script>\n<!-- \/ Yoast SEO plugin. -->","yoast_head_json":{"title":"El arte de la decoraci\u00f3n de patios andaluces con faroles y apliques | Faroles de forja y Mobiliario de forja art\u00edstica | Artesan\u00eda Salcedo Sevilla","description":"Inspira tu decoraci\u00f3n de patios andaluces con faroles de forja artesanal. Crea espacios con alma, luz c\u00e1lida y la esencia pura del sur.","robots":{"index":"index","follow":"follow","max-snippet":"max-snippet:-1","max-image-preview":"max-image-preview:large","max-video-preview":"max-video-preview:-1"},"canonical":"https:\/\/farolesdeforja.es\/en\/decoracion-de-patios-andaluces-faroles-apliques\/","og_locale":"en_US","og_type":"article","og_title":"El arte de la decoraci\u00f3n de patios andaluces con faroles y apliques | Faroles de forja y Mobiliario de forja art\u00edstica | Artesan\u00eda Salcedo Sevilla","og_description":"Inspira tu decoraci\u00f3n de patios andaluces con faroles de forja artesanal. Crea espacios con alma, luz c\u00e1lida y la esencia pura del sur.","og_url":"https:\/\/farolesdeforja.es\/en\/decoracion-de-patios-andaluces-faroles-apliques\/","og_site_name":"Faroles de forja y Mobiliario de forja art\u00edstica | Artesan\u00eda Salcedo Sevilla","article_publisher":"https:\/\/www.facebook.com\/salcedosevilla","article_published_time":"2026-03-19T15:01:34+00:00","article_modified_time":"2026-03-19T15:02:18+00:00","og_image":[{"width":800,"height":600,"url":"https:\/\/farolesdeforja.es\/wp-content\/uploads\/2026\/03\/decoracion-de-patios-andaluces.png","type":"image\/png"}],"author":"Salcedo artesan\u00eda","twitter_card":"summary_large_image","twitter_misc":{"Written by":"Salcedo artesan\u00eda","Est. reading time":"6 minutes"},"schema":{"@context":"https:\/\/schema.org","@graph":[{"@type":"Article","@id":"https:\/\/farolesdeforja.es\/en\/decoracion-de-patios-andaluces-faroles-apliques\/#article","isPartOf":{"@id":"https:\/\/farolesdeforja.es\/en\/decoracion-de-patios-andaluces-faroles-apliques\/"},"author":{"name":"Salcedo artesan\u00eda","@id":"https:\/\/farolesdeforja.es\/en\/#\/schema\/person\/185596d815bcbc7cda6427e9ad4b8b6f"},"headline":"El arte de la decoraci\u00f3n de patios andaluces con faroles y apliques","datePublished":"2026-03-19T15:01:34+00:00","dateModified":"2026-03-19T15:02:18+00:00","mainEntityOfPage":{"@id":"https:\/\/farolesdeforja.es\/en\/decoracion-de-patios-andaluces-faroles-apliques\/"},"wordCount":974,"publisher":{"@id":"https:\/\/farolesdeforja.es\/en\/#organization"},"image":{"@id":"https:\/\/farolesdeforja.es\/en\/decoracion-de-patios-andaluces-faroles-apliques\/#primaryimage"},"thumbnailUrl":"https:\/\/farolesdeforja.es\/wp-content\/uploads\/2026\/03\/decoracion-de-patios-andaluces.png","keywords":["apliques","decoraci\u00f3n de exteriores"],"articleSection":["Decoraci\u00f3n","Forja art\u00edstica"],"inLanguage":"en-US"},{"@type":"WebPage","@id":"https:\/\/farolesdeforja.es\/en\/decoracion-de-patios-andaluces-faroles-apliques\/","url":"https:\/\/farolesdeforja.es\/en\/decoracion-de-patios-andaluces-faroles-apliques\/","name":"El arte de la decoraci\u00f3n de patios andaluces con faroles y apliques | Faroles de forja y Mobiliario de forja art\u00edstica | Artesan\u00eda Salcedo Sevilla","isPartOf":{"@id":"https:\/\/farolesdeforja.es\/en\/#website"},"primaryImageOfPage":{"@id":"https:\/\/farolesdeforja.es\/en\/decoracion-de-patios-andaluces-faroles-apliques\/#primaryimage"},"image":{"@id":"https:\/\/farolesdeforja.es\/en\/decoracion-de-patios-andaluces-faroles-apliques\/#primaryimage"},"thumbnailUrl":"https:\/\/farolesdeforja.es\/wp-content\/uploads\/2026\/03\/decoracion-de-patios-andaluces.png","datePublished":"2026-03-19T15:01:34+00:00","dateModified":"2026-03-19T15:02:18+00:00","description":"Inspira tu decoraci\u00f3n de patios andaluces con faroles de forja artesanal. Crea espacios con alma, luz c\u00e1lida y la esencia pura del sur.","breadcrumb":{"@id":"https:\/\/farolesdeforja.es\/en\/decoracion-de-patios-andaluces-faroles-apliques\/#breadcrumb"},"inLanguage":"en-US","potentialAction":[{"@type":"ReadAction","target":["https:\/\/farolesdeforja.es\/en\/decoracion-de-patios-andaluces-faroles-apliques\/"]}]},{"@type":"ImageObject","inLanguage":"en-US","@id":"https:\/\/farolesdeforja.es\/en\/decoracion-de-patios-andaluces-faroles-apliques\/#primaryimage","url":"https:\/\/farolesdeforja.es\/wp-content\/uploads\/2026\/03\/decoracion-de-patios-andaluces.png","contentUrl":"https:\/\/farolesdeforja.es\/wp-content\/uploads\/2026\/03\/decoracion-de-patios-andaluces.png","width":800,"height":600,"caption":"decoraci\u00f3n de patios andaluces"},{"@type":"BreadcrumbList","@id":"https:\/\/farolesdeforja.es\/en\/decoracion-de-patios-andaluces-faroles-apliques\/#breadcrumb","itemListElement":[{"@type":"ListItem","position":1,"name":"Inicio","item":"https:\/\/farolesdeforja.es\/en\/"},{"@type":"ListItem","position":2,"name":"El arte de la decoraci\u00f3n de patios andaluces con faroles y apliques"}]},{"@type":"WebSite","@id":"https:\/\/farolesdeforja.es\/en\/#website","url":"https:\/\/farolesdeforja.es\/en\/","name":"Faroles de forja y Mobiliario de forja art\u00edstica | Artesan\u00eda Salcedo Sevilla","description":"Faroles de forja y mobiliario fabricados de forma artesanal desde 1971. Artesan\u00eda Salcedo es referente en forja art\u00edstica en Sevilla. Compra online de faroles de forja y env\u00edo GRATIS en casi todos los art\u00edculos \u00a1Personalizamos cualquier pieza!","publisher":{"@id":"https:\/\/farolesdeforja.es\/en\/#organization"},"alternateName":"Salcedo Sevilla","potentialAction":[{"@type":"SearchAction","target":{"@type":"EntryPoint","urlTemplate":"https:\/\/farolesdeforja.es\/en\/?s={search_term_string}"},"query-input":{"@type":"PropertyValueSpecification","valueRequired":true,"valueName":"search_term_string"}}],"inLanguage":"en-US"},{"@type":"Organization","@id":"https:\/\/farolesdeforja.es\/en\/#organization","name":"Salcedo Sevilla","url":"https:\/\/farolesdeforja.es\/en\/","logo":{"@type":"ImageObject","inLanguage":"en-US","@id":"https:\/\/farolesdeforja.es\/en\/#\/schema\/logo\/image\/","url":"https:\/\/farolesdeforja.es\/wp-content\/uploads\/2018\/04\/cropped-favicon.png","contentUrl":"https:\/\/farolesdeforja.es\/wp-content\/uploads\/2018\/04\/cropped-favicon.png","width":512,"height":512,"caption":"Salcedo Sevilla"},"image":{"@id":"https:\/\/farolesdeforja.es\/en\/#\/schema\/logo\/image\/"},"sameAs":["https:\/\/www.facebook.com\/salcedosevilla","https:\/\/www.instagram.com\/farolesdeforja\/","https:\/\/www.pinterest.com\/Farolesdeforja\/"]},{"@type":"Person","@id":"https:\/\/farolesdeforja.es\/en\/#\/schema\/person\/185596d815bcbc7cda6427e9ad4b8b6f","name":"Salcedo artesan\u00eda","image":{"@type":"ImageObject","inLanguage":"en-US","@id":"https:\/\/secure.gravatar.com\/avatar\/af0373de48c8f9f53bceda0eebe2f6e70f9d33d141bdb4966578d880b0105244?s=96&d=mm&r=g","url":"https:\/\/secure.gravatar.com\/avatar\/af0373de48c8f9f53bceda0eebe2f6e70f9d33d141bdb4966578d880b0105244?s=96&d=mm&r=g","contentUrl":"https:\/\/secure.gravatar.com\/avatar\/af0373de48c8f9f53bceda0eebe2f6e70f9d33d141bdb4966578d880b0105244?s=96&d=mm&r=g","caption":"Salcedo artesan\u00eda"}}]}},"uagb_featured_image_src":{"full":["https:\/\/farolesdeforja.es\/wp-content\/uploads\/2026\/03\/decoracion-de-patios-andaluces.png",800,600,false],"thumbnail":["https:\/\/farolesdeforja.es\/wp-content\/uploads\/2026\/03\/decoracion-de-patios-andaluces-150x150.png",150,150,true],"medium":["https:\/\/farolesdeforja.es\/wp-content\/uploads\/2026\/03\/decoracion-de-patios-andaluces-300x225.png",300,225,true],"medium_large":["https:\/\/farolesdeforja.es\/wp-content\/uploads\/2026\/03\/decoracion-de-patios-andaluces-768x576.png",768,576,true],"large":["https:\/\/farolesdeforja.es\/wp-content\/uploads\/2026\/03\/decoracion-de-patios-andaluces.png",800,600,false],"1536x1536":["https:\/\/farolesdeforja.es\/wp-content\/uploads\/2026\/03\/decoracion-de-patios-andaluces.png",800,600,false],"2048x2048":["https:\/\/farolesdeforja.es\/wp-content\/uploads\/2026\/03\/decoracion-de-patios-andaluces.png",800,600,false],"bdpp-medium":["https:\/\/farolesdeforja.es\/wp-content\/uploads\/2026\/03\/decoracion-de-patios-andaluces-640x480.png",640,480,true],"woocommerce_thumbnail":["https:\/\/farolesdeforja.es\/wp-content\/uploads\/2026\/03\/decoracion-de-patios-andaluces-300x300.png",300,300,true],"woocommerce_single":["https:\/\/farolesdeforja.es\/wp-content\/uploads\/2026\/03\/decoracion-de-patios-andaluces-600x450.png",600,450,true],"woocommerce_gallery_thumbnail":["https:\/\/farolesdeforja.es\/wp-content\/uploads\/2026\/03\/decoracion-de-patios-andaluces-100x100.png",100,100,true]},"uagb_author_info":{"display_name":"Salcedo artesan\u00eda","author_link":"https:\/\/farolesdeforja.es\/en\/author\/businessgo\/"},"uagb_comment_info":0,"uagb_excerpt":"La decoraci\u00f3n de los patios andaluces es el resultado de una historia milenaria, donde el espacio se ha ido adaptando seg\u00fan las diferentes culturas que han pasado por Andaluc\u00eda. El resultado es una fusi\u00f3n de elementos en perfecto equilibrio, donde se encontramos elementos naturales, como el agua y la vegetaci\u00f3n, con otros artesanales como la&hellip;","_links":{"self":[{"href":"https:\/\/farolesdeforja.es\/en\/wp-json\/wp\/v2\/posts\/25498","targetHints":{"allow":["GET"]}}],"collection":[{"href":"https:\/\/farolesdeforja.es\/en\/wp-json\/wp\/v2\/posts"}],"about":[{"href":"https:\/\/farolesdeforja.es\/en\/wp-json\/wp\/v2\/types\/post"}],"author":[{"embeddable":true,"href":"https:\/\/farolesdeforja.es\/en\/wp-json\/wp\/v2\/users\/1"}],"replies":[{"embeddable":true,"href":"https:\/\/farolesdeforja.es\/en\/wp-json\/wp\/v2\/comments?post=25498"}],"version-history":[{"count":7,"href":"https:\/\/farolesdeforja.es\/en\/wp-json\/wp\/v2\/posts\/25498\/revisions"}],"predecessor-version":[{"id":25535,"href":"https:\/\/farolesdeforja.es\/en\/wp-json\/wp\/v2\/posts\/25498\/revisions\/25535"}],"wp:featuredmedia":[{"embeddable":true,"href":"https:\/\/farolesdeforja.es\/en\/wp-json\/wp\/v2\/media\/25533"}],"wp:attachment":[{"href":"https:\/\/farolesdeforja.es\/en\/wp-json\/wp\/v2\/media?parent=25498"}],"wp:term":[{"taxonomy":"category","embeddable":true,"href":"https:\/\/farolesdeforja.es\/en\/wp-json\/wp\/v2\/categories?post=25498"},{"taxonomy":"post_tag","embeddable":true,"href":"https:\/\/farolesdeforja.es\/en\/wp-json\/wp\/v2\/tags?post=25498"}],"curies":[{"name":"wp","href":"https:\/\/api.w.org\/{rel}","templated":true}]}}