{"id":12842,"date":"2020-03-18T14:31:38","date_gmt":"2020-03-18T13:31:38","guid":{"rendered":"https:\/\/farolesdeforja.es\/?p=12842"},"modified":"2020-03-18T14:31:38","modified_gmt":"2020-03-18T13:31:38","slug":"series-y-peliculas-en-casa","status":"publish","type":"post","link":"https:\/\/farolesdeforja.es\/en\/series-y-peliculas-en-casa\/","title":{"rendered":"Series y pel\u00edculas para disfrutar en casa"},"content":{"rendered":"<figure id=\"attachment_693\" aria-describedby=\"caption-attachment-693\" style=\"width: 300px\" class=\"wp-caption alignright\"><img loading=\"lazy\" decoding=\"async\" class=\"size-medium wp-image-693\" src=\"https:\/\/farolesdeforja.es\/wp-content\/uploads\/2018\/05\/lawrence-de-arabia-300x200.jpg\" alt=\"Escena de Lawrence de Arabia rodada en Sevilla\" width=\"300\" height=\"200\" srcset=\"https:\/\/farolesdeforja.es\/wp-content\/uploads\/2018\/05\/lawrence-de-arabia-300x200.jpg 300w, https:\/\/farolesdeforja.es\/wp-content\/uploads\/2018\/05\/lawrence-de-arabia.jpg 562w\" sizes=\"auto, (max-width: 300px) 100vw, 300px\" \/><figcaption id=\"caption-attachment-693\" class=\"wp-caption-text\">Escena de Lawrence de Arabia<\/figcaption><\/figure>\n<p>La extraordinaria situaci\u00f3n en la que nos encontramos ha provocado que tengamos que pasar varios d\u00edas en casa como medida de precauci\u00f3n. Desde <strong>Artesan\u00eda Salcedo<\/strong> nos sumamos a ello y queremos pedir a nuestros clientes que no salgan a la calle, la salud de todos est\u00e1 en juego. Por eso, y para animar este tiempo, hemos hecho una <strong>recopilaci\u00f3n de series y pel\u00edculas<\/strong> en las que hemos participado con algunos de nuestros faroles para el atrezzo.<\/p>\n<p>Lo bueno de esto es que hay para todos los gustos, desde lo cl\u00e1sico hasta lo m\u00e1s moderno. Tambi\u00e9n incluimos contenido con una tem\u00e1tica de \u00e9poca, ya que tenemos la <strong><a href=\"https:\/\/farolesdeforja.es\/faroles-de-forja-antiguos-en-decoracion\/\">recreaci\u00f3n de faroles antiguos<\/a><\/strong> como una de nuestras especialidades. Y, por qu\u00e9 no, est\u00e1 la posibilidad de hacer un\u00a0<em>mix<\/em> de todo y disfrutar de un megamarat\u00f3n. Si vas a ser uno de esos valientes, \u00a1queremos saberlo para que nos cuentes c\u00f3mo te ha ido!<\/p>\n<div id=\"ez-toc-container\" class=\"ez-toc-v2_0_82_2 counter-hierarchy ez-toc-counter ez-toc-grey ez-toc-container-direction\">\n<p class=\"ez-toc-title\" style=\"cursor:inherit\">\u00cdndice del contenidos<\/p>\n<label for=\"ez-toc-cssicon-toggle-item-69f7291d36b59\" class=\"ez-toc-cssicon-toggle-label\"><span class=\"\"><span class=\"eztoc-hide\" style=\"display:none;\">Toggle<\/span><span class=\"ez-toc-icon-toggle-span\"><svg style=\"fill: #999;color:#999\" xmlns=\"http:\/\/www.w3.org\/2000\/svg\" class=\"list-377408\" width=\"20px\" height=\"20px\" viewBox=\"0 0 24 24\" fill=\"none\"><path d=\"M6 6H4v2h2V6zm14 0H8v2h12V6zM4 11h2v2H4v-2zm16 0H8v2h12v-2zM4 16h2v2H4v-2zm16 0H8v2h12v-2z\" fill=\"currentColor\"><\/path><\/svg><svg style=\"fill: #999;color:#999\" class=\"arrow-unsorted-368013\" xmlns=\"http:\/\/www.w3.org\/2000\/svg\" width=\"10px\" height=\"10px\" viewBox=\"0 0 24 24\" version=\"1.2\" baseProfile=\"tiny\"><path d=\"M18.2 9.3l-6.2-6.3-6.2 6.3c-.2.2-.3.4-.3.7s.1.5.3.7c.2.2.4.3.7.3h11c.3 0 .5-.1.7-.3.2-.2.3-.5.3-.7s-.1-.5-.3-.7zM5.8 14.7l6.2 6.3 6.2-6.3c.2-.2.3-.5.3-.7s-.1-.5-.3-.7c-.2-.2-.4-.3-.7-.3h-11c-.3 0-.5.1-.7.3-.2.2-.3.5-.3.7s.1.5.3.7z\"\/><\/svg><\/span><\/span><\/label><input type=\"checkbox\"  id=\"ez-toc-cssicon-toggle-item-69f7291d36b59\"  aria-label=\"Toggle\" \/><nav><ul class='ez-toc-list ez-toc-list-level-1 ' ><li class='ez-toc-page-1 ez-toc-heading-level-2'><a class=\"ez-toc-link ez-toc-heading-1\" href=\"https:\/\/farolesdeforja.es\/en\/series-y-peliculas-en-casa\/#Series_del_catalogo_Salcedo\" >Series del cat\u00e1logo Salcedo<\/a><\/li><li class='ez-toc-page-1 ez-toc-heading-level-2'><a class=\"ez-toc-link ez-toc-heading-2\" href=\"https:\/\/farolesdeforja.es\/en\/series-y-peliculas-en-casa\/#Participaciones_en_peliculas_y_apariciones_inesperadas\" >Participaciones en pel\u00edculas y apariciones inesperadas<\/a><\/li><\/ul><\/nav><\/div>\n<h2><span class=\"ez-toc-section\" id=\"Series_del_catalogo_Salcedo\"><\/span>Series del cat\u00e1logo Salcedo<span class=\"ez-toc-section-end\"><\/span><\/h2>\n<figure id=\"attachment_5661\" aria-describedby=\"caption-attachment-5661\" style=\"width: 300px\" class=\"wp-caption alignleft\"><img loading=\"lazy\" decoding=\"async\" class=\"size-medium wp-image-5661\" src=\"https:\/\/farolesdeforja.es\/wp-content\/uploads\/2019\/06\/la-otra-mirada-foto-pagina-facebook-300x204.jpg\" alt=\"\" width=\"300\" height=\"204\" srcset=\"https:\/\/farolesdeforja.es\/wp-content\/uploads\/2019\/06\/la-otra-mirada-foto-pagina-facebook-300x204.jpg 300w, https:\/\/farolesdeforja.es\/wp-content\/uploads\/2019\/06\/la-otra-mirada-foto-pagina-facebook-768x521.jpg 768w, https:\/\/farolesdeforja.es\/wp-content\/uploads\/2019\/06\/la-otra-mirada-foto-pagina-facebook-1024x695.jpg 1024w, https:\/\/farolesdeforja.es\/wp-content\/uploads\/2019\/06\/la-otra-mirada-foto-pagina-facebook-600x407.jpg 600w, https:\/\/farolesdeforja.es\/wp-content\/uploads\/2019\/06\/la-otra-mirada-foto-pagina-facebook.jpg 1051w\" sizes=\"auto, (max-width: 300px) 100vw, 300px\" \/><figcaption id=\"caption-attachment-5661\" class=\"wp-caption-text\">Foto: RTVE<\/figcaption><\/figure>\n<p>Te vamos a proponer dos <strong>series espa\u00f1olas de \u00e9poca<\/strong> con muy buena acogida entre el p\u00fablico. En ambas hemos tenido nuestros cameos destacados.<\/p>\n<ul>\n<li><a href=\"https:\/\/farolesdeforja.es\/salcedo-en-el-atrezzo-de-la-otra-mirada\/\"><strong>La Otra Mirada<\/strong><\/a>. Una de las series m\u00e1s comentadas durante los \u00faltimos a\u00f1os por su contenido social, hablando de feminismo en la Sevilla de los a\u00f1os 20. La trama se enmarca dentro de una residencia femenina situada en una antigua casa palacio andaluza. En su patio, encontramos <strong>26 piezas del modelo Rosario Cup\u00edn<\/strong>, tanto en <a href=\"https:\/\/farolesdeforja.es\/tienda\/faroles\/faroles-de-techo\/farol-de-techo-rosario-cupin\/\">farol de techo<\/a> como en <a href=\"https:\/\/farolesdeforja.es\/tienda\/faroles\/apliques-de-farol\/farol-de-pared-rosario\/\">aplique de pared<\/a>. Su buena acogida entre los clientes ha ido pareja con el \u00e9xito alcanzado por &#8220;La Otra Mirada&#8221;.<\/li>\n<li><strong>\u00c1guila Roja.\u00a0<\/strong>\u00bfPuedes imaginarte a un justiciero enmascarado en la Espa\u00f1a del Siglo de Oro? Pues ese es \u00c1guila Roja, una ficci\u00f3n de Globomedia llena de intrigas y aventuras. En este caso, el equipo de rodaje escogi\u00f3 el <strong>antiguo Hospital de Tavera<\/strong> para grabar varias escenas. All\u00ed podemos encontrar el <strong><a href=\"https:\/\/farolesdeforja.es\/artesania-y-forja-renacentista\/\">farol C\u00f3nsul, que sigue un estilo renacentista<\/a><\/strong> acorde con el edificio, uno de los mayores exponentes de este estilo art\u00edstico en Toledo.<\/li>\n<\/ul>\n<h2><span class=\"ez-toc-section\" id=\"Participaciones_en_peliculas_y_apariciones_inesperadas\"><\/span>Participaciones en pel\u00edculas y apariciones inesperadas<span class=\"ez-toc-section-end\"><\/span><\/h2>\n<p><img loading=\"lazy\" decoding=\"async\" class=\"size-medium wp-image-3163 alignleft\" src=\"https:\/\/farolesdeforja.es\/wp-content\/uploads\/2018\/07\/rodaje-noche-y-dia-203x300.jpg\" alt=\"Escenario noche y d\u00eda\" width=\"203\" height=\"300\" srcset=\"https:\/\/farolesdeforja.es\/wp-content\/uploads\/2018\/07\/rodaje-noche-y-dia-203x300.jpg 203w, https:\/\/farolesdeforja.es\/wp-content\/uploads\/2018\/07\/rodaje-noche-y-dia-691x1024.jpg 691w, https:\/\/farolesdeforja.es\/wp-content\/uploads\/2018\/07\/rodaje-noche-y-dia-600x889.jpg 600w, https:\/\/farolesdeforja.es\/wp-content\/uploads\/2018\/07\/rodaje-noche-y-dia.jpg 750w\" sizes=\"auto, (max-width: 203px) 100vw, 203px\" \/>Las <strong>grandes producciones de Hollywood<\/strong> tambi\u00e9n han contado con nosotros en los momentos que Sevilla ha sido escenario para pel\u00edculas. Casi desde nuestros inicios, hemos estado <strong>vinculados al atrezzo del cine<\/strong> con una tem\u00e1tica claramente andaluza. Estas son las pel\u00edculas donde hemos aportado nuestro granito de arena con faroles, apliques l\u00e1mparas&#8230; \u00a1Te recomendamos echarles un vistazo!<\/p>\n<ul>\n<li><strong><a href=\"https:\/\/farolesdeforja.es\/escenarios-de-pelicula-salcedo-sevilla\/\">Lawrence de Arabia<\/a><\/strong>. Un cl\u00e1sico del cine que supuso nuestra primera aparici\u00f3n en la gran pantalla. Escenarios como la Casa de Pilatos, la plaza de Espa\u00f1a o el Hotel Alfonso XIII aparecen durante la pel\u00edcula. Por supuesto, en algunos de ellos podemos encontrar <strong>nuestros primero faroles sevillanos<\/strong>.<\/li>\n<li><strong><a href=\"https:\/\/farolesdeforja.es\/nuestros-faroles-en-cine-y-teatro\/\">Noche y D\u00eda<\/a><\/strong>. Hace justo una d\u00e9cada, la capital andaluza vivi\u00f3 el rodaje de esta pel\u00edcula protagonizada por Tom Cruise y Cameron D\u00edaz, donde la acci\u00f3n y el romance van de la mano en un recorrido que les lleva a dar la vuelta al mundo.<\/li>\n<li><strong>Los l\u00edmites del control<\/strong>.\u00a0<em>Filme\u00a0<\/em>estadounidense del director Jim Jarmusch, que cuenta la historia de un misterioso hombre que llega a Espa\u00f1a para cumplir con un asunto pendiente. Siempre va a acompa\u00f1ado de su viol\u00edn y se encuentra con personajes interpretados por actores como Bill Murray, Gael Garc\u00eda Bernal o Luis Tosar.<\/li>\n<li><strong>Semana Santa<\/strong>. Las tradiciones de nuestra ciudad siempre han sido inspiraci\u00f3n para muchas series y pel\u00edculas. Como no pod\u00eda ser de otra forma, la Semana Santa es una de ellas. En la pel\u00edcula del mismo nombre, dirigida por Pepe Danqart, podemos encontrar algunos detalles que salieron de los talleres de Salcedo.<\/li>\n<li><a href=\"https:\/\/farolesdeforja.es\/farol-salcedo-tienda-antiguedades-toy-story\/\"><strong>Toy Story 4<\/strong><\/a>. Esto fue toda una sorpresa. La \u00faltima pel\u00edcula de la saga de Pixar tiene lugar en una tienda de antig\u00fcedades donde hay de todo, hasta el <strong><a href=\"https:\/\/farolesdeforja.es\/tienda\/faroles\/faroles-de-techo\/farol-villanueva\/\">farol Villanueva<\/a><\/strong>\u00a0de nuestro cat\u00e1logo. No sabemos de d\u00f3nde sacaron la idea los animadores, pero s\u00ed es cierto que este farol fue muy vendido fuera de Espa\u00f1a entre los a\u00f1os 60 y 70. No es descabellado que algunos de los que llegaron a Estados Unidos estuviera en un establecimiento de este tipo. Para nosotros, desde luego, ha sido todo un placer formar parte en una de las grandes sagas de animaci\u00f3n, aunque sea de forma inesperada.<\/li>\n<\/ul>\n<p>Con todas estas series y pel\u00edculas vas a tener contenido de entretenimiento para todos estos d\u00edas. Presta atenci\u00f3n y, si encuentras algunos de nuestros faroles de forja, escr\u00edbenos porque nos encantar\u00eda saberlo.<\/p>\n","protected":false},"excerpt":{"rendered":"<p>La extraordinaria situaci\u00f3n en la que nos encontramos ha provocado que tengamos que pasar varios d\u00edas en casa como medida de precauci\u00f3n. Desde Artesan\u00eda Salcedo nos sumamos a ello y queremos pedir a nuestros clientes que no salgan a la calle, la salud de todos est\u00e1 en juego. Por eso, y para animar este tiempo, [&hellip;]<\/p>\n","protected":false},"author":1,"featured_media":12848,"comment_status":"open","ping_status":"open","sticky":false,"template":"","format":"standard","meta":{"inline_featured_image":false,"_uag_custom_page_level_css":"","site-sidebar-layout":"default","site-content-layout":"","ast-site-content-layout":"default","site-content-style":"default","site-sidebar-style":"default","ast-global-header-display":"","ast-banner-title-visibility":"","ast-main-header-display":"","ast-hfb-above-header-display":"","ast-hfb-below-header-display":"","ast-hfb-mobile-header-display":"","site-post-title":"","ast-breadcrumbs-content":"","ast-featured-img":"","footer-sml-layout":"","ast-disable-related-posts":"","theme-transparent-header-meta":"","adv-header-id-meta":"","stick-header-meta":"","header-above-stick-meta":"","header-main-stick-meta":"","header-below-stick-meta":"","astra-migrate-meta-layouts":"default","ast-page-background-enabled":"default","ast-page-background-meta":{"desktop":{"background-color":"var(--ast-global-color-4)","background-image":"","background-repeat":"repeat","background-position":"center center","background-size":"auto","background-attachment":"scroll","background-type":"","background-media":"","overlay-type":"","overlay-color":"","overlay-opacity":"","overlay-gradient":""},"tablet":{"background-color":"","background-image":"","background-repeat":"repeat","background-position":"center center","background-size":"auto","background-attachment":"scroll","background-type":"","background-media":"","overlay-type":"","overlay-color":"","overlay-opacity":"","overlay-gradient":""},"mobile":{"background-color":"","background-image":"","background-repeat":"repeat","background-position":"center center","background-size":"auto","background-attachment":"scroll","background-type":"","background-media":"","overlay-type":"","overlay-color":"","overlay-opacity":"","overlay-gradient":""}},"ast-content-background-meta":{"desktop":{"background-color":"var(--ast-global-color-5)","background-image":"","background-repeat":"repeat","background-position":"center center","background-size":"auto","background-attachment":"scroll","background-type":"","background-media":"","overlay-type":"","overlay-color":"","overlay-opacity":"","overlay-gradient":""},"tablet":{"background-color":"var(--ast-global-color-5)","background-image":"","background-repeat":"repeat","background-position":"center center","background-size":"auto","background-attachment":"scroll","background-type":"","background-media":"","overlay-type":"","overlay-color":"","overlay-opacity":"","overlay-gradient":""},"mobile":{"background-color":"var(--ast-global-color-5)","background-image":"","background-repeat":"repeat","background-position":"center center","background-size":"auto","background-attachment":"scroll","background-type":"","background-media":"","overlay-type":"","overlay-color":"","overlay-opacity":"","overlay-gradient":""}},"footnotes":""},"categories":[64,63,575],"tags":[303,300,302,193,304,305,306,301],"class_list":["post-12842","post","type-post","status-publish","format-standard","has-post-thumbnail","hentry","category-escenarios-y-atrezzos-de-cine","category-salcedo-en-pantalla","category-salcedo-en-en","tag-aguila-roja","tag-atrezzos-de-cine","tag-escenarios-de-cine","tag-faroles-antiguos","tag-la-otra-mirada","tag-lawrence-de-arabia","tag-noche-y-dia","tag-series-y-peliculas"],"yoast_head":"<!-- This site is optimized with the Yoast SEO plugin v27.4 - https:\/\/yoast.com\/product\/yoast-seo-wordpress\/ -->\n<title>Series y pel\u00edculas para disfrutar en casa | Faroles de forja y Mobiliario de forja art\u00edstica | Artesan\u00eda Salcedo Sevilla<\/title>\n<meta name=\"description\" content=\"Una peque\u00f1a lista donde te comendamos varias series y pel\u00edculas en las que Artesan\u00eda Salcedo ha formado parte del atrezzo.\" \/>\n<meta name=\"robots\" content=\"index, follow, max-snippet:-1, max-image-preview:large, max-video-preview:-1\" \/>\n<link rel=\"canonical\" href=\"https:\/\/farolesdeforja.es\/en\/series-y-peliculas-en-casa\/\" \/>\n<meta property=\"og:locale\" content=\"en_US\" \/>\n<meta property=\"og:type\" content=\"article\" \/>\n<meta property=\"og:title\" content=\"Series y pel\u00edculas para disfrutar en casa | Faroles de forja y Mobiliario de forja art\u00edstica | Artesan\u00eda Salcedo Sevilla\" \/>\n<meta property=\"og:description\" content=\"Una peque\u00f1a lista donde te comendamos varias series y pel\u00edculas en las que Artesan\u00eda Salcedo ha formado parte del atrezzo.\" \/>\n<meta property=\"og:url\" content=\"https:\/\/farolesdeforja.es\/en\/series-y-peliculas-en-casa\/\" \/>\n<meta property=\"og:site_name\" content=\"Faroles de forja y Mobiliario de forja art\u00edstica | Artesan\u00eda Salcedo Sevilla\" \/>\n<meta property=\"article:publisher\" content=\"https:\/\/www.facebook.com\/salcedosevilla\" \/>\n<meta property=\"article:published_time\" content=\"2020-03-18T13:31:38+00:00\" \/>\n<meta property=\"og:image\" content=\"https:\/\/farolesdeforja.es\/wp-content\/uploads\/2020\/03\/series-y-peliculas.jpg\" \/>\n\t<meta property=\"og:image:width\" content=\"800\" \/>\n\t<meta property=\"og:image:height\" content=\"600\" \/>\n\t<meta property=\"og:image:type\" content=\"image\/jpeg\" \/>\n<meta name=\"author\" content=\"Salcedo artesan\u00eda\" \/>\n<meta name=\"twitter:card\" content=\"summary_large_image\" \/>\n<meta name=\"twitter:label1\" content=\"Written by\" \/>\n\t<meta name=\"twitter:data1\" content=\"Salcedo artesan\u00eda\" \/>\n\t<meta name=\"twitter:label2\" content=\"Est. reading time\" \/>\n\t<meta name=\"twitter:data2\" content=\"4 minutes\" \/>\n<script type=\"application\/ld+json\" class=\"yoast-schema-graph\">{\"@context\":\"https:\\\/\\\/schema.org\",\"@graph\":[{\"@type\":\"Article\",\"@id\":\"https:\\\/\\\/farolesdeforja.es\\\/en\\\/series-y-peliculas-en-casa\\\/#article\",\"isPartOf\":{\"@id\":\"https:\\\/\\\/farolesdeforja.es\\\/en\\\/series-y-peliculas-en-casa\\\/\"},\"author\":{\"name\":\"Salcedo artesan\u00eda\",\"@id\":\"https:\\\/\\\/farolesdeforja.es\\\/en\\\/#\\\/schema\\\/person\\\/185596d815bcbc7cda6427e9ad4b8b6f\"},\"headline\":\"Series y pel\u00edculas para disfrutar en casa\",\"datePublished\":\"2020-03-18T13:31:38+00:00\",\"mainEntityOfPage\":{\"@id\":\"https:\\\/\\\/farolesdeforja.es\\\/en\\\/series-y-peliculas-en-casa\\\/\"},\"wordCount\":808,\"commentCount\":0,\"publisher\":{\"@id\":\"https:\\\/\\\/farolesdeforja.es\\\/en\\\/#organization\"},\"image\":{\"@id\":\"https:\\\/\\\/farolesdeforja.es\\\/en\\\/series-y-peliculas-en-casa\\\/#primaryimage\"},\"thumbnailUrl\":\"https:\\\/\\\/farolesdeforja.es\\\/wp-content\\\/uploads\\\/2020\\\/03\\\/series-y-peliculas.jpg\",\"keywords\":[\"\u00e1guila roja\",\"atrezzos de cine\",\"escenarios de cine\",\"faroles antiguos\",\"la otra mirada\",\"lawrence de arabia\",\"noche y d\u00eda\",\"series y pel\u00edculas\"],\"articleSection\":[\"Escenarios y atrezzos de cine\",\"Salcedo en pantalla\",\"Salcedo en&#8230;\"],\"inLanguage\":\"en-US\"},{\"@type\":\"WebPage\",\"@id\":\"https:\\\/\\\/farolesdeforja.es\\\/en\\\/series-y-peliculas-en-casa\\\/\",\"url\":\"https:\\\/\\\/farolesdeforja.es\\\/en\\\/series-y-peliculas-en-casa\\\/\",\"name\":\"Series y pel\u00edculas para disfrutar en casa | Faroles de forja y Mobiliario de forja art\u00edstica | Artesan\u00eda Salcedo Sevilla\",\"isPartOf\":{\"@id\":\"https:\\\/\\\/farolesdeforja.es\\\/en\\\/#website\"},\"primaryImageOfPage\":{\"@id\":\"https:\\\/\\\/farolesdeforja.es\\\/en\\\/series-y-peliculas-en-casa\\\/#primaryimage\"},\"image\":{\"@id\":\"https:\\\/\\\/farolesdeforja.es\\\/en\\\/series-y-peliculas-en-casa\\\/#primaryimage\"},\"thumbnailUrl\":\"https:\\\/\\\/farolesdeforja.es\\\/wp-content\\\/uploads\\\/2020\\\/03\\\/series-y-peliculas.jpg\",\"datePublished\":\"2020-03-18T13:31:38+00:00\",\"description\":\"Una peque\u00f1a lista donde te comendamos varias series y pel\u00edculas en las que Artesan\u00eda Salcedo ha formado parte del atrezzo.\",\"breadcrumb\":{\"@id\":\"https:\\\/\\\/farolesdeforja.es\\\/en\\\/series-y-peliculas-en-casa\\\/#breadcrumb\"},\"inLanguage\":\"en-US\",\"potentialAction\":[{\"@type\":\"ReadAction\",\"target\":[\"https:\\\/\\\/farolesdeforja.es\\\/en\\\/series-y-peliculas-en-casa\\\/\"]}]},{\"@type\":\"ImageObject\",\"inLanguage\":\"en-US\",\"@id\":\"https:\\\/\\\/farolesdeforja.es\\\/en\\\/series-y-peliculas-en-casa\\\/#primaryimage\",\"url\":\"https:\\\/\\\/farolesdeforja.es\\\/wp-content\\\/uploads\\\/2020\\\/03\\\/series-y-peliculas.jpg\",\"contentUrl\":\"https:\\\/\\\/farolesdeforja.es\\\/wp-content\\\/uploads\\\/2020\\\/03\\\/series-y-peliculas.jpg\",\"width\":800,\"height\":600,\"caption\":\"Series y pel\u00edculas\"},{\"@type\":\"BreadcrumbList\",\"@id\":\"https:\\\/\\\/farolesdeforja.es\\\/en\\\/series-y-peliculas-en-casa\\\/#breadcrumb\",\"itemListElement\":[{\"@type\":\"ListItem\",\"position\":1,\"name\":\"Inicio\",\"item\":\"https:\\\/\\\/farolesdeforja.es\\\/en\\\/\"},{\"@type\":\"ListItem\",\"position\":2,\"name\":\"Series y pel\u00edculas para disfrutar en casa\"}]},{\"@type\":\"WebSite\",\"@id\":\"https:\\\/\\\/farolesdeforja.es\\\/en\\\/#website\",\"url\":\"https:\\\/\\\/farolesdeforja.es\\\/en\\\/\",\"name\":\"Faroles de forja y Mobiliario de forja art\u00edstica | Artesan\u00eda Salcedo Sevilla\",\"description\":\"Faroles de forja y mobiliario fabricados de forma artesanal desde 1971. Artesan\u00eda Salcedo es referente en forja art\u00edstica en Sevilla. Compra online de faroles de forja y env\u00edo GRATIS en casi todos los art\u00edculos \u00a1Personalizamos cualquier pieza!\",\"publisher\":{\"@id\":\"https:\\\/\\\/farolesdeforja.es\\\/en\\\/#organization\"},\"alternateName\":\"Salcedo Sevilla\",\"potentialAction\":[{\"@type\":\"SearchAction\",\"target\":{\"@type\":\"EntryPoint\",\"urlTemplate\":\"https:\\\/\\\/farolesdeforja.es\\\/en\\\/?s={search_term_string}\"},\"query-input\":{\"@type\":\"PropertyValueSpecification\",\"valueRequired\":true,\"valueName\":\"search_term_string\"}}],\"inLanguage\":\"en-US\"},{\"@type\":\"Organization\",\"@id\":\"https:\\\/\\\/farolesdeforja.es\\\/en\\\/#organization\",\"name\":\"Salcedo Sevilla\",\"url\":\"https:\\\/\\\/farolesdeforja.es\\\/en\\\/\",\"logo\":{\"@type\":\"ImageObject\",\"inLanguage\":\"en-US\",\"@id\":\"https:\\\/\\\/farolesdeforja.es\\\/en\\\/#\\\/schema\\\/logo\\\/image\\\/\",\"url\":\"https:\\\/\\\/farolesdeforja.es\\\/wp-content\\\/uploads\\\/2018\\\/04\\\/cropped-favicon.png\",\"contentUrl\":\"https:\\\/\\\/farolesdeforja.es\\\/wp-content\\\/uploads\\\/2018\\\/04\\\/cropped-favicon.png\",\"width\":512,\"height\":512,\"caption\":\"Salcedo Sevilla\"},\"image\":{\"@id\":\"https:\\\/\\\/farolesdeforja.es\\\/en\\\/#\\\/schema\\\/logo\\\/image\\\/\"},\"sameAs\":[\"https:\\\/\\\/www.facebook.com\\\/salcedosevilla\",\"https:\\\/\\\/www.instagram.com\\\/farolesdeforja\\\/\",\"https:\\\/\\\/www.pinterest.com\\\/Farolesdeforja\\\/\"]},{\"@type\":\"Person\",\"@id\":\"https:\\\/\\\/farolesdeforja.es\\\/en\\\/#\\\/schema\\\/person\\\/185596d815bcbc7cda6427e9ad4b8b6f\",\"name\":\"Salcedo artesan\u00eda\",\"image\":{\"@type\":\"ImageObject\",\"inLanguage\":\"en-US\",\"@id\":\"https:\\\/\\\/secure.gravatar.com\\\/avatar\\\/af0373de48c8f9f53bceda0eebe2f6e70f9d33d141bdb4966578d880b0105244?s=96&d=mm&r=g\",\"url\":\"https:\\\/\\\/secure.gravatar.com\\\/avatar\\\/af0373de48c8f9f53bceda0eebe2f6e70f9d33d141bdb4966578d880b0105244?s=96&d=mm&r=g\",\"contentUrl\":\"https:\\\/\\\/secure.gravatar.com\\\/avatar\\\/af0373de48c8f9f53bceda0eebe2f6e70f9d33d141bdb4966578d880b0105244?s=96&d=mm&r=g\",\"caption\":\"Salcedo artesan\u00eda\"}}]}<\/script>\n<!-- \/ Yoast SEO plugin. -->","yoast_head_json":{"title":"Series y pel\u00edculas para disfrutar en casa | Faroles de forja y Mobiliario de forja art\u00edstica | Artesan\u00eda Salcedo Sevilla","description":"Una peque\u00f1a lista donde te comendamos varias series y pel\u00edculas en las que Artesan\u00eda Salcedo ha formado parte del atrezzo.","robots":{"index":"index","follow":"follow","max-snippet":"max-snippet:-1","max-image-preview":"max-image-preview:large","max-video-preview":"max-video-preview:-1"},"canonical":"https:\/\/farolesdeforja.es\/en\/series-y-peliculas-en-casa\/","og_locale":"en_US","og_type":"article","og_title":"Series y pel\u00edculas para disfrutar en casa | Faroles de forja y Mobiliario de forja art\u00edstica | Artesan\u00eda Salcedo Sevilla","og_description":"Una peque\u00f1a lista donde te comendamos varias series y pel\u00edculas en las que Artesan\u00eda Salcedo ha formado parte del atrezzo.","og_url":"https:\/\/farolesdeforja.es\/en\/series-y-peliculas-en-casa\/","og_site_name":"Faroles de forja y Mobiliario de forja art\u00edstica | Artesan\u00eda Salcedo Sevilla","article_publisher":"https:\/\/www.facebook.com\/salcedosevilla","article_published_time":"2020-03-18T13:31:38+00:00","og_image":[{"width":800,"height":600,"url":"https:\/\/farolesdeforja.es\/wp-content\/uploads\/2020\/03\/series-y-peliculas.jpg","type":"image\/jpeg"}],"author":"Salcedo artesan\u00eda","twitter_card":"summary_large_image","twitter_misc":{"Written by":"Salcedo artesan\u00eda","Est. reading time":"4 minutes"},"schema":{"@context":"https:\/\/schema.org","@graph":[{"@type":"Article","@id":"https:\/\/farolesdeforja.es\/en\/series-y-peliculas-en-casa\/#article","isPartOf":{"@id":"https:\/\/farolesdeforja.es\/en\/series-y-peliculas-en-casa\/"},"author":{"name":"Salcedo artesan\u00eda","@id":"https:\/\/farolesdeforja.es\/en\/#\/schema\/person\/185596d815bcbc7cda6427e9ad4b8b6f"},"headline":"Series y pel\u00edculas para disfrutar en casa","datePublished":"2020-03-18T13:31:38+00:00","mainEntityOfPage":{"@id":"https:\/\/farolesdeforja.es\/en\/series-y-peliculas-en-casa\/"},"wordCount":808,"commentCount":0,"publisher":{"@id":"https:\/\/farolesdeforja.es\/en\/#organization"},"image":{"@id":"https:\/\/farolesdeforja.es\/en\/series-y-peliculas-en-casa\/#primaryimage"},"thumbnailUrl":"https:\/\/farolesdeforja.es\/wp-content\/uploads\/2020\/03\/series-y-peliculas.jpg","keywords":["\u00e1guila roja","atrezzos de cine","escenarios de cine","faroles antiguos","la otra mirada","lawrence de arabia","noche y d\u00eda","series y pel\u00edculas"],"articleSection":["Escenarios y atrezzos de cine","Salcedo en pantalla","Salcedo en&#8230;"],"inLanguage":"en-US"},{"@type":"WebPage","@id":"https:\/\/farolesdeforja.es\/en\/series-y-peliculas-en-casa\/","url":"https:\/\/farolesdeforja.es\/en\/series-y-peliculas-en-casa\/","name":"Series y pel\u00edculas para disfrutar en casa | Faroles de forja y Mobiliario de forja art\u00edstica | Artesan\u00eda Salcedo Sevilla","isPartOf":{"@id":"https:\/\/farolesdeforja.es\/en\/#website"},"primaryImageOfPage":{"@id":"https:\/\/farolesdeforja.es\/en\/series-y-peliculas-en-casa\/#primaryimage"},"image":{"@id":"https:\/\/farolesdeforja.es\/en\/series-y-peliculas-en-casa\/#primaryimage"},"thumbnailUrl":"https:\/\/farolesdeforja.es\/wp-content\/uploads\/2020\/03\/series-y-peliculas.jpg","datePublished":"2020-03-18T13:31:38+00:00","description":"Una peque\u00f1a lista donde te comendamos varias series y pel\u00edculas en las que Artesan\u00eda Salcedo ha formado parte del atrezzo.","breadcrumb":{"@id":"https:\/\/farolesdeforja.es\/en\/series-y-peliculas-en-casa\/#breadcrumb"},"inLanguage":"en-US","potentialAction":[{"@type":"ReadAction","target":["https:\/\/farolesdeforja.es\/en\/series-y-peliculas-en-casa\/"]}]},{"@type":"ImageObject","inLanguage":"en-US","@id":"https:\/\/farolesdeforja.es\/en\/series-y-peliculas-en-casa\/#primaryimage","url":"https:\/\/farolesdeforja.es\/wp-content\/uploads\/2020\/03\/series-y-peliculas.jpg","contentUrl":"https:\/\/farolesdeforja.es\/wp-content\/uploads\/2020\/03\/series-y-peliculas.jpg","width":800,"height":600,"caption":"Series y pel\u00edculas"},{"@type":"BreadcrumbList","@id":"https:\/\/farolesdeforja.es\/en\/series-y-peliculas-en-casa\/#breadcrumb","itemListElement":[{"@type":"ListItem","position":1,"name":"Inicio","item":"https:\/\/farolesdeforja.es\/en\/"},{"@type":"ListItem","position":2,"name":"Series y pel\u00edculas para disfrutar en casa"}]},{"@type":"WebSite","@id":"https:\/\/farolesdeforja.es\/en\/#website","url":"https:\/\/farolesdeforja.es\/en\/","name":"Faroles de forja y Mobiliario de forja art\u00edstica | Artesan\u00eda Salcedo Sevilla","description":"Faroles de forja y mobiliario fabricados de forma artesanal desde 1971. Artesan\u00eda Salcedo es referente en forja art\u00edstica en Sevilla. Compra online de faroles de forja y env\u00edo GRATIS en casi todos los art\u00edculos \u00a1Personalizamos cualquier pieza!","publisher":{"@id":"https:\/\/farolesdeforja.es\/en\/#organization"},"alternateName":"Salcedo Sevilla","potentialAction":[{"@type":"SearchAction","target":{"@type":"EntryPoint","urlTemplate":"https:\/\/farolesdeforja.es\/en\/?s={search_term_string}"},"query-input":{"@type":"PropertyValueSpecification","valueRequired":true,"valueName":"search_term_string"}}],"inLanguage":"en-US"},{"@type":"Organization","@id":"https:\/\/farolesdeforja.es\/en\/#organization","name":"Salcedo Sevilla","url":"https:\/\/farolesdeforja.es\/en\/","logo":{"@type":"ImageObject","inLanguage":"en-US","@id":"https:\/\/farolesdeforja.es\/en\/#\/schema\/logo\/image\/","url":"https:\/\/farolesdeforja.es\/wp-content\/uploads\/2018\/04\/cropped-favicon.png","contentUrl":"https:\/\/farolesdeforja.es\/wp-content\/uploads\/2018\/04\/cropped-favicon.png","width":512,"height":512,"caption":"Salcedo Sevilla"},"image":{"@id":"https:\/\/farolesdeforja.es\/en\/#\/schema\/logo\/image\/"},"sameAs":["https:\/\/www.facebook.com\/salcedosevilla","https:\/\/www.instagram.com\/farolesdeforja\/","https:\/\/www.pinterest.com\/Farolesdeforja\/"]},{"@type":"Person","@id":"https:\/\/farolesdeforja.es\/en\/#\/schema\/person\/185596d815bcbc7cda6427e9ad4b8b6f","name":"Salcedo artesan\u00eda","image":{"@type":"ImageObject","inLanguage":"en-US","@id":"https:\/\/secure.gravatar.com\/avatar\/af0373de48c8f9f53bceda0eebe2f6e70f9d33d141bdb4966578d880b0105244?s=96&d=mm&r=g","url":"https:\/\/secure.gravatar.com\/avatar\/af0373de48c8f9f53bceda0eebe2f6e70f9d33d141bdb4966578d880b0105244?s=96&d=mm&r=g","contentUrl":"https:\/\/secure.gravatar.com\/avatar\/af0373de48c8f9f53bceda0eebe2f6e70f9d33d141bdb4966578d880b0105244?s=96&d=mm&r=g","caption":"Salcedo artesan\u00eda"}}]}},"uagb_featured_image_src":{"full":["https:\/\/farolesdeforja.es\/wp-content\/uploads\/2020\/03\/series-y-peliculas.jpg",800,600,false],"thumbnail":["https:\/\/farolesdeforja.es\/wp-content\/uploads\/2020\/03\/series-y-peliculas-150x150.jpg",150,150,true],"medium":["https:\/\/farolesdeforja.es\/wp-content\/uploads\/2020\/03\/series-y-peliculas-300x225.jpg",300,225,true],"medium_large":["https:\/\/farolesdeforja.es\/wp-content\/uploads\/2020\/03\/series-y-peliculas-768x576.jpg",768,576,true],"large":["https:\/\/farolesdeforja.es\/wp-content\/uploads\/2020\/03\/series-y-peliculas.jpg",800,600,false],"1536x1536":["https:\/\/farolesdeforja.es\/wp-content\/uploads\/2020\/03\/series-y-peliculas.jpg",800,600,false],"2048x2048":["https:\/\/farolesdeforja.es\/wp-content\/uploads\/2020\/03\/series-y-peliculas.jpg",800,600,false],"bdpp-medium":["https:\/\/farolesdeforja.es\/wp-content\/uploads\/2020\/03\/series-y-peliculas.jpg",640,480,false],"woocommerce_thumbnail":["https:\/\/farolesdeforja.es\/wp-content\/uploads\/2020\/03\/series-y-peliculas-300x300.jpg",300,300,true],"woocommerce_single":["https:\/\/farolesdeforja.es\/wp-content\/uploads\/2020\/03\/series-y-peliculas-600x450.jpg",600,450,true],"woocommerce_gallery_thumbnail":["https:\/\/farolesdeforja.es\/wp-content\/uploads\/2020\/03\/series-y-peliculas-100x100.jpg",100,100,true]},"uagb_author_info":{"display_name":"Salcedo artesan\u00eda","author_link":"https:\/\/farolesdeforja.es\/en\/author\/businessgo\/"},"uagb_comment_info":0,"uagb_excerpt":"La extraordinaria situaci\u00f3n en la que nos encontramos ha provocado que tengamos que pasar varios d\u00edas en casa como medida de precauci\u00f3n. Desde Artesan\u00eda Salcedo nos sumamos a ello y queremos pedir a nuestros clientes que no salgan a la calle, la salud de todos est\u00e1 en juego. Por eso, y para animar este tiempo,&hellip;","_links":{"self":[{"href":"https:\/\/farolesdeforja.es\/en\/wp-json\/wp\/v2\/posts\/12842","targetHints":{"allow":["GET"]}}],"collection":[{"href":"https:\/\/farolesdeforja.es\/en\/wp-json\/wp\/v2\/posts"}],"about":[{"href":"https:\/\/farolesdeforja.es\/en\/wp-json\/wp\/v2\/types\/post"}],"author":[{"embeddable":true,"href":"https:\/\/farolesdeforja.es\/en\/wp-json\/wp\/v2\/users\/1"}],"replies":[{"embeddable":true,"href":"https:\/\/farolesdeforja.es\/en\/wp-json\/wp\/v2\/comments?post=12842"}],"version-history":[{"count":0,"href":"https:\/\/farolesdeforja.es\/en\/wp-json\/wp\/v2\/posts\/12842\/revisions"}],"wp:featuredmedia":[{"embeddable":true,"href":"https:\/\/farolesdeforja.es\/en\/wp-json\/wp\/v2\/media\/12848"}],"wp:attachment":[{"href":"https:\/\/farolesdeforja.es\/en\/wp-json\/wp\/v2\/media?parent=12842"}],"wp:term":[{"taxonomy":"category","embeddable":true,"href":"https:\/\/farolesdeforja.es\/en\/wp-json\/wp\/v2\/categories?post=12842"},{"taxonomy":"post_tag","embeddable":true,"href":"https:\/\/farolesdeforja.es\/en\/wp-json\/wp\/v2\/tags?post=12842"}],"curies":[{"name":"wp","href":"https:\/\/api.w.org\/{rel}","templated":true}]}}