{"id":12525,"date":"2020-02-27T11:57:00","date_gmt":"2020-02-27T10:57:00","guid":{"rendered":"https:\/\/farolesdeforja.es\/?p=12525"},"modified":"2024-02-06T08:29:09","modified_gmt":"2024-02-06T07:29:09","slug":"faroles-de-forja-antiguos-en-decoracion","status":"publish","type":"post","link":"https:\/\/farolesdeforja.es\/en\/faroles-de-forja-antiguos-en-decoracion\/","title":{"rendered":"Faroles de forja antiguos en decoraci\u00f3n"},"content":{"rendered":"<p>Ya sea con reproducciones de piezas antiguas o con <a href=\"https:\/\/farolesdeforja.es\/faroles-de-forja-antiguos-como-nuevos\/\" target=\"_blank\" rel=\"noopener noreferrer\">faroles de forja antiguos<\/a> o antig\u00fcedades, introducir una pieza que denote antig\u00fcedad marca la diferencia en cualquier espacio. De hecho, cada vez son m\u00e1s los decoradores de distintos pa\u00edses que nos realizan encargos personalizados de faroles de forja como elemento protagonista para sus trabajos de interiorismo.<\/p>\n<p>Y <strong>los faroles son<\/strong> <strong>una de las piezas m\u00e1s elegidas<\/strong> a la hora de incluir matices cl\u00e1sicos en decoraci\u00f3n. Este protagonismo no es exclusivo de los faroles de forja; lo comparten con faroles de otros materiales, fanales, vasijas, cuadros, espejos, puertas&#8230; Y es que, cuando se trata de decoraci\u00f3n, no hay l\u00edmites. Una buena pieza antigua, o una buena reproducci\u00f3n, bien utilizada, puede cambiar por completo una estancia. Pero, \u00bfqu\u00e9 hace que los <strong>faroles de forja antiguos<\/strong> sean tan deseados en decoraci\u00f3n?<\/p>\n<figure id=\"attachment_533\" aria-describedby=\"caption-attachment-533\" style=\"width: 300px\" class=\"wp-caption alignleft\"><img loading=\"lazy\" decoding=\"async\" class=\"wp-image-533 size-medium\" src=\"https:\/\/farolesdeforja.es\/wp-content\/uploads\/2018\/05\/farol-mrida-para-pilar-57cm-x-30cm--300x300.jpg\" alt=\"\" width=\"300\" height=\"300\" srcset=\"https:\/\/farolesdeforja.es\/wp-content\/uploads\/2018\/05\/farol-mrida-para-pilar-57cm-x-30cm--300x300.jpg 300w, https:\/\/farolesdeforja.es\/wp-content\/uploads\/2018\/05\/farol-mrida-para-pilar-57cm-x-30cm--150x150.jpg 150w, https:\/\/farolesdeforja.es\/wp-content\/uploads\/2018\/05\/farol-mrida-para-pilar-57cm-x-30cm--768x768.jpg 768w, https:\/\/farolesdeforja.es\/wp-content\/uploads\/2018\/05\/farol-mrida-para-pilar-57cm-x-30cm--600x600.jpg 600w, https:\/\/farolesdeforja.es\/wp-content\/uploads\/2018\/05\/farol-mrida-para-pilar-57cm-x-30cm--100x100.jpg 100w, https:\/\/farolesdeforja.es\/wp-content\/uploads\/2018\/05\/farol-mrida-para-pilar-57cm-x-30cm-.jpg 800w\" sizes=\"auto, (max-width: 300px) 100vw, 300px\" \/><figcaption id=\"caption-attachment-533\" class=\"wp-caption-text\">Farol sobre muro M\u00e9rida, para exterior.<\/figcaption><\/figure>\n<div id=\"ez-toc-container\" class=\"ez-toc-v2_0_82_2 counter-hierarchy ez-toc-counter ez-toc-grey ez-toc-container-direction\">\n<p class=\"ez-toc-title\" style=\"cursor:inherit\">\u00cdndice del contenidos<\/p>\n<label for=\"ez-toc-cssicon-toggle-item-69f71a29051d4\" class=\"ez-toc-cssicon-toggle-label\"><span class=\"\"><span class=\"eztoc-hide\" style=\"display:none;\">Toggle<\/span><span class=\"ez-toc-icon-toggle-span\"><svg style=\"fill: #999;color:#999\" xmlns=\"http:\/\/www.w3.org\/2000\/svg\" class=\"list-377408\" width=\"20px\" height=\"20px\" viewBox=\"0 0 24 24\" fill=\"none\"><path d=\"M6 6H4v2h2V6zm14 0H8v2h12V6zM4 11h2v2H4v-2zm16 0H8v2h12v-2zM4 16h2v2H4v-2zm16 0H8v2h12v-2z\" fill=\"currentColor\"><\/path><\/svg><svg style=\"fill: #999;color:#999\" class=\"arrow-unsorted-368013\" xmlns=\"http:\/\/www.w3.org\/2000\/svg\" width=\"10px\" height=\"10px\" viewBox=\"0 0 24 24\" version=\"1.2\" baseProfile=\"tiny\"><path d=\"M18.2 9.3l-6.2-6.3-6.2 6.3c-.2.2-.3.4-.3.7s.1.5.3.7c.2.2.4.3.7.3h11c.3 0 .5-.1.7-.3.2-.2.3-.5.3-.7s-.1-.5-.3-.7zM5.8 14.7l6.2 6.3 6.2-6.3c.2-.2.3-.5.3-.7s-.1-.5-.3-.7c-.2-.2-.4-.3-.7-.3h-11c-.3 0-.5.1-.7.3-.2.2-.3.5-.3.7s.1.5.3.7z\"\/><\/svg><\/span><\/span><\/label><input type=\"checkbox\"  id=\"ez-toc-cssicon-toggle-item-69f71a29051d4\"  aria-label=\"Toggle\" \/><nav><ul class='ez-toc-list ez-toc-list-level-1 ' ><li class='ez-toc-page-1 ez-toc-heading-level-2'><a class=\"ez-toc-link ez-toc-heading-1\" href=\"https:\/\/farolesdeforja.es\/en\/faroles-de-forja-antiguos-en-decoracion\/#Resistencia_al_paso_del_tiempo_de_la_forja\" >Resistencia al paso del tiempo de la forja<\/a><\/li><li class='ez-toc-page-1 ez-toc-heading-level-2'><a class=\"ez-toc-link ez-toc-heading-2\" href=\"https:\/\/farolesdeforja.es\/en\/faroles-de-forja-antiguos-en-decoracion\/#Faroles_de_techo_como_lamparas\" >Faroles de techo como l\u00e1mparas<\/a><\/li><li class='ez-toc-page-1 ez-toc-heading-level-2'><a class=\"ez-toc-link ez-toc-heading-3\" href=\"https:\/\/farolesdeforja.es\/en\/faroles-de-forja-antiguos-en-decoracion\/#Artesania_de_forja_sevillana\" >Artesan\u00eda de forja sevillana<\/a><\/li><\/ul><\/nav><\/div>\n<h2><span class=\"ez-toc-section\" id=\"Resistencia_al_paso_del_tiempo_de_la_forja\"><\/span>Resistencia al paso del tiempo de la forja<span class=\"ez-toc-section-end\"><\/span><\/h2>\n<p>En primer lugar la propia naturaleza del material. El hecho de que la <strong>forja sea tan resistente al paso del tiempo y a las inclemencias meteor\u00f3l\u00f3gicas<\/strong> hace que estas pizas antiguas perduren por encima de otras piezas de otros materiales. Lo que permite que podamos contar con faroles antiguos en buen estado. Adem\u00e1s, su resistencia tambi\u00e9n permite su uso en exteriores, por lo que es una opci\u00f3n perfecta para decorar estancias como jardines o para ser colocados en muros o en lugares de mayor desgaste ambiental.<\/p>\n<h2><span class=\"ez-toc-section\" id=\"Faroles_de_techo_como_lamparas\"><\/span>Faroles de techo como l\u00e1mparas<span class=\"ez-toc-section-end\"><\/span><\/h2>\n<p>Las l\u00e1mparas son uno de los elementos fundamentales a la hora de decorar una estancia con estilo. Por una doble raz\u00f3n. En primer lugar, por las propias carcater\u00edsticas de la pieza elegida, que puede ir en l\u00ednea con el resto de la decoraci\u00f3n o marcar la diferencia con contraste de estilos. En segundo lugar, por la <strong>importancia que juega la iluminaci\u00f3n<\/strong>. Y es que haciendo un uso adecuado de la luz, podemos lograr separar estancias, resaltar puntos, hacer espacios visiblemente m\u00e1s grandes&#8230; De hecho, los grandes proyectos de docoraci\u00f3n dedican un apartado especial al propio proyecto de iluminaci\u00f3n.<\/p>\n<p>Por eso los <a href=\"https:\/\/farolesdeforja.es\/faroles-de-techo\/\" target=\"_blank\" rel=\"noopener noreferrer\">faroles de techo<\/a> son tanb elegidos como l\u00e1mparas para estancias en las que se quiere conceder un importante protagonismo a este apartado. Ya sean faroles antiguos o de l\u00edneas m\u00e1s contempor\u00e1neas. Tambi\u00e9n es muy habitual encontrar <strong>faroles utilizados como candelabros<\/strong>, en lugares tan diversos como escaleras, a la altura del suelo, a modo de centro de mesa&#8230; No hay l\u00edmites a la hora de buscar sitio a un farol.<\/p>\n<figure id=\"attachment_882\" aria-describedby=\"caption-attachment-882\" style=\"width: 300px\" class=\"wp-caption alignright\"><img loading=\"lazy\" decoding=\"async\" class=\"size-medium wp-image-882\" src=\"https:\/\/farolesdeforja.es\/wp-content\/uploads\/2018\/05\/farol-beutel-n3-4x-e14-300x300.jpg\" alt=\"\" width=\"300\" height=\"300\" srcset=\"https:\/\/farolesdeforja.es\/wp-content\/uploads\/2018\/05\/farol-beutel-n3-4x-e14-300x300.jpg 300w, https:\/\/farolesdeforja.es\/wp-content\/uploads\/2018\/05\/farol-beutel-n3-4x-e14-150x150.jpg 150w, https:\/\/farolesdeforja.es\/wp-content\/uploads\/2018\/05\/farol-beutel-n3-4x-e14-768x768.jpg 768w, https:\/\/farolesdeforja.es\/wp-content\/uploads\/2018\/05\/farol-beutel-n3-4x-e14-600x600.jpg 600w, https:\/\/farolesdeforja.es\/wp-content\/uploads\/2018\/05\/farol-beutel-n3-4x-e14-100x100.jpg 100w, https:\/\/farolesdeforja.es\/wp-content\/uploads\/2018\/05\/farol-beutel-n3-4x-e14.jpg 800w\" sizes=\"auto, (max-width: 300px) 100vw, 300px\" \/><figcaption id=\"caption-attachment-882\" class=\"wp-caption-text\">Farol de techo para ser utilizado como espectacular l\u00e1mpara<\/figcaption><\/figure>\n<h2><span class=\"ez-toc-section\" id=\"Artesania_de_forja_sevillana\"><\/span>Artesan\u00eda de forja sevillana<span class=\"ez-toc-section-end\"><\/span><\/h2>\n<p>Hay tres caracter\u00edsticas que reunen muchos de los faroles de forja que vemos en decoraci\u00f3n que los hacen deseados por muchos clientes. En primer lugar, el tipo de faroles del que hablamos, ya sean antiguos o actuales, son <strong>piezas de artesan\u00eda<\/strong>. Y es habitual renunciar a piezas fabricadas en serie cuando se trata de decorar una estancia para que sea \u00fanica y especial. Cuando se aborda un proyecto de interiorismo o decoraci\u00f3n, se valora que las piezas que van a destacar est\u00e9n hechas a mano y sean personalizadas, si es posible.<\/p>\n<p>En segundo lugar, la forja tiene ese <strong>car\u00e1cter cl\u00e1sico que evoca antig\u00fcedad<\/strong>, y que dota de personalidad a la pieza desde el propio material.<\/p>\n<p>Y, por \u00faltimo, al igual que ocurre con los faroles granadinos, la<a href=\"https:\/\/farolesdeforja.es\/la-historia-de-la-forja-y-la-ciudad-de-sevilla\/\"><strong> forja sevillana<\/strong><\/a> tiene numerosos seguidores que buscan evocar en sus espacios a la ciudad de Sevilla. Y ese estilo tan particular que recuerda a los cientos de faroles que podemos encontrar en las calles, fachadas y palacios de Sevilla. De ah\u00ed que nuestros faroles sean tan demandados tambi\u00e9n para escenograf\u00eda y decorados de pel\u00edculas.<\/p>\n<p>No queremos terminar este post sin resaltar <strong>una <a href=\"https:\/\/farolesdeforja.es\/piezas-de-forja-unicas-lugares-unicos\/\">pieza \u00fanica<\/a> que puedes encontrar en nuestra tienda on line<\/strong>. Con las que cualquier estancia adquirir\u00e1 un car\u00e1cter tan \u00fanico como ella:<\/p>\n<ul>\n<li><a href=\"https:\/\/farolesdeforja.es\/tienda\/especiales\/piezas-unicas\/farol-rialto-entrega-inmediata\/\" target=\"_blank\" rel=\"noopener noreferrer\">Farol de techo &#8216;Rialto<\/a><\/li>\n<\/ul>\n<p><img loading=\"lazy\" decoding=\"async\" class=\"alignnone size-medium wp-image-804\" src=\"https:\/\/farolesdeforja.es\/wp-content\/uploads\/2018\/05\/farol-rialto-4xe27-300x300.jpg\" alt=\"Farol de techo Rialto\" width=\"300\" height=\"300\" srcset=\"https:\/\/farolesdeforja.es\/wp-content\/uploads\/2018\/05\/farol-rialto-4xe27-300x300.jpg 300w, https:\/\/farolesdeforja.es\/wp-content\/uploads\/2018\/05\/farol-rialto-4xe27-150x150.jpg 150w, https:\/\/farolesdeforja.es\/wp-content\/uploads\/2018\/05\/farol-rialto-4xe27-768x768.jpg 768w, https:\/\/farolesdeforja.es\/wp-content\/uploads\/2018\/05\/farol-rialto-4xe27-600x600.jpg 600w, https:\/\/farolesdeforja.es\/wp-content\/uploads\/2018\/05\/farol-rialto-4xe27-100x100.jpg 100w, https:\/\/farolesdeforja.es\/wp-content\/uploads\/2018\/05\/farol-rialto-4xe27.jpg 800w\" sizes=\"auto, (max-width: 300px) 100vw, 300px\" \/><\/p>\n","protected":false},"excerpt":{"rendered":"<p>Ya sea con reproducciones de piezas antiguas o con faroles de forja antiguos o antig\u00fcedades, introducir una pieza que denote antig\u00fcedad marca la diferencia en cualquier espacio. De hecho, cada vez son m\u00e1s los decoradores de distintos pa\u00edses que nos realizan encargos personalizados de faroles de forja como elemento protagonista para sus trabajos de interiorismo. [&hellip;]<\/p>\n","protected":false},"author":1,"featured_media":804,"comment_status":"open","ping_status":"open","sticky":false,"template":"","format":"standard","meta":{"inline_featured_image":false,"_uag_custom_page_level_css":"","site-sidebar-layout":"default","site-content-layout":"","ast-site-content-layout":"default","site-content-style":"default","site-sidebar-style":"default","ast-global-header-display":"","ast-banner-title-visibility":"","ast-main-header-display":"","ast-hfb-above-header-display":"","ast-hfb-below-header-display":"","ast-hfb-mobile-header-display":"","site-post-title":"","ast-breadcrumbs-content":"","ast-featured-img":"","footer-sml-layout":"","ast-disable-related-posts":"","theme-transparent-header-meta":"","adv-header-id-meta":"","stick-header-meta":"","header-above-stick-meta":"","header-main-stick-meta":"","header-below-stick-meta":"","astra-migrate-meta-layouts":"default","ast-page-background-enabled":"default","ast-page-background-meta":{"desktop":{"background-color":"var(--ast-global-color-4)","background-image":"","background-repeat":"repeat","background-position":"center center","background-size":"auto","background-attachment":"scroll","background-type":"","background-media":"","overlay-type":"","overlay-color":"","overlay-opacity":"","overlay-gradient":""},"tablet":{"background-color":"","background-image":"","background-repeat":"repeat","background-position":"center center","background-size":"auto","background-attachment":"scroll","background-type":"","background-media":"","overlay-type":"","overlay-color":"","overlay-opacity":"","overlay-gradient":""},"mobile":{"background-color":"","background-image":"","background-repeat":"repeat","background-position":"center center","background-size":"auto","background-attachment":"scroll","background-type":"","background-media":"","overlay-type":"","overlay-color":"","overlay-opacity":"","overlay-gradient":""}},"ast-content-background-meta":{"desktop":{"background-color":"var(--ast-global-color-5)","background-image":"","background-repeat":"repeat","background-position":"center center","background-size":"auto","background-attachment":"scroll","background-type":"","background-media":"","overlay-type":"","overlay-color":"","overlay-opacity":"","overlay-gradient":""},"tablet":{"background-color":"var(--ast-global-color-5)","background-image":"","background-repeat":"repeat","background-position":"center center","background-size":"auto","background-attachment":"scroll","background-type":"","background-media":"","overlay-type":"","overlay-color":"","overlay-opacity":"","overlay-gradient":""},"mobile":{"background-color":"var(--ast-global-color-5)","background-image":"","background-repeat":"repeat","background-position":"center center","background-size":"auto","background-attachment":"scroll","background-type":"","background-media":"","overlay-type":"","overlay-color":"","overlay-opacity":"","overlay-gradient":""}},"footnotes":""},"categories":[564,581],"tags":[],"class_list":["post-12525","post","type-post","status-publish","format-standard","has-post-thumbnail","hentry","category-decoracion-en","category-forja-artistica-en"],"yoast_head":"<!-- This site is optimized with the Yoast SEO plugin v27.4 - https:\/\/yoast.com\/product\/yoast-seo-wordpress\/ -->\n<title>Faroles de forja antiguos en decoraci\u00f3n | Faroles de forja y Mobiliario de forja art\u00edstica | Artesan\u00eda Salcedo Sevilla<\/title>\n<meta name=\"description\" content=\"C\u00f3mo utilizar los faroles de forja antiguos en decoraci\u00f3n y por qu\u00e9 son tan deseados para lograr estancias \u00fanicas y especiales &gt;&gt;\" \/>\n<meta name=\"robots\" content=\"index, follow, max-snippet:-1, max-image-preview:large, max-video-preview:-1\" \/>\n<link rel=\"canonical\" href=\"https:\/\/farolesdeforja.es\/en\/faroles-de-forja-antiguos-en-decoracion\/\" \/>\n<meta property=\"og:locale\" content=\"en_US\" \/>\n<meta property=\"og:type\" content=\"article\" \/>\n<meta property=\"og:title\" content=\"Faroles de forja antiguos en decoraci\u00f3n | Faroles de forja y Mobiliario de forja art\u00edstica | Artesan\u00eda Salcedo Sevilla\" \/>\n<meta property=\"og:description\" content=\"C\u00f3mo utilizar los faroles de forja antiguos en decoraci\u00f3n y por qu\u00e9 son tan deseados para lograr estancias \u00fanicas y especiales &gt;&gt;\" \/>\n<meta property=\"og:url\" content=\"https:\/\/farolesdeforja.es\/en\/faroles-de-forja-antiguos-en-decoracion\/\" \/>\n<meta property=\"og:site_name\" content=\"Faroles de forja y Mobiliario de forja art\u00edstica | Artesan\u00eda Salcedo Sevilla\" \/>\n<meta property=\"article:publisher\" content=\"https:\/\/www.facebook.com\/salcedosevilla\" \/>\n<meta property=\"article:published_time\" content=\"2020-02-27T10:57:00+00:00\" \/>\n<meta property=\"article:modified_time\" content=\"2024-02-06T07:29:09+00:00\" \/>\n<meta property=\"og:image\" content=\"https:\/\/farolesdeforja.es\/wp-content\/uploads\/2018\/05\/farol-rialto-4xe27.jpg\" \/>\n\t<meta property=\"og:image:width\" content=\"800\" \/>\n\t<meta property=\"og:image:height\" content=\"800\" \/>\n\t<meta property=\"og:image:type\" content=\"image\/jpeg\" \/>\n<meta name=\"author\" content=\"Salcedo artesan\u00eda\" \/>\n<meta name=\"twitter:card\" content=\"summary_large_image\" \/>\n<meta name=\"twitter:label1\" content=\"Written by\" \/>\n\t<meta name=\"twitter:data1\" content=\"Salcedo artesan\u00eda\" \/>\n\t<meta name=\"twitter:label2\" content=\"Est. reading time\" \/>\n\t<meta name=\"twitter:data2\" content=\"4 minutes\" \/>\n<script type=\"application\/ld+json\" class=\"yoast-schema-graph\">{\"@context\":\"https:\\\/\\\/schema.org\",\"@graph\":[{\"@type\":\"Article\",\"@id\":\"https:\\\/\\\/farolesdeforja.es\\\/en\\\/faroles-de-forja-antiguos-en-decoracion\\\/#article\",\"isPartOf\":{\"@id\":\"https:\\\/\\\/farolesdeforja.es\\\/en\\\/faroles-de-forja-antiguos-en-decoracion\\\/\"},\"author\":{\"name\":\"Salcedo artesan\u00eda\",\"@id\":\"https:\\\/\\\/farolesdeforja.es\\\/en\\\/#\\\/schema\\\/person\\\/185596d815bcbc7cda6427e9ad4b8b6f\"},\"headline\":\"Faroles de forja antiguos en decoraci\u00f3n\",\"datePublished\":\"2020-02-27T10:57:00+00:00\",\"dateModified\":\"2024-02-06T07:29:09+00:00\",\"mainEntityOfPage\":{\"@id\":\"https:\\\/\\\/farolesdeforja.es\\\/en\\\/faroles-de-forja-antiguos-en-decoracion\\\/\"},\"wordCount\":708,\"commentCount\":0,\"publisher\":{\"@id\":\"https:\\\/\\\/farolesdeforja.es\\\/en\\\/#organization\"},\"image\":{\"@id\":\"https:\\\/\\\/farolesdeforja.es\\\/en\\\/faroles-de-forja-antiguos-en-decoracion\\\/#primaryimage\"},\"thumbnailUrl\":\"https:\\\/\\\/farolesdeforja.es\\\/wp-content\\\/uploads\\\/2018\\\/05\\\/farol-rialto-4xe27.jpg\",\"articleSection\":[\"Decoraci\u00f3n\",\"Forja art\u00edstica\"],\"inLanguage\":\"en-US\"},{\"@type\":\"WebPage\",\"@id\":\"https:\\\/\\\/farolesdeforja.es\\\/en\\\/faroles-de-forja-antiguos-en-decoracion\\\/\",\"url\":\"https:\\\/\\\/farolesdeforja.es\\\/en\\\/faroles-de-forja-antiguos-en-decoracion\\\/\",\"name\":\"Faroles de forja antiguos en decoraci\u00f3n | Faroles de forja y Mobiliario de forja art\u00edstica | Artesan\u00eda Salcedo Sevilla\",\"isPartOf\":{\"@id\":\"https:\\\/\\\/farolesdeforja.es\\\/en\\\/#website\"},\"primaryImageOfPage\":{\"@id\":\"https:\\\/\\\/farolesdeforja.es\\\/en\\\/faroles-de-forja-antiguos-en-decoracion\\\/#primaryimage\"},\"image\":{\"@id\":\"https:\\\/\\\/farolesdeforja.es\\\/en\\\/faroles-de-forja-antiguos-en-decoracion\\\/#primaryimage\"},\"thumbnailUrl\":\"https:\\\/\\\/farolesdeforja.es\\\/wp-content\\\/uploads\\\/2018\\\/05\\\/farol-rialto-4xe27.jpg\",\"datePublished\":\"2020-02-27T10:57:00+00:00\",\"dateModified\":\"2024-02-06T07:29:09+00:00\",\"description\":\"C\u00f3mo utilizar los faroles de forja antiguos en decoraci\u00f3n y por qu\u00e9 son tan deseados para lograr estancias \u00fanicas y especiales >>\",\"breadcrumb\":{\"@id\":\"https:\\\/\\\/farolesdeforja.es\\\/en\\\/faroles-de-forja-antiguos-en-decoracion\\\/#breadcrumb\"},\"inLanguage\":\"en-US\",\"potentialAction\":[{\"@type\":\"ReadAction\",\"target\":[\"https:\\\/\\\/farolesdeforja.es\\\/en\\\/faroles-de-forja-antiguos-en-decoracion\\\/\"]}]},{\"@type\":\"ImageObject\",\"inLanguage\":\"en-US\",\"@id\":\"https:\\\/\\\/farolesdeforja.es\\\/en\\\/faroles-de-forja-antiguos-en-decoracion\\\/#primaryimage\",\"url\":\"https:\\\/\\\/farolesdeforja.es\\\/wp-content\\\/uploads\\\/2018\\\/05\\\/farol-rialto-4xe27.jpg\",\"contentUrl\":\"https:\\\/\\\/farolesdeforja.es\\\/wp-content\\\/uploads\\\/2018\\\/05\\\/farol-rialto-4xe27.jpg\",\"width\":800,\"height\":800,\"caption\":\"Farol de forja de techo dorado\"},{\"@type\":\"BreadcrumbList\",\"@id\":\"https:\\\/\\\/farolesdeforja.es\\\/en\\\/faroles-de-forja-antiguos-en-decoracion\\\/#breadcrumb\",\"itemListElement\":[{\"@type\":\"ListItem\",\"position\":1,\"name\":\"Inicio\",\"item\":\"https:\\\/\\\/farolesdeforja.es\\\/en\\\/\"},{\"@type\":\"ListItem\",\"position\":2,\"name\":\"Faroles de forja antiguos en decoraci\u00f3n\"}]},{\"@type\":\"WebSite\",\"@id\":\"https:\\\/\\\/farolesdeforja.es\\\/en\\\/#website\",\"url\":\"https:\\\/\\\/farolesdeforja.es\\\/en\\\/\",\"name\":\"Faroles de forja y Mobiliario de forja art\u00edstica | Artesan\u00eda Salcedo Sevilla\",\"description\":\"Faroles de forja y mobiliario fabricados de forma artesanal desde 1971. Artesan\u00eda Salcedo es referente en forja art\u00edstica en Sevilla. Compra online de faroles de forja y env\u00edo GRATIS en casi todos los art\u00edculos \u00a1Personalizamos cualquier pieza!\",\"publisher\":{\"@id\":\"https:\\\/\\\/farolesdeforja.es\\\/en\\\/#organization\"},\"alternateName\":\"Salcedo Sevilla\",\"potentialAction\":[{\"@type\":\"SearchAction\",\"target\":{\"@type\":\"EntryPoint\",\"urlTemplate\":\"https:\\\/\\\/farolesdeforja.es\\\/en\\\/?s={search_term_string}\"},\"query-input\":{\"@type\":\"PropertyValueSpecification\",\"valueRequired\":true,\"valueName\":\"search_term_string\"}}],\"inLanguage\":\"en-US\"},{\"@type\":\"Organization\",\"@id\":\"https:\\\/\\\/farolesdeforja.es\\\/en\\\/#organization\",\"name\":\"Salcedo Sevilla\",\"url\":\"https:\\\/\\\/farolesdeforja.es\\\/en\\\/\",\"logo\":{\"@type\":\"ImageObject\",\"inLanguage\":\"en-US\",\"@id\":\"https:\\\/\\\/farolesdeforja.es\\\/en\\\/#\\\/schema\\\/logo\\\/image\\\/\",\"url\":\"https:\\\/\\\/farolesdeforja.es\\\/wp-content\\\/uploads\\\/2018\\\/04\\\/cropped-favicon.png\",\"contentUrl\":\"https:\\\/\\\/farolesdeforja.es\\\/wp-content\\\/uploads\\\/2018\\\/04\\\/cropped-favicon.png\",\"width\":512,\"height\":512,\"caption\":\"Salcedo Sevilla\"},\"image\":{\"@id\":\"https:\\\/\\\/farolesdeforja.es\\\/en\\\/#\\\/schema\\\/logo\\\/image\\\/\"},\"sameAs\":[\"https:\\\/\\\/www.facebook.com\\\/salcedosevilla\",\"https:\\\/\\\/www.instagram.com\\\/farolesdeforja\\\/\",\"https:\\\/\\\/www.pinterest.com\\\/Farolesdeforja\\\/\"]},{\"@type\":\"Person\",\"@id\":\"https:\\\/\\\/farolesdeforja.es\\\/en\\\/#\\\/schema\\\/person\\\/185596d815bcbc7cda6427e9ad4b8b6f\",\"name\":\"Salcedo artesan\u00eda\",\"image\":{\"@type\":\"ImageObject\",\"inLanguage\":\"en-US\",\"@id\":\"https:\\\/\\\/secure.gravatar.com\\\/avatar\\\/af0373de48c8f9f53bceda0eebe2f6e70f9d33d141bdb4966578d880b0105244?s=96&d=mm&r=g\",\"url\":\"https:\\\/\\\/secure.gravatar.com\\\/avatar\\\/af0373de48c8f9f53bceda0eebe2f6e70f9d33d141bdb4966578d880b0105244?s=96&d=mm&r=g\",\"contentUrl\":\"https:\\\/\\\/secure.gravatar.com\\\/avatar\\\/af0373de48c8f9f53bceda0eebe2f6e70f9d33d141bdb4966578d880b0105244?s=96&d=mm&r=g\",\"caption\":\"Salcedo artesan\u00eda\"}}]}<\/script>\n<!-- \/ Yoast SEO plugin. -->","yoast_head_json":{"title":"Faroles de forja antiguos en decoraci\u00f3n | Faroles de forja y Mobiliario de forja art\u00edstica | Artesan\u00eda Salcedo Sevilla","description":"C\u00f3mo utilizar los faroles de forja antiguos en decoraci\u00f3n y por qu\u00e9 son tan deseados para lograr estancias \u00fanicas y especiales >>","robots":{"index":"index","follow":"follow","max-snippet":"max-snippet:-1","max-image-preview":"max-image-preview:large","max-video-preview":"max-video-preview:-1"},"canonical":"https:\/\/farolesdeforja.es\/en\/faroles-de-forja-antiguos-en-decoracion\/","og_locale":"en_US","og_type":"article","og_title":"Faroles de forja antiguos en decoraci\u00f3n | Faroles de forja y Mobiliario de forja art\u00edstica | Artesan\u00eda Salcedo Sevilla","og_description":"C\u00f3mo utilizar los faroles de forja antiguos en decoraci\u00f3n y por qu\u00e9 son tan deseados para lograr estancias \u00fanicas y especiales >>","og_url":"https:\/\/farolesdeforja.es\/en\/faroles-de-forja-antiguos-en-decoracion\/","og_site_name":"Faroles de forja y Mobiliario de forja art\u00edstica | Artesan\u00eda Salcedo Sevilla","article_publisher":"https:\/\/www.facebook.com\/salcedosevilla","article_published_time":"2020-02-27T10:57:00+00:00","article_modified_time":"2024-02-06T07:29:09+00:00","og_image":[{"width":800,"height":800,"url":"https:\/\/farolesdeforja.es\/wp-content\/uploads\/2018\/05\/farol-rialto-4xe27.jpg","type":"image\/jpeg"}],"author":"Salcedo artesan\u00eda","twitter_card":"summary_large_image","twitter_misc":{"Written by":"Salcedo artesan\u00eda","Est. reading time":"4 minutes"},"schema":{"@context":"https:\/\/schema.org","@graph":[{"@type":"Article","@id":"https:\/\/farolesdeforja.es\/en\/faroles-de-forja-antiguos-en-decoracion\/#article","isPartOf":{"@id":"https:\/\/farolesdeforja.es\/en\/faroles-de-forja-antiguos-en-decoracion\/"},"author":{"name":"Salcedo artesan\u00eda","@id":"https:\/\/farolesdeforja.es\/en\/#\/schema\/person\/185596d815bcbc7cda6427e9ad4b8b6f"},"headline":"Faroles de forja antiguos en decoraci\u00f3n","datePublished":"2020-02-27T10:57:00+00:00","dateModified":"2024-02-06T07:29:09+00:00","mainEntityOfPage":{"@id":"https:\/\/farolesdeforja.es\/en\/faroles-de-forja-antiguos-en-decoracion\/"},"wordCount":708,"commentCount":0,"publisher":{"@id":"https:\/\/farolesdeforja.es\/en\/#organization"},"image":{"@id":"https:\/\/farolesdeforja.es\/en\/faroles-de-forja-antiguos-en-decoracion\/#primaryimage"},"thumbnailUrl":"https:\/\/farolesdeforja.es\/wp-content\/uploads\/2018\/05\/farol-rialto-4xe27.jpg","articleSection":["Decoraci\u00f3n","Forja art\u00edstica"],"inLanguage":"en-US"},{"@type":"WebPage","@id":"https:\/\/farolesdeforja.es\/en\/faroles-de-forja-antiguos-en-decoracion\/","url":"https:\/\/farolesdeforja.es\/en\/faroles-de-forja-antiguos-en-decoracion\/","name":"Faroles de forja antiguos en decoraci\u00f3n | Faroles de forja y Mobiliario de forja art\u00edstica | Artesan\u00eda Salcedo Sevilla","isPartOf":{"@id":"https:\/\/farolesdeforja.es\/en\/#website"},"primaryImageOfPage":{"@id":"https:\/\/farolesdeforja.es\/en\/faroles-de-forja-antiguos-en-decoracion\/#primaryimage"},"image":{"@id":"https:\/\/farolesdeforja.es\/en\/faroles-de-forja-antiguos-en-decoracion\/#primaryimage"},"thumbnailUrl":"https:\/\/farolesdeforja.es\/wp-content\/uploads\/2018\/05\/farol-rialto-4xe27.jpg","datePublished":"2020-02-27T10:57:00+00:00","dateModified":"2024-02-06T07:29:09+00:00","description":"C\u00f3mo utilizar los faroles de forja antiguos en decoraci\u00f3n y por qu\u00e9 son tan deseados para lograr estancias \u00fanicas y especiales >>","breadcrumb":{"@id":"https:\/\/farolesdeforja.es\/en\/faroles-de-forja-antiguos-en-decoracion\/#breadcrumb"},"inLanguage":"en-US","potentialAction":[{"@type":"ReadAction","target":["https:\/\/farolesdeforja.es\/en\/faroles-de-forja-antiguos-en-decoracion\/"]}]},{"@type":"ImageObject","inLanguage":"en-US","@id":"https:\/\/farolesdeforja.es\/en\/faroles-de-forja-antiguos-en-decoracion\/#primaryimage","url":"https:\/\/farolesdeforja.es\/wp-content\/uploads\/2018\/05\/farol-rialto-4xe27.jpg","contentUrl":"https:\/\/farolesdeforja.es\/wp-content\/uploads\/2018\/05\/farol-rialto-4xe27.jpg","width":800,"height":800,"caption":"Farol de forja de techo dorado"},{"@type":"BreadcrumbList","@id":"https:\/\/farolesdeforja.es\/en\/faroles-de-forja-antiguos-en-decoracion\/#breadcrumb","itemListElement":[{"@type":"ListItem","position":1,"name":"Inicio","item":"https:\/\/farolesdeforja.es\/en\/"},{"@type":"ListItem","position":2,"name":"Faroles de forja antiguos en decoraci\u00f3n"}]},{"@type":"WebSite","@id":"https:\/\/farolesdeforja.es\/en\/#website","url":"https:\/\/farolesdeforja.es\/en\/","name":"Faroles de forja y Mobiliario de forja art\u00edstica | Artesan\u00eda Salcedo Sevilla","description":"Faroles de forja y mobiliario fabricados de forma artesanal desde 1971. Artesan\u00eda Salcedo es referente en forja art\u00edstica en Sevilla. Compra online de faroles de forja y env\u00edo GRATIS en casi todos los art\u00edculos \u00a1Personalizamos cualquier pieza!","publisher":{"@id":"https:\/\/farolesdeforja.es\/en\/#organization"},"alternateName":"Salcedo Sevilla","potentialAction":[{"@type":"SearchAction","target":{"@type":"EntryPoint","urlTemplate":"https:\/\/farolesdeforja.es\/en\/?s={search_term_string}"},"query-input":{"@type":"PropertyValueSpecification","valueRequired":true,"valueName":"search_term_string"}}],"inLanguage":"en-US"},{"@type":"Organization","@id":"https:\/\/farolesdeforja.es\/en\/#organization","name":"Salcedo Sevilla","url":"https:\/\/farolesdeforja.es\/en\/","logo":{"@type":"ImageObject","inLanguage":"en-US","@id":"https:\/\/farolesdeforja.es\/en\/#\/schema\/logo\/image\/","url":"https:\/\/farolesdeforja.es\/wp-content\/uploads\/2018\/04\/cropped-favicon.png","contentUrl":"https:\/\/farolesdeforja.es\/wp-content\/uploads\/2018\/04\/cropped-favicon.png","width":512,"height":512,"caption":"Salcedo Sevilla"},"image":{"@id":"https:\/\/farolesdeforja.es\/en\/#\/schema\/logo\/image\/"},"sameAs":["https:\/\/www.facebook.com\/salcedosevilla","https:\/\/www.instagram.com\/farolesdeforja\/","https:\/\/www.pinterest.com\/Farolesdeforja\/"]},{"@type":"Person","@id":"https:\/\/farolesdeforja.es\/en\/#\/schema\/person\/185596d815bcbc7cda6427e9ad4b8b6f","name":"Salcedo artesan\u00eda","image":{"@type":"ImageObject","inLanguage":"en-US","@id":"https:\/\/secure.gravatar.com\/avatar\/af0373de48c8f9f53bceda0eebe2f6e70f9d33d141bdb4966578d880b0105244?s=96&d=mm&r=g","url":"https:\/\/secure.gravatar.com\/avatar\/af0373de48c8f9f53bceda0eebe2f6e70f9d33d141bdb4966578d880b0105244?s=96&d=mm&r=g","contentUrl":"https:\/\/secure.gravatar.com\/avatar\/af0373de48c8f9f53bceda0eebe2f6e70f9d33d141bdb4966578d880b0105244?s=96&d=mm&r=g","caption":"Salcedo artesan\u00eda"}}]}},"uagb_featured_image_src":{"full":["https:\/\/farolesdeforja.es\/wp-content\/uploads\/2018\/05\/farol-rialto-4xe27.jpg",800,800,false],"thumbnail":["https:\/\/farolesdeforja.es\/wp-content\/uploads\/2018\/05\/farol-rialto-4xe27-150x150.jpg",150,150,true],"medium":["https:\/\/farolesdeforja.es\/wp-content\/uploads\/2018\/05\/farol-rialto-4xe27-300x300.jpg",300,300,true],"medium_large":["https:\/\/farolesdeforja.es\/wp-content\/uploads\/2018\/05\/farol-rialto-4xe27-768x768.jpg",768,768,true],"large":["https:\/\/farolesdeforja.es\/wp-content\/uploads\/2018\/05\/farol-rialto-4xe27.jpg",800,800,false],"1536x1536":["https:\/\/farolesdeforja.es\/wp-content\/uploads\/2018\/05\/farol-rialto-4xe27.jpg",800,800,false],"2048x2048":["https:\/\/farolesdeforja.es\/wp-content\/uploads\/2018\/05\/farol-rialto-4xe27.jpg",800,800,false],"bdpp-medium":["https:\/\/farolesdeforja.es\/wp-content\/uploads\/2018\/05\/farol-rialto-4xe27.jpg",480,480,false],"woocommerce_thumbnail":["https:\/\/farolesdeforja.es\/wp-content\/uploads\/2018\/05\/farol-rialto-4xe27-300x300.jpg",300,300,true],"woocommerce_single":["https:\/\/farolesdeforja.es\/wp-content\/uploads\/2018\/05\/farol-rialto-4xe27-600x600.jpg",600,600,true],"woocommerce_gallery_thumbnail":["https:\/\/farolesdeforja.es\/wp-content\/uploads\/2018\/05\/farol-rialto-4xe27-100x100.jpg",100,100,true]},"uagb_author_info":{"display_name":"Salcedo artesan\u00eda","author_link":"https:\/\/farolesdeforja.es\/en\/author\/businessgo\/"},"uagb_comment_info":0,"uagb_excerpt":"Ya sea con reproducciones de piezas antiguas o con faroles de forja antiguos o antig\u00fcedades, introducir una pieza que denote antig\u00fcedad marca la diferencia en cualquier espacio. De hecho, cada vez son m\u00e1s los decoradores de distintos pa\u00edses que nos realizan encargos personalizados de faroles de forja como elemento protagonista para sus trabajos de interiorismo.&hellip;","_links":{"self":[{"href":"https:\/\/farolesdeforja.es\/en\/wp-json\/wp\/v2\/posts\/12525","targetHints":{"allow":["GET"]}}],"collection":[{"href":"https:\/\/farolesdeforja.es\/en\/wp-json\/wp\/v2\/posts"}],"about":[{"href":"https:\/\/farolesdeforja.es\/en\/wp-json\/wp\/v2\/types\/post"}],"author":[{"embeddable":true,"href":"https:\/\/farolesdeforja.es\/en\/wp-json\/wp\/v2\/users\/1"}],"replies":[{"embeddable":true,"href":"https:\/\/farolesdeforja.es\/en\/wp-json\/wp\/v2\/comments?post=12525"}],"version-history":[{"count":0,"href":"https:\/\/farolesdeforja.es\/en\/wp-json\/wp\/v2\/posts\/12525\/revisions"}],"wp:featuredmedia":[{"embeddable":true,"href":"https:\/\/farolesdeforja.es\/en\/wp-json\/wp\/v2\/media\/804"}],"wp:attachment":[{"href":"https:\/\/farolesdeforja.es\/en\/wp-json\/wp\/v2\/media?parent=12525"}],"wp:term":[{"taxonomy":"category","embeddable":true,"href":"https:\/\/farolesdeforja.es\/en\/wp-json\/wp\/v2\/categories?post=12525"},{"taxonomy":"post_tag","embeddable":true,"href":"https:\/\/farolesdeforja.es\/en\/wp-json\/wp\/v2\/tags?post=12525"}],"curies":[{"name":"wp","href":"https:\/\/api.w.org\/{rel}","templated":true}]}}