{"id":12479,"date":"2020-02-25T13:49:34","date_gmt":"2020-02-25T12:49:34","guid":{"rendered":"https:\/\/farolesdeforja.es\/?p=12479"},"modified":"2020-02-25T13:49:34","modified_gmt":"2020-02-25T12:49:34","slug":"faroles-forja-antiguos-cofradias","status":"publish","type":"post","link":"https:\/\/farolesdeforja.es\/en\/faroles-forja-antiguos-cofradias\/","title":{"rendered":"Faroles de forja antiguos para cofrad\u00edas"},"content":{"rendered":"<p>Empieza la Cuaresma y con ello, se acerca la fecha m\u00e1s importante para los cofrades. Es hora de ir preparando los <strong>enseres para la Semana Santa<\/strong> y las priost\u00edas ya est\u00e1n trabajando de lleno para tenerlo todo a punto. La iluminaci\u00f3n es importante para realzar durante la noche los pasos, tronos, andas o el cortejo y sus insignias. Una tradici\u00f3n de siglos que en Artesan\u00eda Salcedo tenemos en cuenta, creando <strong><a href=\"https:\/\/farolesdeforja.es\/faroles-de-forja-antiguos-como-nuevos\/\">faroles de forja inspirados en los antiguos<\/a><\/strong>.<\/p>\n<p>De nuestras manos salen obras influidas por las d\u00e9cadas que llevamos viendo pasar por la puerta de nuestra tienda a numerosas hermandades de Sevilla. Esto nos llev\u00f3 a crear una serie de <strong><a href=\"https:\/\/farolesdeforja.es\/faroles-procesionales\/\">faroles procesionales<\/a><\/strong> cuyos modelos han llegado a muchos puntos del pa\u00eds, desde Andaluc\u00eda hasta La Rioja. Actualmente podemos verlos en los cortejos que desfilan durante los d\u00edas m\u00e1s importantes del calendario cofrade.<\/p>\n<h2>Los faroles de forja m\u00e1s cofrades<\/h2>\n<p>Como muestra de lo que podemos hacer para las <strong>hermandades y cofrad\u00edas<\/strong>, presentamos un par de art\u00edculos de nuestro cat\u00e1logo. Por supuesto, estamos abiertos a escuchar propuestas y adaptar nuestros dise\u00f1os o realizarlos totalmente nuevos.<\/p>\n<p><img loading=\"lazy\" decoding=\"async\" class=\"size-medium wp-image-4332 aligncenter\" src=\"https:\/\/farolesdeforja.es\/wp-content\/uploads\/2019\/03\/altozano-con-mstil-300x300.jpg\" alt=\"farol Altozano con m\u00e1stil\" width=\"300\" height=\"300\" srcset=\"https:\/\/farolesdeforja.es\/wp-content\/uploads\/2019\/03\/altozano-con-mstil-300x300.jpg 300w, https:\/\/farolesdeforja.es\/wp-content\/uploads\/2019\/03\/altozano-con-mstil-150x150.jpg 150w, https:\/\/farolesdeforja.es\/wp-content\/uploads\/2019\/03\/altozano-con-mstil-768x768.jpg 768w, https:\/\/farolesdeforja.es\/wp-content\/uploads\/2019\/03\/altozano-con-mstil-600x600.jpg 600w, https:\/\/farolesdeforja.es\/wp-content\/uploads\/2019\/03\/altozano-con-mstil-100x100.jpg 100w, https:\/\/farolesdeforja.es\/wp-content\/uploads\/2019\/03\/altozano-con-mstil-266x266.jpg 266w, https:\/\/farolesdeforja.es\/wp-content\/uploads\/2019\/03\/altozano-con-mstil.jpg 800w\" sizes=\"auto, (max-width: 300px) 100vw, 300px\" \/><\/p>\n<ul>\n<li><strong>Farol Altozano con m\u00e1stil<\/strong>. Una adaptaci\u00f3n del modelo original, un farol de techo. En este caso, cuenta con una base para incorporarle un m\u00e1stil y as\u00ed portarlo durante la procesi\u00f3n. Llama la atenci\u00f3n el tipo de vidrio que forma parte del conjunto, ya que es el conocido como &#8220;chorro de arena&#8221;.<\/li>\n<\/ul>\n<p><img loading=\"lazy\" decoding=\"async\" class=\"size-medium wp-image-4507 aligncenter\" src=\"https:\/\/farolesdeforja.es\/wp-content\/uploads\/2019\/03\/estrella-leran-300x300.jpg\" alt=\"Farol Estrella Ler\u00e1n\" width=\"300\" height=\"300\" srcset=\"https:\/\/farolesdeforja.es\/wp-content\/uploads\/2019\/03\/estrella-leran-300x300.jpg 300w, https:\/\/farolesdeforja.es\/wp-content\/uploads\/2019\/03\/estrella-leran-150x150.jpg 150w, https:\/\/farolesdeforja.es\/wp-content\/uploads\/2019\/03\/estrella-leran-768x768.jpg 768w, https:\/\/farolesdeforja.es\/wp-content\/uploads\/2019\/03\/estrella-leran-600x600.jpg 600w, https:\/\/farolesdeforja.es\/wp-content\/uploads\/2019\/03\/estrella-leran-100x100.jpg 100w, https:\/\/farolesdeforja.es\/wp-content\/uploads\/2019\/03\/estrella-leran-266x266.jpg 266w, https:\/\/farolesdeforja.es\/wp-content\/uploads\/2019\/03\/estrella-leran.jpg 800w\" sizes=\"auto, (max-width: 300px) 100vw, 300px\" \/><\/p>\n<ul>\n<li><a href=\"https:\/\/farolesdeforja.es\/tienda\/faroles\/faroles-sobre-muro\/farol-estrella-leran\/\"><strong>Farol Estrella Ler\u00e1n<\/strong><\/a>. Puede resultar muy llamativo por su forma, pero tiene su origen en faroles de forja antiguos m\u00e1s comunes en otras \u00e9pocas de la Semana Santa. La estrella simboliza &#8220;la gu\u00eda&#8221; en el contexto religioso, por lo que elegir este modelo puede ser muy significativo. Otro ejemplo es el <strong><a href=\"https:\/\/farolesdeforja.es\/tienda\/faroles\/farol-estrella-corona\/\">Estrella Corona<\/a><\/strong>.<\/li>\n<\/ul>\n<p>Nuestros talleres ya est\u00e1n ultimando detalles de los estrenos de esta Semana Santa salidos de <strong>Artesan\u00eda Salcedo<\/strong>. Si quieres tener uno de ellos, estaremos encantados de ampliar el patrimonio de tu hermandad.<\/p>\n<p>&nbsp;<\/p>\n","protected":false},"excerpt":{"rendered":"<p>Empieza la Cuaresma y con ello, se acerca la fecha m\u00e1s importante para los cofrades. Es hora de ir preparando los enseres para la Semana Santa y las priost\u00edas ya est\u00e1n trabajando de lleno para tenerlo todo a punto. La iluminaci\u00f3n es importante para realzar durante la noche los pasos, tronos, andas o el cortejo [&hellip;]<\/p>\n","protected":false},"author":1,"featured_media":12483,"comment_status":"open","ping_status":"open","sticky":false,"template":"","format":"standard","meta":{"inline_featured_image":false,"_uag_custom_page_level_css":"","site-sidebar-layout":"default","site-content-layout":"","ast-site-content-layout":"default","site-content-style":"default","site-sidebar-style":"default","ast-global-header-display":"","ast-banner-title-visibility":"","ast-main-header-display":"","ast-hfb-above-header-display":"","ast-hfb-below-header-display":"","ast-hfb-mobile-header-display":"","site-post-title":"","ast-breadcrumbs-content":"","ast-featured-img":"","footer-sml-layout":"","ast-disable-related-posts":"","theme-transparent-header-meta":"","adv-header-id-meta":"","stick-header-meta":"","header-above-stick-meta":"","header-main-stick-meta":"","header-below-stick-meta":"","astra-migrate-meta-layouts":"default","ast-page-background-enabled":"default","ast-page-background-meta":{"desktop":{"background-color":"var(--ast-global-color-4)","background-image":"","background-repeat":"repeat","background-position":"center center","background-size":"auto","background-attachment":"scroll","background-type":"","background-media":"","overlay-type":"","overlay-color":"","overlay-opacity":"","overlay-gradient":""},"tablet":{"background-color":"","background-image":"","background-repeat":"repeat","background-position":"center center","background-size":"auto","background-attachment":"scroll","background-type":"","background-media":"","overlay-type":"","overlay-color":"","overlay-opacity":"","overlay-gradient":""},"mobile":{"background-color":"","background-image":"","background-repeat":"repeat","background-position":"center center","background-size":"auto","background-attachment":"scroll","background-type":"","background-media":"","overlay-type":"","overlay-color":"","overlay-opacity":"","overlay-gradient":""}},"ast-content-background-meta":{"desktop":{"background-color":"var(--ast-global-color-5)","background-image":"","background-repeat":"repeat","background-position":"center center","background-size":"auto","background-attachment":"scroll","background-type":"","background-media":"","overlay-type":"","overlay-color":"","overlay-opacity":"","overlay-gradient":""},"tablet":{"background-color":"var(--ast-global-color-5)","background-image":"","background-repeat":"repeat","background-position":"center center","background-size":"auto","background-attachment":"scroll","background-type":"","background-media":"","overlay-type":"","overlay-color":"","overlay-opacity":"","overlay-gradient":""},"mobile":{"background-color":"var(--ast-global-color-5)","background-image":"","background-repeat":"repeat","background-position":"center center","background-size":"auto","background-attachment":"scroll","background-type":"","background-media":"","overlay-type":"","overlay-color":"","overlay-opacity":"","overlay-gradient":""}},"footnotes":""},"categories":[226,161],"tags":[150,255,151,256,154],"class_list":["post-12479","post","type-post","status-publish","format-standard","has-post-thumbnail","hentry","category-artesania-salcedo","category-semana-santa","tag-artesania-cofrade","tag-faroles-de-forja-antiguos","tag-faroles-procesionales","tag-hermandades-y-cofradias","tag-semana-santa"],"yoast_head":"<!-- This site is optimized with the Yoast SEO plugin v27.4 - https:\/\/yoast.com\/product\/yoast-seo-wordpress\/ -->\n<title>Faroles de forja antiguos para cofrad\u00edas | Faroles de forja y Mobiliario de forja art\u00edstica | Artesan\u00eda Salcedo Sevilla<\/title>\n<meta name=\"description\" content=\"Nuestros faroles de forja procesionales siguen el ejemplo de los antiguos, fundi\u00e9ndose en la tradici\u00f3n con piezas nuevas.\" \/>\n<meta name=\"robots\" content=\"index, follow, max-snippet:-1, max-image-preview:large, max-video-preview:-1\" \/>\n<link rel=\"canonical\" href=\"https:\/\/farolesdeforja.es\/en\/faroles-forja-antiguos-cofradias\/\" \/>\n<meta property=\"og:locale\" content=\"en_US\" \/>\n<meta property=\"og:type\" content=\"article\" \/>\n<meta property=\"og:title\" content=\"Faroles de forja antiguos para cofrad\u00edas | Faroles de forja y Mobiliario de forja art\u00edstica | Artesan\u00eda Salcedo Sevilla\" \/>\n<meta property=\"og:description\" content=\"Nuestros faroles de forja procesionales siguen el ejemplo de los antiguos, fundi\u00e9ndose en la tradici\u00f3n con piezas nuevas.\" \/>\n<meta property=\"og:url\" content=\"https:\/\/farolesdeforja.es\/en\/faroles-forja-antiguos-cofradias\/\" \/>\n<meta property=\"og:site_name\" content=\"Faroles de forja y Mobiliario de forja art\u00edstica | Artesan\u00eda Salcedo Sevilla\" \/>\n<meta property=\"article:publisher\" content=\"https:\/\/www.facebook.com\/salcedosevilla\" \/>\n<meta property=\"article:published_time\" content=\"2020-02-25T12:49:34+00:00\" \/>\n<meta property=\"og:image\" content=\"https:\/\/farolesdeforja.es\/wp-content\/uploads\/2020\/02\/faroles-forja-antiguos-cofradias.jpg\" \/>\n\t<meta property=\"og:image:width\" content=\"884\" \/>\n\t<meta property=\"og:image:height\" content=\"663\" \/>\n\t<meta property=\"og:image:type\" content=\"image\/jpeg\" \/>\n<meta name=\"author\" content=\"Salcedo artesan\u00eda\" \/>\n<meta name=\"twitter:card\" content=\"summary_large_image\" \/>\n<meta name=\"twitter:label1\" content=\"Written by\" \/>\n\t<meta name=\"twitter:data1\" content=\"Salcedo artesan\u00eda\" \/>\n\t<meta name=\"twitter:label2\" content=\"Est. reading time\" \/>\n\t<meta name=\"twitter:data2\" content=\"2 minutes\" \/>\n<script type=\"application\/ld+json\" class=\"yoast-schema-graph\">{\"@context\":\"https:\\\/\\\/schema.org\",\"@graph\":[{\"@type\":\"Article\",\"@id\":\"https:\\\/\\\/farolesdeforja.es\\\/en\\\/faroles-forja-antiguos-cofradias\\\/#article\",\"isPartOf\":{\"@id\":\"https:\\\/\\\/farolesdeforja.es\\\/en\\\/faroles-forja-antiguos-cofradias\\\/\"},\"author\":{\"name\":\"Salcedo artesan\u00eda\",\"@id\":\"https:\\\/\\\/farolesdeforja.es\\\/en\\\/#\\\/schema\\\/person\\\/185596d815bcbc7cda6427e9ad4b8b6f\"},\"headline\":\"Faroles de forja antiguos para cofrad\u00edas\",\"datePublished\":\"2020-02-25T12:49:34+00:00\",\"mainEntityOfPage\":{\"@id\":\"https:\\\/\\\/farolesdeforja.es\\\/en\\\/faroles-forja-antiguos-cofradias\\\/\"},\"wordCount\":352,\"commentCount\":0,\"publisher\":{\"@id\":\"https:\\\/\\\/farolesdeforja.es\\\/en\\\/#organization\"},\"image\":{\"@id\":\"https:\\\/\\\/farolesdeforja.es\\\/en\\\/faroles-forja-antiguos-cofradias\\\/#primaryimage\"},\"thumbnailUrl\":\"https:\\\/\\\/farolesdeforja.es\\\/wp-content\\\/uploads\\\/2020\\\/02\\\/faroles-forja-antiguos-cofradias.jpg\",\"keywords\":[\"artesan\u00eda cofrade\",\"faroles de forja antiguos\",\"faroles procesionales\",\"hermandades y cofrad\u00edas\",\"semana santa\"],\"articleSection\":[\"Artesan\u00eda Salcedo\",\"Semana Santa\"],\"inLanguage\":\"en-US\"},{\"@type\":\"WebPage\",\"@id\":\"https:\\\/\\\/farolesdeforja.es\\\/en\\\/faroles-forja-antiguos-cofradias\\\/\",\"url\":\"https:\\\/\\\/farolesdeforja.es\\\/en\\\/faroles-forja-antiguos-cofradias\\\/\",\"name\":\"Faroles de forja antiguos para cofrad\u00edas | Faroles de forja y Mobiliario de forja art\u00edstica | Artesan\u00eda Salcedo Sevilla\",\"isPartOf\":{\"@id\":\"https:\\\/\\\/farolesdeforja.es\\\/en\\\/#website\"},\"primaryImageOfPage\":{\"@id\":\"https:\\\/\\\/farolesdeforja.es\\\/en\\\/faroles-forja-antiguos-cofradias\\\/#primaryimage\"},\"image\":{\"@id\":\"https:\\\/\\\/farolesdeforja.es\\\/en\\\/faroles-forja-antiguos-cofradias\\\/#primaryimage\"},\"thumbnailUrl\":\"https:\\\/\\\/farolesdeforja.es\\\/wp-content\\\/uploads\\\/2020\\\/02\\\/faroles-forja-antiguos-cofradias.jpg\",\"datePublished\":\"2020-02-25T12:49:34+00:00\",\"description\":\"Nuestros faroles de forja procesionales siguen el ejemplo de los antiguos, fundi\u00e9ndose en la tradici\u00f3n con piezas nuevas.\",\"breadcrumb\":{\"@id\":\"https:\\\/\\\/farolesdeforja.es\\\/en\\\/faroles-forja-antiguos-cofradias\\\/#breadcrumb\"},\"inLanguage\":\"en-US\",\"potentialAction\":[{\"@type\":\"ReadAction\",\"target\":[\"https:\\\/\\\/farolesdeforja.es\\\/en\\\/faroles-forja-antiguos-cofradias\\\/\"]}]},{\"@type\":\"ImageObject\",\"inLanguage\":\"en-US\",\"@id\":\"https:\\\/\\\/farolesdeforja.es\\\/en\\\/faroles-forja-antiguos-cofradias\\\/#primaryimage\",\"url\":\"https:\\\/\\\/farolesdeforja.es\\\/wp-content\\\/uploads\\\/2020\\\/02\\\/faroles-forja-antiguos-cofradias.jpg\",\"contentUrl\":\"https:\\\/\\\/farolesdeforja.es\\\/wp-content\\\/uploads\\\/2020\\\/02\\\/faroles-forja-antiguos-cofradias.jpg\",\"width\":884,\"height\":663,\"caption\":\"Faroles de forja antiguos para cofrad\u00edas\"},{\"@type\":\"BreadcrumbList\",\"@id\":\"https:\\\/\\\/farolesdeforja.es\\\/en\\\/faroles-forja-antiguos-cofradias\\\/#breadcrumb\",\"itemListElement\":[{\"@type\":\"ListItem\",\"position\":1,\"name\":\"Inicio\",\"item\":\"https:\\\/\\\/farolesdeforja.es\\\/en\\\/\"},{\"@type\":\"ListItem\",\"position\":2,\"name\":\"Faroles de forja antiguos para cofrad\u00edas\"}]},{\"@type\":\"WebSite\",\"@id\":\"https:\\\/\\\/farolesdeforja.es\\\/en\\\/#website\",\"url\":\"https:\\\/\\\/farolesdeforja.es\\\/en\\\/\",\"name\":\"Faroles de forja y Mobiliario de forja art\u00edstica | Artesan\u00eda Salcedo Sevilla\",\"description\":\"Faroles de forja y mobiliario fabricados de forma artesanal desde 1971. Artesan\u00eda Salcedo es referente en forja art\u00edstica en Sevilla. Compra online de faroles de forja y env\u00edo GRATIS en casi todos los art\u00edculos \u00a1Personalizamos cualquier pieza!\",\"publisher\":{\"@id\":\"https:\\\/\\\/farolesdeforja.es\\\/en\\\/#organization\"},\"alternateName\":\"Salcedo Sevilla\",\"potentialAction\":[{\"@type\":\"SearchAction\",\"target\":{\"@type\":\"EntryPoint\",\"urlTemplate\":\"https:\\\/\\\/farolesdeforja.es\\\/en\\\/?s={search_term_string}\"},\"query-input\":{\"@type\":\"PropertyValueSpecification\",\"valueRequired\":true,\"valueName\":\"search_term_string\"}}],\"inLanguage\":\"en-US\"},{\"@type\":\"Organization\",\"@id\":\"https:\\\/\\\/farolesdeforja.es\\\/en\\\/#organization\",\"name\":\"Salcedo Sevilla\",\"url\":\"https:\\\/\\\/farolesdeforja.es\\\/en\\\/\",\"logo\":{\"@type\":\"ImageObject\",\"inLanguage\":\"en-US\",\"@id\":\"https:\\\/\\\/farolesdeforja.es\\\/en\\\/#\\\/schema\\\/logo\\\/image\\\/\",\"url\":\"https:\\\/\\\/farolesdeforja.es\\\/wp-content\\\/uploads\\\/2018\\\/04\\\/cropped-favicon.png\",\"contentUrl\":\"https:\\\/\\\/farolesdeforja.es\\\/wp-content\\\/uploads\\\/2018\\\/04\\\/cropped-favicon.png\",\"width\":512,\"height\":512,\"caption\":\"Salcedo Sevilla\"},\"image\":{\"@id\":\"https:\\\/\\\/farolesdeforja.es\\\/en\\\/#\\\/schema\\\/logo\\\/image\\\/\"},\"sameAs\":[\"https:\\\/\\\/www.facebook.com\\\/salcedosevilla\",\"https:\\\/\\\/www.instagram.com\\\/farolesdeforja\\\/\",\"https:\\\/\\\/www.pinterest.com\\\/Farolesdeforja\\\/\"]},{\"@type\":\"Person\",\"@id\":\"https:\\\/\\\/farolesdeforja.es\\\/en\\\/#\\\/schema\\\/person\\\/185596d815bcbc7cda6427e9ad4b8b6f\",\"name\":\"Salcedo artesan\u00eda\",\"image\":{\"@type\":\"ImageObject\",\"inLanguage\":\"en-US\",\"@id\":\"https:\\\/\\\/secure.gravatar.com\\\/avatar\\\/af0373de48c8f9f53bceda0eebe2f6e70f9d33d141bdb4966578d880b0105244?s=96&d=mm&r=g\",\"url\":\"https:\\\/\\\/secure.gravatar.com\\\/avatar\\\/af0373de48c8f9f53bceda0eebe2f6e70f9d33d141bdb4966578d880b0105244?s=96&d=mm&r=g\",\"contentUrl\":\"https:\\\/\\\/secure.gravatar.com\\\/avatar\\\/af0373de48c8f9f53bceda0eebe2f6e70f9d33d141bdb4966578d880b0105244?s=96&d=mm&r=g\",\"caption\":\"Salcedo artesan\u00eda\"}}]}<\/script>\n<!-- \/ Yoast SEO plugin. -->","yoast_head_json":{"title":"Faroles de forja antiguos para cofrad\u00edas | Faroles de forja y Mobiliario de forja art\u00edstica | Artesan\u00eda Salcedo Sevilla","description":"Nuestros faroles de forja procesionales siguen el ejemplo de los antiguos, fundi\u00e9ndose en la tradici\u00f3n con piezas nuevas.","robots":{"index":"index","follow":"follow","max-snippet":"max-snippet:-1","max-image-preview":"max-image-preview:large","max-video-preview":"max-video-preview:-1"},"canonical":"https:\/\/farolesdeforja.es\/en\/faroles-forja-antiguos-cofradias\/","og_locale":"en_US","og_type":"article","og_title":"Faroles de forja antiguos para cofrad\u00edas | Faroles de forja y Mobiliario de forja art\u00edstica | Artesan\u00eda Salcedo Sevilla","og_description":"Nuestros faroles de forja procesionales siguen el ejemplo de los antiguos, fundi\u00e9ndose en la tradici\u00f3n con piezas nuevas.","og_url":"https:\/\/farolesdeforja.es\/en\/faroles-forja-antiguos-cofradias\/","og_site_name":"Faroles de forja y Mobiliario de forja art\u00edstica | Artesan\u00eda Salcedo Sevilla","article_publisher":"https:\/\/www.facebook.com\/salcedosevilla","article_published_time":"2020-02-25T12:49:34+00:00","og_image":[{"width":884,"height":663,"url":"https:\/\/farolesdeforja.es\/wp-content\/uploads\/2020\/02\/faroles-forja-antiguos-cofradias.jpg","type":"image\/jpeg"}],"author":"Salcedo artesan\u00eda","twitter_card":"summary_large_image","twitter_misc":{"Written by":"Salcedo artesan\u00eda","Est. reading time":"2 minutes"},"schema":{"@context":"https:\/\/schema.org","@graph":[{"@type":"Article","@id":"https:\/\/farolesdeforja.es\/en\/faroles-forja-antiguos-cofradias\/#article","isPartOf":{"@id":"https:\/\/farolesdeforja.es\/en\/faroles-forja-antiguos-cofradias\/"},"author":{"name":"Salcedo artesan\u00eda","@id":"https:\/\/farolesdeforja.es\/en\/#\/schema\/person\/185596d815bcbc7cda6427e9ad4b8b6f"},"headline":"Faroles de forja antiguos para cofrad\u00edas","datePublished":"2020-02-25T12:49:34+00:00","mainEntityOfPage":{"@id":"https:\/\/farolesdeforja.es\/en\/faroles-forja-antiguos-cofradias\/"},"wordCount":352,"commentCount":0,"publisher":{"@id":"https:\/\/farolesdeforja.es\/en\/#organization"},"image":{"@id":"https:\/\/farolesdeforja.es\/en\/faroles-forja-antiguos-cofradias\/#primaryimage"},"thumbnailUrl":"https:\/\/farolesdeforja.es\/wp-content\/uploads\/2020\/02\/faroles-forja-antiguos-cofradias.jpg","keywords":["artesan\u00eda cofrade","faroles de forja antiguos","faroles procesionales","hermandades y cofrad\u00edas","semana santa"],"articleSection":["Artesan\u00eda Salcedo","Semana Santa"],"inLanguage":"en-US"},{"@type":"WebPage","@id":"https:\/\/farolesdeforja.es\/en\/faroles-forja-antiguos-cofradias\/","url":"https:\/\/farolesdeforja.es\/en\/faroles-forja-antiguos-cofradias\/","name":"Faroles de forja antiguos para cofrad\u00edas | Faroles de forja y Mobiliario de forja art\u00edstica | Artesan\u00eda Salcedo Sevilla","isPartOf":{"@id":"https:\/\/farolesdeforja.es\/en\/#website"},"primaryImageOfPage":{"@id":"https:\/\/farolesdeforja.es\/en\/faroles-forja-antiguos-cofradias\/#primaryimage"},"image":{"@id":"https:\/\/farolesdeforja.es\/en\/faroles-forja-antiguos-cofradias\/#primaryimage"},"thumbnailUrl":"https:\/\/farolesdeforja.es\/wp-content\/uploads\/2020\/02\/faroles-forja-antiguos-cofradias.jpg","datePublished":"2020-02-25T12:49:34+00:00","description":"Nuestros faroles de forja procesionales siguen el ejemplo de los antiguos, fundi\u00e9ndose en la tradici\u00f3n con piezas nuevas.","breadcrumb":{"@id":"https:\/\/farolesdeforja.es\/en\/faroles-forja-antiguos-cofradias\/#breadcrumb"},"inLanguage":"en-US","potentialAction":[{"@type":"ReadAction","target":["https:\/\/farolesdeforja.es\/en\/faroles-forja-antiguos-cofradias\/"]}]},{"@type":"ImageObject","inLanguage":"en-US","@id":"https:\/\/farolesdeforja.es\/en\/faroles-forja-antiguos-cofradias\/#primaryimage","url":"https:\/\/farolesdeforja.es\/wp-content\/uploads\/2020\/02\/faroles-forja-antiguos-cofradias.jpg","contentUrl":"https:\/\/farolesdeforja.es\/wp-content\/uploads\/2020\/02\/faroles-forja-antiguos-cofradias.jpg","width":884,"height":663,"caption":"Faroles de forja antiguos para cofrad\u00edas"},{"@type":"BreadcrumbList","@id":"https:\/\/farolesdeforja.es\/en\/faroles-forja-antiguos-cofradias\/#breadcrumb","itemListElement":[{"@type":"ListItem","position":1,"name":"Inicio","item":"https:\/\/farolesdeforja.es\/en\/"},{"@type":"ListItem","position":2,"name":"Faroles de forja antiguos para cofrad\u00edas"}]},{"@type":"WebSite","@id":"https:\/\/farolesdeforja.es\/en\/#website","url":"https:\/\/farolesdeforja.es\/en\/","name":"Faroles de forja y Mobiliario de forja art\u00edstica | Artesan\u00eda Salcedo Sevilla","description":"Faroles de forja y mobiliario fabricados de forma artesanal desde 1971. Artesan\u00eda Salcedo es referente en forja art\u00edstica en Sevilla. Compra online de faroles de forja y env\u00edo GRATIS en casi todos los art\u00edculos \u00a1Personalizamos cualquier pieza!","publisher":{"@id":"https:\/\/farolesdeforja.es\/en\/#organization"},"alternateName":"Salcedo Sevilla","potentialAction":[{"@type":"SearchAction","target":{"@type":"EntryPoint","urlTemplate":"https:\/\/farolesdeforja.es\/en\/?s={search_term_string}"},"query-input":{"@type":"PropertyValueSpecification","valueRequired":true,"valueName":"search_term_string"}}],"inLanguage":"en-US"},{"@type":"Organization","@id":"https:\/\/farolesdeforja.es\/en\/#organization","name":"Salcedo Sevilla","url":"https:\/\/farolesdeforja.es\/en\/","logo":{"@type":"ImageObject","inLanguage":"en-US","@id":"https:\/\/farolesdeforja.es\/en\/#\/schema\/logo\/image\/","url":"https:\/\/farolesdeforja.es\/wp-content\/uploads\/2018\/04\/cropped-favicon.png","contentUrl":"https:\/\/farolesdeforja.es\/wp-content\/uploads\/2018\/04\/cropped-favicon.png","width":512,"height":512,"caption":"Salcedo Sevilla"},"image":{"@id":"https:\/\/farolesdeforja.es\/en\/#\/schema\/logo\/image\/"},"sameAs":["https:\/\/www.facebook.com\/salcedosevilla","https:\/\/www.instagram.com\/farolesdeforja\/","https:\/\/www.pinterest.com\/Farolesdeforja\/"]},{"@type":"Person","@id":"https:\/\/farolesdeforja.es\/en\/#\/schema\/person\/185596d815bcbc7cda6427e9ad4b8b6f","name":"Salcedo artesan\u00eda","image":{"@type":"ImageObject","inLanguage":"en-US","@id":"https:\/\/secure.gravatar.com\/avatar\/af0373de48c8f9f53bceda0eebe2f6e70f9d33d141bdb4966578d880b0105244?s=96&d=mm&r=g","url":"https:\/\/secure.gravatar.com\/avatar\/af0373de48c8f9f53bceda0eebe2f6e70f9d33d141bdb4966578d880b0105244?s=96&d=mm&r=g","contentUrl":"https:\/\/secure.gravatar.com\/avatar\/af0373de48c8f9f53bceda0eebe2f6e70f9d33d141bdb4966578d880b0105244?s=96&d=mm&r=g","caption":"Salcedo artesan\u00eda"}}]}},"uagb_featured_image_src":{"full":["https:\/\/farolesdeforja.es\/wp-content\/uploads\/2020\/02\/faroles-forja-antiguos-cofradias.jpg",884,663,false],"thumbnail":["https:\/\/farolesdeforja.es\/wp-content\/uploads\/2020\/02\/faroles-forja-antiguos-cofradias-150x150.jpg",150,150,true],"medium":["https:\/\/farolesdeforja.es\/wp-content\/uploads\/2020\/02\/faroles-forja-antiguos-cofradias-300x225.jpg",300,225,true],"medium_large":["https:\/\/farolesdeforja.es\/wp-content\/uploads\/2020\/02\/faroles-forja-antiguos-cofradias-768x576.jpg",768,576,true],"large":["https:\/\/farolesdeforja.es\/wp-content\/uploads\/2020\/02\/faroles-forja-antiguos-cofradias-1024x1024.jpg",1024,1024,true],"1536x1536":["https:\/\/farolesdeforja.es\/wp-content\/uploads\/2020\/02\/faroles-forja-antiguos-cofradias.jpg",884,663,false],"2048x2048":["https:\/\/farolesdeforja.es\/wp-content\/uploads\/2020\/02\/faroles-forja-antiguos-cofradias.jpg",884,663,false],"bdpp-medium":["https:\/\/farolesdeforja.es\/wp-content\/uploads\/2020\/02\/faroles-forja-antiguos-cofradias.jpg",640,480,false],"woocommerce_thumbnail":["https:\/\/farolesdeforja.es\/wp-content\/uploads\/2020\/02\/faroles-forja-antiguos-cofradias-300x300.jpg",300,300,true],"woocommerce_single":["https:\/\/farolesdeforja.es\/wp-content\/uploads\/2020\/02\/faroles-forja-antiguos-cofradias-600x450.jpg",600,450,true],"woocommerce_gallery_thumbnail":["https:\/\/farolesdeforja.es\/wp-content\/uploads\/2020\/02\/faroles-forja-antiguos-cofradias-100x100.jpg",100,100,true]},"uagb_author_info":{"display_name":"Salcedo artesan\u00eda","author_link":"https:\/\/farolesdeforja.es\/en\/author\/businessgo\/"},"uagb_comment_info":0,"uagb_excerpt":"Empieza la Cuaresma y con ello, se acerca la fecha m\u00e1s importante para los cofrades. Es hora de ir preparando los enseres para la Semana Santa y las priost\u00edas ya est\u00e1n trabajando de lleno para tenerlo todo a punto. La iluminaci\u00f3n es importante para realzar durante la noche los pasos, tronos, andas o el cortejo&hellip;","_links":{"self":[{"href":"https:\/\/farolesdeforja.es\/en\/wp-json\/wp\/v2\/posts\/12479","targetHints":{"allow":["GET"]}}],"collection":[{"href":"https:\/\/farolesdeforja.es\/en\/wp-json\/wp\/v2\/posts"}],"about":[{"href":"https:\/\/farolesdeforja.es\/en\/wp-json\/wp\/v2\/types\/post"}],"author":[{"embeddable":true,"href":"https:\/\/farolesdeforja.es\/en\/wp-json\/wp\/v2\/users\/1"}],"replies":[{"embeddable":true,"href":"https:\/\/farolesdeforja.es\/en\/wp-json\/wp\/v2\/comments?post=12479"}],"version-history":[{"count":0,"href":"https:\/\/farolesdeforja.es\/en\/wp-json\/wp\/v2\/posts\/12479\/revisions"}],"wp:featuredmedia":[{"embeddable":true,"href":"https:\/\/farolesdeforja.es\/en\/wp-json\/wp\/v2\/media\/12483"}],"wp:attachment":[{"href":"https:\/\/farolesdeforja.es\/en\/wp-json\/wp\/v2\/media?parent=12479"}],"wp:term":[{"taxonomy":"category","embeddable":true,"href":"https:\/\/farolesdeforja.es\/en\/wp-json\/wp\/v2\/categories?post=12479"},{"taxonomy":"post_tag","embeddable":true,"href":"https:\/\/farolesdeforja.es\/en\/wp-json\/wp\/v2\/tags?post=12479"}],"curies":[{"name":"wp","href":"https:\/\/api.w.org\/{rel}","templated":true}]}}